{"id":79453,"date":"2024-06-25T00:07:15","date_gmt":"2024-06-25T00:07:15","guid":{"rendered":"https:\/\/www.ole.com.ar\/futbol-internacional\/video-herrera-explico-cambio-fallo-parlantes-estadio-colombia-paraguay_0_Er6O4F3EB0.html"},"modified":"2024-06-25T00:07:15","modified_gmt":"2024-06-25T00:07:15","slug":"video-herrera-explico-que-cambio-el-fallo-por-los-parlantes-del-estadio","status":"publish","type":"post","link":"http:\/\/hoycordobaweb.com\/index.php\/2024\/06\/25\/video-herrera-explico-que-cambio-el-fallo-por-los-parlantes-del-estadio\/","title":{"rendered":"Video: Herrera explic\u00f3 que cambi\u00f3 el fallo por los parlantes del estadio"},"content":{"rendered":"<p><img src=\"http:\/\/hoycordobaweb.com\/wp-content\/uploads\/2024\/06\/video-herrera-explico-que-cambio-el-fallo-por-los-parlantes-del-estadio.jpg\"><\/p>\n<div><img src=\"http:\/\/hoycordobaweb.com\/wp-content\/uploads\/2024\/06\/video-herrera-explico-que-cambio-el-fallo-por-los-parlantes-del-estadio.jpg\" class=\"ff-og-image-inserted\"><\/div>\n<div readability=\"12.346733668342\">\n<p><strong>Dar\u00edo Herrera <\/strong>se estren\u00f3 como \u00e1rbitro de altoparlante en la <strong><a href=\"https:\/\/www.ole.com.ar\/tema\/copa-america.html\" title=\"Copa America\" alt=\"Copa America\" class=\"slug\">Copa Am\u00e9rica<\/a><\/strong>. Sobre el final del partido que <a href=\"https:\/\/www.ole.com.ar\/usa\/copa-america\/seleccion-colombia-paraguay-copa-america-debut-primera-fecha-jornada-1-hoy-vivo-juega-resultado-marcador-gol-vivo-ver_0_DtdKNFEETV.html\" target=\"_self\" title=\"Colombia le gan\u00f3 2 a 1 a Paraguay\" alt=\"Colombia le gan\u00f3 2 a 1 a Paraguay\" rel=\"noopener noreferrer\">Colombia le gan\u00f3 2 a 1 a Paraguay<\/a>, el refer\u00ed sancion\u00f3 penal para los Cafeteros por un supuesto foul de Vel\u00e1zquez sobre Jerry Mina, luego de un centro de James Rodr\u00edguez. Pero los jueces del video, el argentino Silvio Trucco y el chileno Rodrigo Carvajal, lo invitaron a una revisi\u00f3n. <\/p>\n<\/div>\n<div readability=\"18\">\n<p>Luego del procedimiento, y tras observar la jugada unos pocos segundos, Herrera se dio vuelta y utiliz\u00f3 los parlantes del estadio para explicar su decisi\u00f3n:<strong> \u00abBien, perfecto. Luego de la revisi\u00f3n, observo que el jugador 25 (Vel\u00e1zquez) no realiza falta, mi reanudaci\u00f3n es con bote a tierra\u00bb. Lo hizo en espa\u00f1ol, por supuesto. <\/strong>Comprensible porque la mayor\u00eda del p\u00fablico del estadio NRG de Houston, de Estados Unidos, fue hispanoparlante. <\/p>\n<\/div>\n<div readability=\"14\">\n<p>La tecnolog\u00eda ayud\u00f3 a Herrera. De todas maneras, desde lo t\u00e9cnico,<strong> result\u00f3 un error grave la sanci\u00f3n inicial, porque fue un contacto normal del juego<\/strong>. De ninguna manera pod\u00eda interpretar que hubo sujeci\u00f3n o desplazamiento, lo que indica el reglamento en estos casos para cobrar la infracci\u00f3n.<\/p>\n<\/div>\n","protected":false},"excerpt":{"rendered":"<p>Dar\u00edo Herrera se estren\u00f3 como \u00e1rbitro de altoparlante en la Copa Am\u00e9rica. Sobre el final del partido que Colombia le gan\u00f3 2 a 1 a Paraguay, el refer\u00ed sancion\u00f3 penal para los Cafeteros por un supuesto foul de Vel\u00e1zquez sobre Jerry Mina, luego de un centro de James Rodr\u00edguez. Pero los jueces del video, el [&hellip;]<\/p>\n","protected":false},"author":1,"featured_media":79454,"comment_status":"open","ping_status":"closed","sticky":false,"template":"","format":"standard","meta":[],"categories":[16],"tags":[],"_links":{"self":[{"href":"http:\/\/hoycordobaweb.com\/index.php\/wp-json\/wp\/v2\/posts\/79453"}],"collection":[{"href":"http:\/\/hoycordobaweb.com\/index.php\/wp-json\/wp\/v2\/posts"}],"about":[{"href":"http:\/\/hoycordobaweb.com\/index.php\/wp-json\/wp\/v2\/types\/post"}],"author":[{"embeddable":true,"href":"http:\/\/hoycordobaweb.com\/index.php\/wp-json\/wp\/v2\/users\/1"}],"replies":[{"embeddable":true,"href":"http:\/\/hoycordobaweb.com\/index.php\/wp-json\/wp\/v2\/comments?post=79453"}],"version-history":[{"count":0,"href":"http:\/\/hoycordobaweb.com\/index.php\/wp-json\/wp\/v2\/posts\/79453\/revisions"}],"wp:featuredmedia":[{"embeddable":true,"href":"http:\/\/hoycordobaweb.com\/index.php\/wp-json\/wp\/v2\/media\/79454"}],"wp:attachment":[{"href":"http:\/\/hoycordobaweb.com\/index.php\/wp-json\/wp\/v2\/media?parent=79453"}],"wp:term":[{"taxonomy":"category","embeddable":true,"href":"http:\/\/hoycordobaweb.com\/index.php\/wp-json\/wp\/v2\/categories?post=79453"},{"taxonomy":"post_tag","embeddable":true,"href":"http:\/\/hoycordobaweb.com\/index.php\/wp-json\/wp\/v2\/tags?post=79453"}],"curies":[{"name":"wp","href":"https:\/\/api.w.org\/{rel}","templated":true}]}}