{"id":79410,"date":"2024-06-24T02:54:00","date_gmt":"2024-06-24T02:54:00","guid":{"rendered":"http:\/\/hoycordobaweb.com\/index.php\/2024\/06\/24\/caso-loan-pena-acusan-al-comisario-detenido-por-apretar-vecinos-para-que-no-vayan-a-las-marchas\/"},"modified":"2024-06-24T02:54:00","modified_gmt":"2024-06-24T02:54:00","slug":"caso-loan-pena-acusan-al-comisario-detenido-por-apretar-vecinos-para-que-no-vayan-a-las-marchas","status":"publish","type":"post","link":"http:\/\/hoycordobaweb.com\/index.php\/2024\/06\/24\/caso-loan-pena-acusan-al-comisario-detenido-por-apretar-vecinos-para-que-no-vayan-a-las-marchas\/","title":{"rendered":"Caso Loan Pe\u00f1a: acusan al comisario detenido por \u00abapretar\u00bb vecinos para que no vayan a las marchas"},"content":{"rendered":"<div class=\"media_block\"><\/div>\n<div><img src=\"http:\/\/hoycordobaweb.com\/wp-content\/uploads\/2024\/06\/caso-loan-pena-acusan-al-comisario-detenido-por-apretar-vecinos-para-que-no-vayan-a-las-marchas-1.jpg\" class=\"ff-og-image-inserted\"><\/div>\n<p><strong>Hay <a target=\"_blank\" href=\"https:\/\/www.perfil.com\/noticias\/policia\/caso-loan-tres-nuevos-detenidos-rastros-del-chico-en-dos-vehiculos-y-un-viaje-sospechoso.phtml\" rel=\"noopener noreferrer\">seis detenidos<\/a> por la desaparici\u00f3n de <a target=\"_blank\" href=\"https:\/\/www.perfil.com\/noticias\/actualidad\/caso-loan-avanza-la-investigacion-y-allanan-dos-domicilios-en-resistencia.phtml\" rel=\"noopener noreferrer\">Loan Danilo Pe\u00f1a<\/a><\/strong>, el ni\u00f1o de 5 a\u00f1os que fue visto por \u00faltima vez el jueves 13 de junio en el paraje El Algarrobal, Corrientes. Por estas horas, la hip\u00f3tesis que cobra m\u00e1s fuerza es la de un secuestro, por lo que la car\u00e1tula de la causa pas\u00f3 de ser \u00ababandono de persona\u00bb a \u00abtrata de persona\u00bb. <strong>Entre los investigados aparece Walter Maciel, el comisario que estuvo, en un primer momento, a cargo de la pesquisa<\/strong>.<\/p>\n<p><strong>\u201cSi sabemos de algo, se los vamos a decir, estamos trabajando en la b\u00fasqueda\u201d, le dijo Maciel, de 43 a\u00f1os, a un grupo de vecinos<\/strong> que se manifestaron la semana pasada frente a la comisar\u00eda del pueblo para reclamar por el peque\u00f1o. \u201cLas personas est\u00e1n a cargo de la fiscal\u00eda y del juzgado, son esas personas las que deben hacer su trabajo como nosotros, entonces si nosotros necesitamos de ustedes se lo vamos a hacer saber como lo hicimos desde el primer momento\u201d, prometi\u00f3 y qued\u00f3 registrado en un video que se hizo viral.<\/p>\n<p>Sin embargo, el \u00faltimo viernes por la noche el titular de la comisar\u00eda de 9 de Julio <strong>fue detenido junto a una pareja integrada por la funcionaria municipal Victoria Caillava<\/strong> \u2014recientemente despedida\u2014&nbsp;<strong>y el exmarino Carlos P\u00e9rez<\/strong>, que estuvo en el \u00faltimo almuerzo en la casa de la abuela del desaparecido, y <a target=\"_blank\" href=\"https:\/\/www.perfil.com\/noticias\/policia\/caso-loan-confirmaron-que-el-exmarino-y-su-esposa-estuvieron-en-resistencia-despues-de-la-desaparicion.phtml\" rel=\"noopener noreferrer\">son apuntados como quienes se habr\u00edan llevado al ni\u00f1o<\/a> a Resistencia, Chaco. Maciel lleg\u00f3 a la localidad en febrero y ya qued\u00f3 se\u00f1alado como <strong>\u00abencubridor de la maniobra para el rapto del menor\u00bb<\/strong>, al demorar el inicio de la b\u00fasqueda y centrarse \u00fanicamente en la hip\u00f3tesis de la p\u00e9rdida.<\/p>\n<div class=\"subscription\" readability=\"6.683257918552\">\n<p>\nEsto no les gusta a los autoritarios\n<\/p>\n<div class=\"subscription__container\" readability=\"6.1467391304348\">\n<div class=\"subscription__text-wrapper\" readability=\"31.20652173913\">\n<p>\nEl ejercicio del periodismo profesional y cr\u00edtico es un pilar fundamental de la democracia. Por eso molesta a quienes creen ser los due\u00f1os de la verdad.\n<\/p>\n<\/p><\/div>\n<\/div><\/div>\n<p><strong>\u201cEl comisario me dijo que no haga la marcha\u00bb<\/strong>, declar\u00f3 Mar\u00eda, la madre de Loan a <em>TN<\/em>. Su testimonio es acorde a otras denuncias realizadas por los vecinos, que hablaron de \u201c<strong>aprietes<\/strong>\u201d. Seg\u00fan revel\u00f3 una investigaci\u00f3n de <em>Javier Firpo<\/em> para <em>Clar\u00edn<\/em>, <strong>unos 200 vecinos de la localidad, que hab\u00edan sido vistos en las marchas que exig\u00edan el hallazgo del ni\u00f1o, recibieron citaciones para dar explicaciones en el Juzgado de Goya<\/strong>, a una hora de 9 de Julio. \u201cLos motivos se dar\u00e1n a conocer una vez se presente en la fiscal\u00eda, munido de su documental de identidad\u201d, indicaba la carta enviada desde el Ministerio de Gobierno y Justicia y Derechos Humanos de Corrientes.<\/p>\n<p>\u00abNos mandaron lo peor de lo peor, un comisario con un pasado negro y varios antecedentes de acoso sexual y maltrato laboral\u00bb, le dijo un vecino a <em>Firpo<\/em>. \u00abEste Maciel es pesado, yo trat\u00e9 de evitarlo siempre, pero el tipo es avasallante, soberbio y se cre\u00eda el due\u00f1o de 9 de Julio. Fijate que <strong>lleg\u00f3 en febrero con antecedentes y cuatro meses despu\u00e9s ya est\u00e1 en cana por una acusaci\u00f3n re jodida. <\/strong>Y bueno, eso pasa por mandarnos lo peor. El intendente ten\u00eda raz\u00f3n\u00bb, sum\u00f3 otro, en referencia a cuando <strong>Hugo Sebasti\u00e1n Insaurralde pidi\u00f3 \u00abrevisar a la polic\u00eda\u00bb<\/strong> y que \u00abla Fuerza tenga un mayor compromiso con la b\u00fasqueda\u00bb.<\/p>\n<h2>Qui\u00e9n&nbsp;es Walter Maciel, el comisario detenido por la desaparici\u00f3n de Loan Pe\u00f1a<\/h2>\n<p>Maciel tambi\u00e9n tuvo problemas de conducta hacia el interior de la fuerza. <strong>En abril fue denunciado por Cristian Acevedo, suboficial ayudante<\/strong>, ante el comisario mayor Roque Nicol\u00e1s B\u00e1ez, de Goya. En el documento, difundido por <em>Clar\u00edn<\/em>, se explica que \u201ccasi la totalidad del personal con prestaci\u00f3n de servicio en esta dependencia me <strong>manifiestan su disconformidad con la forma de trato que el jefe de la comisar\u00eda, Walter Adri\u00e1n Maciel, tiene para con ellos, maltrat\u00e1ndolos verbalmente y psicol\u00f3gicamente<\/strong>, trat\u00e1ndolos de in\u00fatiles, denigr\u00e1ndolos por su condici\u00f3n f\u00edsica\u201d.<\/p>\n<p class=\"destacadoNota\"><a target=\"_blank\" href=\"https:\/\/www.perfil.com\/noticias\/sociedad\/cronologia-caso-loan-danilo-pena-desaparicion-busqueda-seis-detenidos-y-mil-hipotesis.phtml\" rel=\"noopener noreferrer\">Cronolog\u00eda del caso Loan Danilo Pe\u00f1a: desaparici\u00f3n, b\u00fasqueda, seis detenidos y la hip\u00f3tesis del tr\u00e1fico infantil<\/a><\/p>\n<p>\u00ab<strong>Tenemos personal que ha sufrido descompensaci\u00f3n por estr\u00e9s y mucha tensi\u00f3n que \u00e9l mismo genera<\/strong>, como as\u00ed tambi\u00e9n malestares estomacales y problemas para dormir, lo que provoca que el personal cometa errores, se exprese con dificultad y tenga trato brusco en las relaciones sociales. En lo personal tambi\u00e9n sufr\u00ed maltrato en presencia de personal civil como de mis subalternos\u201d, indicaba el polic\u00eda, se\u00f1alando que se trataba de una problem\u00e1tica diaria. <strong>\u201cA fin de que esto no pase a mayores solicitamos una soluci\u00f3n inmediata\u201d<\/strong>, ped\u00eda.<\/p>\n<p>Finalmente, <strong>Maciel fue despedido el viernes por la noche, a la vez que fue detenido<\/strong>. \u201cSe ha dispuesto la pasividad desde la fuerza policial y el inicio del sumario administrativo respectivo, mientras se siguen llevando adelante a\u00fan distintas tareas al respecto\u201d, detall\u00f3 el comunicado oficial. <strong>Jos\u00e9 Ra\u00fal Rodr\u00edguez lleg\u00f3 desde Goya para reemplazar a Maciel<\/strong> como jefe de la dependencia.<\/p>\n<p>Paralelamente, <strong>Yamila Cialone, la mam\u00e1 de <a target=\"_blank\" href=\"https:\/\/www.perfil.com\/noticias\/policia\/guadalupe-tres-anos-ningun-sospechoso-y-un-pedido-desesperado.phtml\" rel=\"noopener noreferrer\">Guadalupe Lucero<\/a><\/strong>, desaparecida el 14 de junio de 2021 en la capital de San Luis,<strong> dijo que Walter Maciel habr\u00eda colaborado en la b\u00fasqueda de su hija<\/strong>. Si bien no pudo asegurarlo, destac\u00f3 que esas son las versiones que le llegaron y mencion\u00f3 las similitudes entre la desaparici\u00f3n de ambos: ambos con 5 a\u00f1os, visitando a un familiar. \u201cLo de Loan fue un d\u00eda antes, el 13 de junio. Guada desapareci\u00f3 el 14, y hay cosas que se han hecho mal\u201d, destac\u00f3.<\/p>\n<h2>Fernando Burlando se sum\u00f3 al equipo que patrocina a la familia de Loan<\/h2>\n<p><strong>El abogado <a target=\"_blank\" href=\"https:\/\/www.perfil.com\/noticias\/policia\/es-miserable-la-indignacion-de-burlando-tras-la-entrevista-de-maximo-thomsen.phtml\" rel=\"noopener noreferrer\">Fernando Burlando<\/a> arribar\u00e1 a Corrientes para sumarse al equipo que asesora a la familia de Loan Pe\u00f1a<\/strong>. \u00abNo podemos dejar que esto le est\u00e9 pasando a una criatura\u00bb, sostuvo.<\/p>\n<p>\u00abEstamos ultimando detalles con uno de los hermanos de Loan y los colegas que est\u00e1n trabajando desde all\u00e1 para poder colaborar y sumarnos a este <strong>trabajo que es sumamente delicado y complicado<\/strong>\u00ab, cont\u00f3 en un comunicado el medi\u00e1tico letrado, a la vez que advirti\u00f3 que <strong>\u00abse perdi\u00f3 mucho tiempo\u00bb en torno al caso<\/strong>.<\/p>\n<p class=\"destacadoNota\"><a target=\"_blank\" href=\"https:\/\/www.perfil.com\/noticias\/politica\/patricia-bullrich-nombro-a-la-cordobesa-alejandra-monteoliva-como-secretaria-de-seguridad.phtml\" rel=\"noopener noreferrer\">Patricia Bullrich present\u00f3 la denuncia contra su exsecretario de Seguridad y lo reemplaz\u00f3 por la cordobesa Alejandra Monteoliva<\/a><\/p>\n<p>Burlando se\u00f1al\u00f3, en cuanto al desarrollo de la pesquisa, que se trata de \u00abdelitos cuyas investigaciones tienen que marchar de manera acelerada y contundente en los primeros momentos\u00bb.<strong> \u00abEste momento es tiempo de p\u00e9rdida mientras que no se encuentre a Loan\u00bb<\/strong>, estableci\u00f3.<\/p>\n<p>\u00abEsto se ha metido en todos los hogares. <strong>No podemos permitirnos que esto le pase a ninguna criatura<\/strong>. Parece que vivimos en una realidad del pasado\u00bb, se\u00f1al\u00f3 Burlando, a la vez que remarc\u00f3 que<strong> \u00abla trata no es broma\u00bb<\/strong> y hay que entender que es \u00abuna triste realidad\u00bb.<\/p>\n<p><em>ML \/ ED<\/em><\/p>\n<div class=\"article__tags\">\n<p>En esta Nota<\/p>\n<\/p><\/div>\n","protected":false},"excerpt":{"rendered":"<p>Hay seis detenidos por la desaparici\u00f3n de Loan Danilo Pe\u00f1a, el ni\u00f1o de 5 a\u00f1os que fue visto por \u00faltima vez el jueves 13 de junio en el paraje El Algarrobal, Corrientes. Por estas horas, la hip\u00f3tesis que cobra m\u00e1s fuerza es la de un secuestro, por lo que la car\u00e1tula de la causa pas\u00f3 [&hellip;]<\/p>\n","protected":false},"author":1,"featured_media":79411,"comment_status":"closed","ping_status":"closed","sticky":false,"template":"","format":"standard","meta":[],"categories":[19],"tags":[316,317,315,314],"_links":{"self":[{"href":"http:\/\/hoycordobaweb.com\/index.php\/wp-json\/wp\/v2\/posts\/79410"}],"collection":[{"href":"http:\/\/hoycordobaweb.com\/index.php\/wp-json\/wp\/v2\/posts"}],"about":[{"href":"http:\/\/hoycordobaweb.com\/index.php\/wp-json\/wp\/v2\/types\/post"}],"author":[{"embeddable":true,"href":"http:\/\/hoycordobaweb.com\/index.php\/wp-json\/wp\/v2\/users\/1"}],"replies":[{"embeddable":true,"href":"http:\/\/hoycordobaweb.com\/index.php\/wp-json\/wp\/v2\/comments?post=79410"}],"version-history":[{"count":0,"href":"http:\/\/hoycordobaweb.com\/index.php\/wp-json\/wp\/v2\/posts\/79410\/revisions"}],"wp:featuredmedia":[{"embeddable":true,"href":"http:\/\/hoycordobaweb.com\/index.php\/wp-json\/wp\/v2\/media\/79411"}],"wp:attachment":[{"href":"http:\/\/hoycordobaweb.com\/index.php\/wp-json\/wp\/v2\/media?parent=79410"}],"wp:term":[{"taxonomy":"category","embeddable":true,"href":"http:\/\/hoycordobaweb.com\/index.php\/wp-json\/wp\/v2\/categories?post=79410"},{"taxonomy":"post_tag","embeddable":true,"href":"http:\/\/hoycordobaweb.com\/index.php\/wp-json\/wp\/v2\/tags?post=79410"}],"curies":[{"name":"wp","href":"https:\/\/api.w.org\/{rel}","templated":true}]}}