{"id":79370,"date":"2024-06-23T14:53:22","date_gmt":"2024-06-23T14:53:22","guid":{"rendered":"https:\/\/www.mujerhoy.com\/moda\/no-te-pierdas\/look-rejuvenecedor-basicos-baratos-verano-zara-20240623165315-nt.html"},"modified":"2024-06-23T14:53:22","modified_gmt":"2024-06-23T14:53:22","slug":"estos-son-los-tres-basicos-imprescindibles-que-necesitas-para-vestir-bien-durante-los-dias-de-verano","status":"publish","type":"post","link":"http:\/\/hoycordobaweb.com\/index.php\/2024\/06\/23\/estos-son-los-tres-basicos-imprescindibles-que-necesitas-para-vestir-bien-durante-los-dias-de-verano\/","title":{"rendered":"Estos son los tres b\u00e1sicos imprescindibles que necesitas para vestir bien durante los d\u00edas de verano"},"content":{"rendered":"<p><!-- AUTHOR --> <\/p>\n<div class=\"voc-author-timesocial \"> <!-- AUTHOR --> <\/p>\n<div class=\"voc-author-timesocial__signature \">\n<div class=\"voc-author-timesocial__img-c\"> <!-- IMAGE AUTHOR --> <picture class=\"voc-image-signature\"> <img class=\"voc-image-signature__img\" src=\"http:\/\/hoycordobaweb.com\/wp-content\/uploads\/2024\/06\/estos-son-los-tres-basicos-imprescindibles-que-necesitas-para-vestir-bien-durante-los-dias-de-verano.jpg\" alt=\"Gemma Cano\"> <\/picture> <\/div>\n<p> <!-- INFO AUTHOR --> <\/p>\n<div class=\"voc-author-timesocial__info\">\n<div class=\"voc-author-info\"> <author> <a class=\"voc-author\" href=\"https:\/\/www.mujerhoy.com\/autor\/gemma-cano-1220.html\">Gemma Cano<\/a> <\/author> <time datetime=\"2024-06-23T14:53:22Z\" data-timestamp>Publicado \u00b7 <span data-voc-date-modified-short>23 de junio de 2024, 16:53 h<\/span><\/time> <\/div><\/div><\/div><\/div>\n<p> <!-- COMPONENTS --> <\/p>\n<p class=\"voc-paragraph\">La subida de las temperaturas trae consigo que nuestra agenda se llene de mil y un planes. Y cuando los term\u00f3metros se disparan, la inspiraci\u00f3n para vestirse cada d\u00eda suele caer en picado. Ahora m\u00e1s que nunca <strong>es el momento para apostar por los looks sencillos y vers\u00e1tiles<\/strong>, donde los b\u00e1sicos son los \u00fanicos protagonistas. <\/p>\n<p class=\"voc-paragraph\">Y aunque el vestido suele ser la prenda favorita de cualquier guardarropa estival, la falda midi se ha propuesto hacerle la competencia esta temporada. Combinada con un sencillo top de tirantes, de estilo lencero, y un bolso trenzado, conseguir\u00e1s <a data-voc-vtm-id=\"in-text-traffic\" href=\"https:\/\/www.mujerhoy.com\/moda\/no-te-pierdas\/basicos-verano-baratos-vaqueros-tipazo-2024-20240529173731-nt.html\">el look m\u00e1s favorecedor de todo el verano<\/a>.\n<\/p>\n<div class=\"voc-detail-photo-zoom\"> <picture data-toggle=\"modal\" data-target=\"#photoZoomModal-625\" target=\"modal\">\n<div class=\"voc-img-icon-link\"> <img loading=\"lazy\" src=\"http:\/\/hoycordobaweb.com\/wp-content\/uploads\/2024\/06\/estos-son-los-tres-basicos-imprescindibles-que-necesitas-para-vestir-bien-durante-los-dias-de-verano.webp\" width=\"650\" height=\"900\"> <noscript> <img src=\"http:\/\/hoycordobaweb.com\/wp-content\/uploads\/2024\/06\/estos-son-los-tres-basicos-imprescindibles-que-necesitas-para-vestir-bien-durante-los-dias-de-verano.webp\"> <\/noscript> <i class=\"voc-icons zoom voc-multimedia-box voc-ico-l\"><\/i> <\/div><figcaption class=\"figure-caption\"><\/figcaption><\/picture>\n<\/div>\n<div id=\"photoZoomModal-625\" class=\"voc-lightbox modal fade voc-lightbox--photo-zoom\" role=\"dialog\" data-voc-photozoom-lightbox>\n<div class=\"voc-lightbox__dialog\" role=\"document\">\n<div class=\"voc-lightbox__content\"> <!-- Modal header --> <!-- Modal content --> <\/p>\n<div class=\"voc-lightbox__photo-container\"> <picture class> <img loading=\"lazy\" src=\"http:\/\/hoycordobaweb.com\/wp-content\/uploads\/2024\/06\/estos-son-los-tres-basicos-imprescindibles-que-necesitas-para-vestir-bien-durante-los-dias-de-verano.webp\"> <noscript> <img src=\"http:\/\/hoycordobaweb.com\/wp-content\/uploads\/2024\/06\/estos-son-los-tres-basicos-imprescindibles-que-necesitas-para-vestir-bien-durante-los-dias-de-verano.webp\"> <\/noscript> <\/picture> <\/div><\/div><\/div>\n<\/div>\n<p class=\"voc-paragraph\">Una <a data-voc-vtm-id=\"in-text-traffic\" href=\"https:\/\/www.mujerhoy.com\/moda\/no-te-pierdas\/look-rejuvenecedor-basicos-baratos-entretiempo-zara-20240517131602-nt.html\">propuesta realmente sencilla<\/a>, que no entiende de edades ni de tendencias pasajeras, y que se merece convertirse en nuestro uniforme para esos d\u00edas de calor sofocante. Y para conseguirlo no hay que complicarse demasiado. Las novedades de las \u00faltimas semanas tienen <strong>todo lo que necesitas para renovar todos estos b\u00e1sicos<\/strong>.\n<\/p>\n<div class=\"voc-detail-photo-zoom\"> <picture data-toggle=\"modal\" data-target=\"#photoZoomModal-501\" target=\"modal\">\n<div class=\"voc-img-icon-link\"> <img loading=\"lazy\" src=\"http:\/\/hoycordobaweb.com\/wp-content\/uploads\/2024\/06\/estos-son-los-tres-basicos-imprescindibles-que-necesitas-para-vestir-bien-durante-los-dias-de-verano-1.webp\" width=\"460\" height=\"637\" alt=\"Top rojo de Bershka (15,95 euros)\"> <noscript> <img src=\"http:\/\/hoycordobaweb.com\/wp-content\/uploads\/2024\/06\/estos-son-los-tres-basicos-imprescindibles-que-necesitas-para-vestir-bien-durante-los-dias-de-verano-1.webp\" alt=\"Top rojo de Bershka (15,95 euros)\"> <\/noscript> <i class=\"voc-icons zoom voc-multimedia-box voc-ico-l\"><\/i> <\/div><figcaption class=\"figure-caption\">Top rojo de Bershka (15,95 euros)<\/figcaption><\/picture>\n<\/div>\n<div id=\"photoZoomModal-501\" class=\"voc-lightbox modal fade voc-lightbox--photo-zoom\" role=\"dialog\" data-voc-photozoom-lightbox>\n<div class=\"voc-lightbox__dialog\" role=\"document\">\n<div class=\"voc-lightbox__content\"> <!-- Modal header --> <!-- Modal content --> <\/p>\n<div class=\"voc-lightbox__photo-container\"> <picture class> <img loading=\"lazy\" src=\"http:\/\/hoycordobaweb.com\/wp-content\/uploads\/2024\/06\/estos-son-los-tres-basicos-imprescindibles-que-necesitas-para-vestir-bien-durante-los-dias-de-verano-1.webp\" alt=\"Top rojo de Bershka (15,95 euros)\"> <noscript> <img src=\"http:\/\/hoycordobaweb.com\/wp-content\/uploads\/2024\/06\/estos-son-los-tres-basicos-imprescindibles-que-necesitas-para-vestir-bien-durante-los-dias-de-verano-1.webp\" alt=\"Top rojo de Bershka (15,95 euros)\"> <\/noscript> <\/picture> <\/div><\/div><\/div>\n<\/div>\n<p><h3 class=\"voc-detail__title\"> Top rojo de Bershka (15,95 euros)<br \/>\n<\/h3>\n<\/p>\n<p class=\"voc-paragraph\">El b\u00e1sico entre los b\u00e1sicos, que no puede faltar en ning\u00fan armario de verano. Una prenda que podr\u00e1s llevar, sin parar, durante todo el verano.\n<\/p>\n<div class=\"voc-detail-photo-zoom\"> <picture data-toggle=\"modal\" data-target=\"#photoZoomModal-974\" target=\"modal\">\n<div class=\"voc-img-icon-link\"> <img loading=\"lazy\" src=\"http:\/\/hoycordobaweb.com\/wp-content\/uploads\/2024\/06\/estos-son-los-tres-basicos-imprescindibles-que-necesitas-para-vestir-bien-durante-los-dias-de-verano-2.webp\" width=\"460\" height=\"637\" alt=\"Falda estampada con flores de Mango Outlet (17,95 euros)\"> <noscript> <img src=\"http:\/\/hoycordobaweb.com\/wp-content\/uploads\/2024\/06\/estos-son-los-tres-basicos-imprescindibles-que-necesitas-para-vestir-bien-durante-los-dias-de-verano-2.webp\" alt=\"Falda estampada con flores de Mango Outlet (17,95 euros)\"> <\/noscript> <i class=\"voc-icons zoom voc-multimedia-box voc-ico-l\"><\/i> <\/div><figcaption class=\"figure-caption\">Falda estampada con flores de Mango Outlet (17,95 euros)<\/figcaption><\/picture>\n<\/div>\n<div id=\"photoZoomModal-974\" class=\"voc-lightbox modal fade voc-lightbox--photo-zoom\" role=\"dialog\" data-voc-photozoom-lightbox>\n<div class=\"voc-lightbox__dialog\" role=\"document\">\n<div class=\"voc-lightbox__content\"> <!-- Modal header --> <!-- Modal content --> <\/p>\n<div class=\"voc-lightbox__photo-container\"> <picture class> <img loading=\"lazy\" src=\"http:\/\/hoycordobaweb.com\/wp-content\/uploads\/2024\/06\/estos-son-los-tres-basicos-imprescindibles-que-necesitas-para-vestir-bien-durante-los-dias-de-verano-2.webp\" alt=\"Falda estampada con flores de Mango Outlet (17,95 euros)\"> <noscript> <img src=\"http:\/\/hoycordobaweb.com\/wp-content\/uploads\/2024\/06\/estos-son-los-tres-basicos-imprescindibles-que-necesitas-para-vestir-bien-durante-los-dias-de-verano-2.webp\" alt=\"Falda estampada con flores de Mango Outlet (17,95 euros)\"> <\/noscript> <\/picture> <\/div><\/div><\/div>\n<\/div>\n<p><h3 class=\"voc-detail__title\"> Falda estampada con flores de Mango Outlet (17,95 euros)<br \/>\n<\/h3>\n<\/p>\n<p class=\"voc-paragraph\">Si quieres darle un peque\u00f1o giro de tuerca a este b\u00e1sico imbatible para los d\u00edas de verano, tienes que ver este favorecedor dise\u00f1o midi.\n<\/p>\n<div class=\"voc-detail-photo-zoom\"> <picture data-toggle=\"modal\" data-target=\"#photoZoomModal-392\" target=\"modal\">\n<div class=\"voc-img-icon-link\"> <img loading=\"lazy\" src=\"http:\/\/hoycordobaweb.com\/wp-content\/uploads\/2024\/06\/estos-son-los-tres-basicos-imprescindibles-que-necesitas-para-vestir-bien-durante-los-dias-de-verano-3.webp\" width=\"460\" height=\"637\" alt=\"Bolso trenzado de Mango (129 euros)\"> <noscript> <img src=\"http:\/\/hoycordobaweb.com\/wp-content\/uploads\/2024\/06\/estos-son-los-tres-basicos-imprescindibles-que-necesitas-para-vestir-bien-durante-los-dias-de-verano-3.webp\" alt=\"Bolso trenzado de Mango (129 euros)\"> <\/noscript> <i class=\"voc-icons zoom voc-multimedia-box voc-ico-l\"><\/i> <\/div><figcaption class=\"figure-caption\">Bolso trenzado de Mango (129 euros)<\/figcaption><\/picture>\n<\/div>\n<div id=\"photoZoomModal-392\" class=\"voc-lightbox modal fade voc-lightbox--photo-zoom\" role=\"dialog\" data-voc-photozoom-lightbox>\n<div class=\"voc-lightbox__dialog\" role=\"document\">\n<div class=\"voc-lightbox__content\"> <!-- Modal header --> <!-- Modal content --> <\/p>\n<div class=\"voc-lightbox__photo-container\"> <picture class> <img loading=\"lazy\" src=\"http:\/\/hoycordobaweb.com\/wp-content\/uploads\/2024\/06\/estos-son-los-tres-basicos-imprescindibles-que-necesitas-para-vestir-bien-durante-los-dias-de-verano-3.webp\" alt=\"Bolso trenzado de Mango (129 euros)\"> <noscript> <img src=\"http:\/\/hoycordobaweb.com\/wp-content\/uploads\/2024\/06\/estos-son-los-tres-basicos-imprescindibles-que-necesitas-para-vestir-bien-durante-los-dias-de-verano-3.webp\" alt=\"Bolso trenzado de Mango (129 euros)\"> <\/noscript> <\/picture> <\/div><\/div><\/div>\n<\/div>\n<p><h3 class=\"voc-detail__title\"> Bolso trenzado de Mango (129 euros)<br \/>\n<\/h3>\n<\/p>\n<p class=\"voc-paragraph\">Los accesorios juegan un papel primordial en este tipo de looks sencillos. Elige un dise\u00f1o tipo cesta en color burdeos o rojo.\n<\/p>\n<p> <!-- TOPICS --> <\/p>\n","protected":false},"excerpt":{"rendered":"<p>Gemma Cano Publicado \u00b7 23 de junio de 2024, 16:53 h La subida de las temperaturas trae consigo que nuestra agenda se llene de mil y un planes. Y cuando los term\u00f3metros se disparan, la inspiraci\u00f3n para vestirse cada d\u00eda suele caer en picado. Ahora m\u00e1s que nunca es el momento para apostar por los [&hellip;]<\/p>\n","protected":false},"author":1,"featured_media":79371,"comment_status":"closed","ping_status":"closed","sticky":false,"template":"","format":"standard","meta":[],"categories":[],"tags":[],"_links":{"self":[{"href":"http:\/\/hoycordobaweb.com\/index.php\/wp-json\/wp\/v2\/posts\/79370"}],"collection":[{"href":"http:\/\/hoycordobaweb.com\/index.php\/wp-json\/wp\/v2\/posts"}],"about":[{"href":"http:\/\/hoycordobaweb.com\/index.php\/wp-json\/wp\/v2\/types\/post"}],"author":[{"embeddable":true,"href":"http:\/\/hoycordobaweb.com\/index.php\/wp-json\/wp\/v2\/users\/1"}],"replies":[{"embeddable":true,"href":"http:\/\/hoycordobaweb.com\/index.php\/wp-json\/wp\/v2\/comments?post=79370"}],"version-history":[{"count":0,"href":"http:\/\/hoycordobaweb.com\/index.php\/wp-json\/wp\/v2\/posts\/79370\/revisions"}],"wp:featuredmedia":[{"embeddable":true,"href":"http:\/\/hoycordobaweb.com\/index.php\/wp-json\/wp\/v2\/media\/79371"}],"wp:attachment":[{"href":"http:\/\/hoycordobaweb.com\/index.php\/wp-json\/wp\/v2\/media?parent=79370"}],"wp:term":[{"taxonomy":"category","embeddable":true,"href":"http:\/\/hoycordobaweb.com\/index.php\/wp-json\/wp\/v2\/categories?post=79370"},{"taxonomy":"post_tag","embeddable":true,"href":"http:\/\/hoycordobaweb.com\/index.php\/wp-json\/wp\/v2\/tags?post=79370"}],"curies":[{"name":"wp","href":"https:\/\/api.w.org\/{rel}","templated":true}]}}