{"id":79319,"date":"2024-06-22T02:30:00","date_gmt":"2024-06-22T02:30:00","guid":{"rendered":"http:\/\/hoycordobaweb.com\/index.php\/2024\/06\/22\/estamos-mal-pero-vamos-peor\/"},"modified":"2024-06-22T02:30:00","modified_gmt":"2024-06-22T02:30:00","slug":"estamos-mal-pero-vamos-peor","status":"publish","type":"post","link":"http:\/\/hoycordobaweb.com\/index.php\/2024\/06\/22\/estamos-mal-pero-vamos-peor\/","title":{"rendered":"Estamos mal, \u00bfpero vamos peor?"},"content":{"rendered":"<div class=\"media_block\"><\/div>\n<div><img src=\"http:\/\/hoycordobaweb.com\/wp-content\/uploads\/2024\/06\/estamos-mal-pero-vamos-peor-1.jpg\" class=\"ff-og-image-inserted\"><\/div>\n<p>\u201cEstamos mal, pero vamos bien\u201d era la frase de Carlos Menem cuando a\u00fan no se hab\u00eda consolidado con la convertibilidad y promet\u00eda un futuro mejor. Hoy, treinta y cinco a\u00f1os despu\u00e9s, la pregunta ser\u00eda: estamos mal, \u00bfpero vamos peor?<\/p>\n<p>Sorprende que economistas ortodoxos de probado liberalismo de mercado como Domingo Cavallo, Miguel \u00c1ngel Broda o Carlos Melconian adviertan inconsistencias en el programa econ\u00f3mico. No se trata de una discusi\u00f3n pol\u00edtica sobre si este programa beneficia a los m\u00e1s pudientes y castiga a los de menores recursos, sino una discusi\u00f3n t\u00e9cnica, independientemente de a qui\u00e9n beneficie y\/o que pueda volverse obsoleto pasado cierto tiempo. Por ejemplo, la convertibilidad dej\u00f3 de funcionar una d\u00e9cada despu\u00e9s de haber sido iniciada y termin\u00f3 perjudicando a parte de los sectores de menores recursos, pero t\u00e9cnicamente funcion\u00f3 durante m\u00e1s de un lustro.&nbsp;<\/p>\n<p class=\"destacadoNota\">\u201cLa parte m\u00e1s&nbsp;complicada para Milei a\u00fan est\u00e1 por llegar\u201d&nbsp;(The Economist)<\/p>\n<div class=\"subscription\" readability=\"6.683257918552\">\n<p>\nEsto no les gusta a los autoritarios\n<\/p>\n<div class=\"subscription__container\" readability=\"6.1467391304348\">\n<div class=\"subscription__text-wrapper\" readability=\"31.20652173913\">\n<p>\nEl ejercicio del periodismo profesional y cr\u00edtico es un pilar fundamental de la democracia. Por eso molesta a quienes creen ser los due\u00f1os de la verdad.\n<\/p>\n<\/p><\/div>\n<\/div><\/div>\n<p>El Presidente se enoja cuando le dicen que no tiene un plan y \u00e9l remarca que este es el plan. Podr\u00eda decirse que quiz\u00e1 tiene un plan financiero que instrumenta el ministro Caputo pero falta el plan econ\u00f3mico. Esta semana fue movida en ese punto, comenz\u00f3 con Fausto Spotorno, parte del grupo de asesores econ\u00f3micos de Milei, diciendo que <a target=\"_blank\" href=\"https:\/\/www.perfil.com\/noticias\/economia\/spotorno-aseguro-que-el-programa-de-caputo-es-claramente-de-transicion-y-que-despues-viene-uno-mas-mileista.phtml\" rel=\"noopener noreferrer\">\u201cel plan econ\u00f3mico de Caputo es de transici\u00f3n y despu\u00e9s viene uno m\u00e1s mile\u00edsta\u201d<\/a>, para pocos d\u00edas despu\u00e9s el Presidente anunciar que Federico Sturzenegger se suma al gabinete al frente de un ministerio y no de una secretar\u00eda, como hab\u00eda anunciado el propio vocero Adorni una horas antes.<\/p>\n<p>Mientras tanto, la industria contin\u00faa con una ca\u00edda interanual del 14%, el consumo evoluciona negativamente, la inversi\u00f3n es la menor en muchos tiempo (empatando a los niveles de la pandemia), y el campo no liquida su cosecha al ritmo esperado: L\u00f3pez Murphy compar\u00f3 lo que debiera ser la temporada de mayor liquidaci\u00f3n de divisas con un hotel de Mar del Plata que estuviera vac\u00edo en enero.<\/p>\n<p>A pesar de que el Gobierno muestra que la recaudaci\u00f3n de impuestos en t\u00e9rminos reales respecto a mayo de 2023 fue un 10% mayor, la ligada al nivel de actividad cay\u00f3 el 19% y todo el incremento se debe al impuesto PAIS, que desparecer\u00e1 con la salida del cepo.<\/p>\n<p>Y esta misma semana el Fondo Monetario Internacional dio a conocer su staff report, donde advierte sobre las consecuencias sociales que podr\u00eda tener la recesi\u00f3n prolongada que pronostic\u00f3. Sin contar la recuperaci\u00f3n de la sequ\u00eda en el sector agropecuario, la ca\u00edda de la econom\u00eda llegar\u00eda al 6% del PBI para este a\u00f1o.&nbsp;<\/p>\n<p>Mientras el FMI solicit\u00f3 al Gobierno que incremente \u201cel apoyo pol\u00edtico y social\u201d al plan econ\u00f3mico, la consultora de opini\u00f3n p\u00fablica Isasi-Burdman revel\u00f3 que en el estudio realizado entre el 8 y el 11 de junio cae el apoyo de Milei en el segmento Sub 35 a\u00f1os, que representa el 40% del total de los votantes del pa\u00eds. Los j\u00f3venes, que hab\u00edan sido quienes en mayor proporci\u00f3n votaron por Milei, muestran un creciente pesimismo: el 59% de ellos piensa a que a fin de a\u00f1o la situaci\u00f3n estar\u00e1 peor. Veremos c\u00f3mo evoluciona el porvenir de esa ilusi\u00f3n.<\/p>\n<p><a target=\"_blank\" href=\"https:\/\/www.economist.com\/leaders\/2024\/06\/19\/javier-mileis-next-move-could-make-his-presidency-or-break-it\" rel=\"noopener noreferrer\">El jueves <em>The Economist<\/em>, la revista m\u00e1s prestigiosa del mundo, public\u00f3 un art\u00edculo sobre Milei<\/a> donde dice: \u201cLa parte m\u00e1s complicada para Milei a\u00fan est\u00e1 por llegar. La inflaci\u00f3n mensual puede aumentar en junio a medida que se incrementan los precios de las tarifas energ\u00e9ticas. Eso exacerbar\u00e1 los temores sobre el peso argentino, que una vez m\u00e1s parece estar sobrevaluado. Milei niega airadamente que la moneda sea demasiado fuerte (atraso cambiario). Pero cuanto m\u00e1s lo ignore, mayor ser\u00e1 el riesgo de una devaluaci\u00f3n m\u00e1s da\u00f1ina e inflacionaria en el futuro\u201d.<\/p>\n<p>Un d\u00eda antes, las Naciones Unidas, a trav\u00e9s de su alto comisionado, Volker Turk, sostuvo que \u201cen Argentina, las recientes medidas propuestas y adoptadas corren el riesgo de socavar la protecci\u00f3n de los derechos humanos\u201d (&#8230;) \u201cEstos incluyen recortes al gasto p\u00fablico que afectan particularmente a los m\u00e1s marginados\u201d. Finalmente reclama \u201cpleno respeto\u201d al derecho de reuni\u00f3n y la libertad de expresi\u00f3n.<\/p>\n<p>En la \u00e9poca de gloria del Imperio Romano, S\u00e9neca le dec\u00eda al gobernador de lo que hoy es Espa\u00f1a, su sobrino Lucilio: \u201cCrees que viajando te alejas de tus problemas pero tus problemas viajan contigo\u201d. Y Javier Milei no solo viaja con sus problemas sino que agrega nuevos por no desideologizar su pol\u00edtica exterior. El diario El Pa\u00eds de Espa\u00f1a inform\u00f3 que el rey Felipe VI no accedi\u00f3 al pedido de audiencia del presidente argentino por su pelea con el presidente del gobierno Pedro S\u00e1nchez. Lo mismo le sucedi\u00f3 en Alemania, donde el jefe del gobierno, Olaf Scholz, suspendi\u00f3 la recepci\u00f3n y reuni\u00f3n oficial que estaba prevista para hoy en Berl\u00edn. El 9 de junio se realizaron las elecciones para el Parlamento Europeo y sorprendi\u00f3 el crecimiento de la extrema derecha, que fue la segunda fuerza m\u00e1s votada, all\u00ed el principal candidato neonazi, Maximilian Krah, hizo campa\u00f1a diciendo: \u201cLos varones de verdad son libertarios\u201d. Olaf Scholz es socialdem\u00f3crata, lo que en las categor\u00edas de Mieli ser\u00e1 un \u201csucio comunista\u201d.<\/p>\n<p>En Europa no consideran a la extrema derecha una fuerza conservadora porque el conservadurismo siempre pretende la mantenci\u00f3n del statu quo frente a los progresistas, que promueven una evoluci\u00f3n. Califican a los libertarios como retr\u00f3grados porque quieren volver a la sociedad de anta\u00f1o. Un cambio hacia atr\u00e1s en lugar de hacia adelante.<\/p>\n<p class=\"destacadoNota\">\u201cCrees que viajando&nbsp;te alejas de tus&nbsp;problemas, pero&nbsp;tus problemas viajan contigo\u201d<\/p>\n<p>Volviendo a los problemas de Argentina y la mencionada eventual falta de un plan econ\u00f3mico completo, y que la eventual autor\u00eda de ese plan fuera de Sturzenegger, dejando a Caputo como ejecutor del plan financiero, se reeditar\u00eda el conflicto entre ambos cuando integraban el gobierno de Mauricio Macri y Caputo suplant\u00f3 a Sturzenegger en el Banco Central. Para aventar esos fantasmas, en el reportaje donde Javier Milei confirm\u00f3 que el autor intelectual de la ley Bases y el DNU 70\/2023 iba a ser ministro recalc\u00f3 su apoyo a Caputo diciendo: \u201cNadie le va a tocar el culo\u201d.<\/p>\n<p>La continua utilizaci\u00f3n de met\u00e1foras sexuales a las que apela Milei hace extra\u00f1ar hasta a Mauricio Macri, que utilizaba al f\u00fatbol como did\u00e1ctica forma de representar la realidad.<\/p>\n<div class=\"article__tags\">\n<p>En esta Nota<\/p>\n<\/p><\/div>\n","protected":false},"excerpt":{"rendered":"<p>\u201cEstamos mal, pero vamos bien\u201d era la frase de Carlos Menem cuando a\u00fan no se hab\u00eda consolidado con la convertibilidad y promet\u00eda un futuro mejor. Hoy, treinta y cinco a\u00f1os despu\u00e9s, la pregunta ser\u00eda: estamos mal, \u00bfpero vamos peor? Sorprende que economistas ortodoxos de probado liberalismo de mercado como Domingo Cavallo, Miguel \u00c1ngel Broda o [&hellip;]<\/p>\n","protected":false},"author":1,"featured_media":79320,"comment_status":"closed","ping_status":"closed","sticky":false,"template":"","format":"standard","meta":[],"categories":[19],"tags":[80,260,57,308],"_links":{"self":[{"href":"http:\/\/hoycordobaweb.com\/index.php\/wp-json\/wp\/v2\/posts\/79319"}],"collection":[{"href":"http:\/\/hoycordobaweb.com\/index.php\/wp-json\/wp\/v2\/posts"}],"about":[{"href":"http:\/\/hoycordobaweb.com\/index.php\/wp-json\/wp\/v2\/types\/post"}],"author":[{"embeddable":true,"href":"http:\/\/hoycordobaweb.com\/index.php\/wp-json\/wp\/v2\/users\/1"}],"replies":[{"embeddable":true,"href":"http:\/\/hoycordobaweb.com\/index.php\/wp-json\/wp\/v2\/comments?post=79319"}],"version-history":[{"count":0,"href":"http:\/\/hoycordobaweb.com\/index.php\/wp-json\/wp\/v2\/posts\/79319\/revisions"}],"wp:featuredmedia":[{"embeddable":true,"href":"http:\/\/hoycordobaweb.com\/index.php\/wp-json\/wp\/v2\/media\/79320"}],"wp:attachment":[{"href":"http:\/\/hoycordobaweb.com\/index.php\/wp-json\/wp\/v2\/media?parent=79319"}],"wp:term":[{"taxonomy":"category","embeddable":true,"href":"http:\/\/hoycordobaweb.com\/index.php\/wp-json\/wp\/v2\/categories?post=79319"},{"taxonomy":"post_tag","embeddable":true,"href":"http:\/\/hoycordobaweb.com\/index.php\/wp-json\/wp\/v2\/tags?post=79319"}],"curies":[{"name":"wp","href":"https:\/\/api.w.org\/{rel}","templated":true}]}}