{"id":79190,"date":"2024-06-19T19:46:04","date_gmt":"2024-06-19T19:46:04","guid":{"rendered":"https:\/\/www.trendencias.com\/diseno\/antes-costaba-107-99-euros-ahora-30-leroy-merlin-rebaja-mucho-cubo-reciclaje-diseno-vertical-para-cocinas-pequenas"},"modified":"2024-06-19T19:46:04","modified_gmt":"2024-06-19T19:46:04","slug":"de-costar-10799-euros-a-menos-de-30-leroy-merlin-rebaja-y-mucho-el-cubo-de-reciclaje-de-diseno-vertical-para-cocinas-pequenas","status":"publish","type":"post","link":"http:\/\/hoycordobaweb.com\/index.php\/2024\/06\/19\/de-costar-10799-euros-a-menos-de-30-leroy-merlin-rebaja-y-mucho-el-cubo-de-reciclaje-de-diseno-vertical-para-cocinas-pequenas\/","title":{"rendered":"De costar 107,99 euros a menos de 30: Leroy Merlin rebaja (y mucho) el cubo de reciclaje de dise\u00f1o vertical para cocinas peque\u00f1as"},"content":{"rendered":"<p>Estamos concienciados de la importancia que tiene reciclar pero, muchas veces, es tan poco el poco espacio del que disponemos en la cocina que es complicado almacenar todos esos envases y deshechos de forma no antiest\u00e9tica y sin malos olores. Sin embargo, como sucede a la hora de aprovechar al m\u00e1ximo el espacio en otros rincones del hogar, <strong>la soluci\u00f3n puede estar en un cubo de basura vertical<\/strong>.<\/p>\n<p><!-- BREAK 1 --> <\/p>\n<div class=\"article-asset article-asset-normal article-asset-center\">\n<div class=\"desvio-container\">\n<div class=\"desvio\">\n<div class=\"desvio-figure js-desvio-figure\"> <a href=\"https:\/\/www.trendencias.com\/shopping\/esta-mosquitera-que-arrasa-leroy-merlin-porque-extensible-cuesta-10-euros\"> <img loading=\"lazy\" alt=\"Leroy Merlin arrasa con esta mosquitera extensible con f\u00e1cil instalaci\u00f3n y perfecta para disfrutar del aire puro sin mosquitos \" width=\"375\" height=\"142\" src=\"http:\/\/hoycordobaweb.com\/wp-content\/uploads\/2024\/06\/de-costar-10799-euros-a-menos-de-30-leroy-merlin-rebaja-y-mucho-el-cubo-de-reciclaje-de-diseno-vertical-para-cocinas-pequenas.jpg\"> <\/a> <\/div><\/div><\/div>\n<\/div>\n<p>Si sois muchos en casa o, por la raz\u00f3n que sea, gener\u00e1is muchos residuos, no os valdr\u00e1 cualquier cubo de la basura para dar abasto. Puede que incluso hay\u00e1is renunciado a la idea de poder reciclar porque&#8230; Pero eso es solo porque no conoc\u00edais <strong>esta papelera con una capacidad de hasta 70 litros <\/strong>de Leroy<strong> Merlin.<\/strong><\/p>\n<p><!-- BREAK 2 --><\/p>\n<p>Se caracteriza por <strong>un ingenioso dise\u00f1o vertical<\/strong> que maximiza su capacidad en un espacio compacto. De este modo, cuenta con dos espacios de carga de residuos: uno de 40 litros y otro de 30. Sin embargo, estos se pueden redistribuir para ampliar el n\u00famero de compartimentos y que sean tres<strong> (10L+10L+30L)<\/strong>. Eso es algo que depender\u00e1 de las necesidades de cada persona, pero lo mejor es que se puede hacer de forma tan f\u00e1cil y r\u00e1pida como a\u00f1adiendo un simple separador.<\/p>\n<p><!-- BREAK 3 --> <\/p>\n<p>Por lo dem\u00e1s, el cubo tiene dos aperturas: una superior que se abre pulsando un bot\u00f3n y otra en la parte inferior para la que hay que pisar un accionador de pie. Est\u00e1 <strong>fabricado con 100% de pl\u00e1stico reciclado<\/strong> y es de f\u00e1cil limpieza con un pa\u00f1o de agua y jab\u00f3n.<\/p>\n<p><!-- BREAK 4 --><\/p>\n<div class=\"article-asset-image article-asset-normal article-asset-center\">\n<div class=\"asset-content\">\n<div class=\"caption-img \"> <img class=\"centro_sinmarco\" height=\"767\" width=\"1022\" loading=\"lazy\" decoding=\"async\" sizes=\"100vw\" fetchpriority=\"high\" srcset=\"http:\/\/hoycordobaweb.com\/wp-content\/uploads\/2024\/06\/de-costar-10799-euros-a-menos-de-30-leroy-merlin-rebaja-y-mucho-el-cubo-de-reciclaje-de-diseno-vertical-para-cocinas-pequenas-1.jpg 450w, http:\/\/hoycordobaweb.com\/wp-content\/uploads\/2024\/06\/de-costar-10799-euros-a-menos-de-30-leroy-merlin-rebaja-y-mucho-el-cubo-de-reciclaje-de-diseno-vertical-para-cocinas-pequenas-3.jpg 681w, http:\/\/hoycordobaweb.com\/wp-content\/uploads\/2024\/06\/de-costar-10799-euros-a-menos-de-30-leroy-merlin-rebaja-y-mucho-el-cubo-de-reciclaje-de-diseno-vertical-para-cocinas-pequenas-4.jpg 1024w, http:\/\/hoycordobaweb.com\/wp-content\/uploads\/2024\/06\/de-costar-10799-euros-a-menos-de-30-leroy-merlin-rebaja-y-mucho-el-cubo-de-reciclaje-de-diseno-vertical-para-cocinas-pequenas-5.jpg 1366w\" src=\"http:\/\/hoycordobaweb.com\/wp-content\/uploads\/2024\/06\/de-costar-10799-euros-a-menos-de-30-leroy-merlin-rebaja-y-mucho-el-cubo-de-reciclaje-de-diseno-vertical-para-cocinas-pequenas-1.jpg\" alt=\"D6c0b4259497fa72f77ffc97886d12ea\"> <noscript><img alt=\"D6c0b4259497fa72f77ffc97886d12ea\" class=\"centro_sinmarco\" src=\"http:\/\/hoycordobaweb.com\/wp-content\/uploads\/2024\/06\/de-costar-10799-euros-a-menos-de-30-leroy-merlin-rebaja-y-mucho-el-cubo-de-reciclaje-de-diseno-vertical-para-cocinas-pequenas-1.jpg\"><\/noscript> <span>Leroy Merlin<\/span> <\/div><\/div>\n<\/div>\n<p>Su dise\u00f1o fino y elegante de color gris o plata hace que sea f\u00e1cilmente adaptable a cualquier cocina. Con una altura de 76 cent\u00edmetros y 33 cent\u00edmetros de profundidad, su precio est\u00e1 actualmente tirado de precio. Y es que, habitualmente,<strong> cuesta 107,99 pero hay una oferta en la web de Leroy Merlin<\/strong> por la que podemos conseguirlo por solo <a rel=\"nofollow, sponsored, noopener, noreferrer noopener\" target=\"_blank\" class=\"js-ecommerce\" href=\"https:\/\/www.trendencias.com\/redirect?url=https%3A%2F%2Fwww.leroymerlin.es%2Fproductos%2Fcocinas%2Faccesorios-de-cocinas%2Fcubos-de-basura-y-reciclaje%2Fcubo-de-basura-reciclaje-70l-vertical-2-compartimentos-papelera-residuos-76-cm-facil-gestion-87653365.html&amp;category=diseno&amp;ecomPostExpiration=perish&amp;postId=628566\" data-vars-affiliate-url=\"https:\/\/www.trendencias.com\/redirect?url=https%3A%2F%2Fwww.leroymerlin.es%2Fproductos%2Fcocinas%2Faccesorios-de-cocinas%2Fcubos-de-basura-y-reciclaje%2Fcubo-de-basura-reciclaje-70l-vertical-2-compartimentos-papelera-residuos-76-cm-facil-gestion-87653365.html&amp;category=diseno&amp;ecomPostExpiration=perish&amp;postId=628566\">29,99 euros<\/a>. Una aut\u00e9ntica ganga.<\/p>\n<p><!-- BREAK 5 --><\/p>\n<p>Foto de portada | <a rel=\"noopener, noreferrer\" href=\"https:\/\/unsplash.com\/es\/@framesforyourheart\">Frames For Your Heart<\/a><\/p>\n<p>En Trendencias | <a href=\"https:\/\/www.trendencias.com\/diseno\/19-basicos-zara-home-para-decorar-salon\">19 b\u00e1sicos de Zara Home para decorar el sal\u00f3n<\/a><\/p>\n<p>En Trendencias | <a href=\"https:\/\/www.trendencias.com\/eventos\/mad-cool-todo-que-se-sabe-cartel-entradas-horarios-1\">Mad Cool 2024: todo lo que se sabe sobre el cartel, las entradas y los horarios<\/a><\/p>\n<p>En Trendencias | <a href=\"https:\/\/www.trendencias.com\/eventos\/cruilla-cartel-definitivo-todos-tipos-entradas-disponibles-que-se-sabe-horarios\">Cru\u00eflla 2024: cartel definitivo, todos los tipos de entradas disponibles y qu\u00e9 se sabe de los horarios<\/a><\/p>\n","protected":false},"excerpt":{"rendered":"<p>Estamos concienciados de la importancia que tiene reciclar pero, muchas veces, es tan poco el poco espacio del que disponemos en la cocina que es complicado almacenar todos esos envases y deshechos de forma no antiest\u00e9tica y sin malos olores. Sin embargo, como sucede a la hora de aprovechar al m\u00e1ximo el espacio en otros [&hellip;]<\/p>\n","protected":false},"author":1,"featured_media":79191,"comment_status":"closed","ping_status":"closed","sticky":false,"template":"","format":"standard","meta":[],"categories":[],"tags":[],"_links":{"self":[{"href":"http:\/\/hoycordobaweb.com\/index.php\/wp-json\/wp\/v2\/posts\/79190"}],"collection":[{"href":"http:\/\/hoycordobaweb.com\/index.php\/wp-json\/wp\/v2\/posts"}],"about":[{"href":"http:\/\/hoycordobaweb.com\/index.php\/wp-json\/wp\/v2\/types\/post"}],"author":[{"embeddable":true,"href":"http:\/\/hoycordobaweb.com\/index.php\/wp-json\/wp\/v2\/users\/1"}],"replies":[{"embeddable":true,"href":"http:\/\/hoycordobaweb.com\/index.php\/wp-json\/wp\/v2\/comments?post=79190"}],"version-history":[{"count":0,"href":"http:\/\/hoycordobaweb.com\/index.php\/wp-json\/wp\/v2\/posts\/79190\/revisions"}],"wp:featuredmedia":[{"embeddable":true,"href":"http:\/\/hoycordobaweb.com\/index.php\/wp-json\/wp\/v2\/media\/79191"}],"wp:attachment":[{"href":"http:\/\/hoycordobaweb.com\/index.php\/wp-json\/wp\/v2\/media?parent=79190"}],"wp:term":[{"taxonomy":"category","embeddable":true,"href":"http:\/\/hoycordobaweb.com\/index.php\/wp-json\/wp\/v2\/categories?post=79190"},{"taxonomy":"post_tag","embeddable":true,"href":"http:\/\/hoycordobaweb.com\/index.php\/wp-json\/wp\/v2\/tags?post=79190"}],"curies":[{"name":"wp","href":"https:\/\/api.w.org\/{rel}","templated":true}]}}