{"id":79180,"date":"2024-06-19T02:03:00","date_gmt":"2024-06-19T02:03:00","guid":{"rendered":"http:\/\/hoycordobaweb.com\/index.php\/2024\/06\/19\/reabrieron-una-causa-judicial-contra-roberto-navarro-por-incitacion-a-la-violencia-contra-periodistas\/"},"modified":"2024-06-19T02:03:00","modified_gmt":"2024-06-19T02:03:00","slug":"reabrieron-una-causa-judicial-contra-roberto-navarro-por-incitacion-a-la-violencia-contra-periodistas","status":"publish","type":"post","link":"http:\/\/hoycordobaweb.com\/index.php\/2024\/06\/19\/reabrieron-una-causa-judicial-contra-roberto-navarro-por-incitacion-a-la-violencia-contra-periodistas\/","title":{"rendered":"Reabrieron una causa judicial contra Roberto Navarro por \u00abincitaci\u00f3n a la violencia\u00bb contra periodistas"},"content":{"rendered":"<div class=\"media_block\"><\/div>\n<p><strong>La C\u00e1mara Federal de Casaci\u00f3n Penal <\/strong>orden\u00f3&nbsp;el viernes pasado<strong> reabrir una causa judicial contra el periodista y empresario fundador de <em>El Destape<\/em>, <a target=\"_blank\" href=\"https:\/\/www.perfil.com\/noticias\/politica\/roberto-navarro-vs-la-campora-el-periodista-exploto-contra-la-agrupacion-y-denuncio-acuerdos-con-milei.phtml\" rel=\"noopener noreferrer\">Roberto Navarro<\/a><\/strong>, por \u201cincitaci\u00f3n a la violencia\u201d contra los colegas <strong><a target=\"_blank\" href=\"https:\/\/noticias.perfil.com\/noticias\/politica\/eduardo-feinmann-pidio-la-carcel-para-cristina-kirchner.phtml\" rel=\"noopener noreferrer\">Eduardo Feinmann<\/a>, Jorge Lanata, Luis Majul, Baby Etchecopar y Jonatan Viale<\/strong>. Navarro, en agosto de 2022, hab\u00eda asegurado que \u201c<strong>algo tenemos que hacer para frenarlos<\/strong>\u201d, en el marco de una supuesta campa\u00f1a de desprestigio contra la ex vicepresidenta Cristina Kirchner, quien dos semanas despu\u00e9s sufrir\u00eda el intento de asesinato.<\/p>\n<p><strong>La denuncia hab\u00eda sido presentada por Luis Majul y Eduardo Feinmann se hab\u00eda presentado como querellante, pero la jueza federal <a target=\"_blank\" href=\"https:\/\/www.perfil.com\/noticias\/actualidad\/capuchetti-mando-a-juicio-oral-la-causa-por-el-intento-de-asesinato-contra-cristina-kirchner.phtml\" rel=\"noopener noreferrer\">Eugenia Capuchetti<\/a> hab\u00eda cerrado la causa<\/strong> por inexistencia de delito, ante la falta de acusaci\u00f3n por parte del fiscal Carlos R\u00edvolo. Ese fallo fue ratificado por la C\u00e1mara Federal de Apelaciones. Sin embargo, ahora <strong>Feinmann apel\u00f3 y los jueces de la C\u00e1mara de Casaci\u00f3n Daniel Petrone, Diego Barroetave\u00f1a y Carlos Mahiques ordenaron que se reabra<\/strong> la causa para analizar si hubo delito.<\/p>\n<div>\n<figure class=\"image\"><img alt=\"Eduardo Feinmann \" src=\"http:\/\/hoycordobaweb.com\/wp-content\/uploads\/2024\/06\/reabrieron-una-causa-judicial-contra-roberto-navarro-por-incitacion-a-la-violencia-contra-periodistas-1.jpg\" loading=\"lazy\"><figcaption>\u00abSi me llega a pasar algo a m\u00ed, a mi familia, a Lanata, a Viale, a Leuco, Majul, yo hago responsable al se\u00f1or Roberto Navarro\u00bb<\/figcaption><\/figure>\n<\/p><\/div>\n<p>Por su parte, <strong>Navarro se mostr\u00f3 sorprendido y dijo que cree que se trata de una operaci\u00f3n del gobierno de Javier Milei, a trav\u00e9s de su injerencia sobre la Justicia.<\/strong> \u00abNo puedo dejar de pensar que tiene que ver con la denuncia que hicimos sobre la comida que estaban dejando pudrir en los galpones. Fue el peor momento para Milei\u201d, record\u00f3. Adem\u00e1s, en comunicaci\u00f3n con <em>Clar\u00edn <\/em>coment\u00f3 que la reapertura de la causa en su contra <strong>le \u00abllama mucho la atenci\u00f3n, porque Eduardo (Feinmann) y yo solemos chatear<\/strong> sobre actualidad pol\u00edtica y nunca sale el tema\u00bb.<\/p>\n<div class=\"subscription\" readability=\"6.683257918552\">\n<p>\nEsto no les gusta a los autoritarios\n<\/p>\n<div class=\"subscription__container\" readability=\"6.1467391304348\">\n<div class=\"subscription__text-wrapper\" readability=\"31.20652173913\">\n<p>\nEl ejercicio del periodismo profesional y cr\u00edtico es un pilar fundamental de la democracia. Por eso molesta a quienes creen ser los due\u00f1os de la verdad.\n<\/p>\n<\/p><\/div>\n<\/div><\/div>\n<p>El periodista <em>Ari Lijalad<\/em> tambi\u00e9n apunt\u00f3 contra una supuesta operaci\u00f3n de Milei y denunci\u00f3: \u201cLos tres jueces fueron designados por Macri. En el caso de Mahiques directamente a dedo, sin concurso, y es uno de los que viaj\u00f3 a Lago Escondido invitado por <em>Clar\u00edn<\/em>. Ahora decide sobre la suerte del due\u00f1o del medio que public\u00f3 ese esc\u00e1ndalo\u201d. Por su parte, <strong>SiPreBA se solidariz\u00f3 con Roberto Navarro, \u201cante la reapertura de una causa en su contra que criminaliza su ejercicio del periodismo<\/strong>. Nuestro apoyo a los compa\u00f1eros y las compa\u00f1eras de<em> El Destape<\/em> frente a un nuevo ataque a la libertad de expresi\u00f3n y al derecho a la informaci\u00f3n\u201d.<\/p>\n<h2>Qu\u00e9 dijo Navarro en 2022<\/h2>\n<p>Las expresiones de Roberto Navarro que generaron la denuncia de Majul en su contra se produjeron el <strong>15 de agosto de 2022<\/strong>, en un pase que hizo con <em>Roberto Caballero<\/em>, en<em> El Destape Radio<\/em>. \u201c<strong>Los Viale, los Lanata, los Feinmann, los Majul son los que est\u00e1n generando la violencia<\/strong>. Despu\u00e9s pasan al aire los escraches. Yo creo que <strong>algo hay que hacer con ellos<\/strong>, algo hay que hacer con Jony Viale, con Majul, Leuco. <strong>Algo tenemos que hacer para frenarlos<\/strong>\u201d, reflexion\u00f3 al aire.<\/p>\n<p>\u201cAlgo tenemos que hacer con ellos, que est\u00e1n generando este nivel de violencia. Ma\u00f1ana o pasado un loco puede matar a alguien. <strong>Deber\u00edan tener miedo ellos. Viale deber\u00eda tener miedo de que algo lo frenara. El Estado debe cuidarlo a Jony Viale<\/strong> para que esto no despierte la violencia contra \u00e9l. Un d\u00eda estos hechos van a terminar mal. <strong>Van a terminar a los tiros. Esa violencia puede ir contra ellos tambi\u00e9n<\/strong>\u201d, agreg\u00f3 Navarro.<\/p>\n<p>Ahora, en entrevista con <em>Clar\u00edn<\/em>, sostuvo que es importante escuchar \u201ctodo el pase de ese d\u00eda\u201d para \u201cver el contexto en que se dijeron las cosas\u201d. <strong>\u201cAdvert\u00ed que los discursos de odio iban a terminar en violencia y as\u00ed fue: dos semanas despu\u00e9s atentaron contra Cristina\u201d<\/strong>, explic\u00f3, en referencia al jueves 1 de septiembre. \u201cEra la \u00e9poca de los escraches de Revoluci\u00f3n Federal. Algunos medios los repet\u00edan y los aprobaban. <strong>Dije que el Estado ten\u00eda que hacer algo. Que era peligroso incluso para los periodistas que ten\u00edan estas pr\u00e1cticas<\/strong>. Me denuncian por cosas que dije en el ejercicio de mi profesi\u00f3n\u201d, continu\u00f3.<br \/>&nbsp;<\/p>\n<h2>El argumento de los jueces contra Navarro<\/h2>\n<p>En las distintas causas contra Navarro que se terminaron unificando<strong> se le adjudic\u00f3 al periodista los delitos de instigaci\u00f3n a cometer un delito y de incitaci\u00f3n a la violencia colectiva contra un grupo de personas,<\/strong> caratulados en los art\u00edculos 209 y 212 del C\u00f3digo Penal. Al d\u00eda siguiente de la declaraci\u00f3n de Navarro, Feinmann expres\u00f3 en radio <em>Mitre <\/em>que no ten\u00eda el objetivo de \u201chacerse la v\u00edctima\u201d, pero que <strong>si le llegara \u201ca pasar algo a m\u00ed, a mi familia, a Lanata, a Viale, a Leuco, Majul y sus familias, yo hago responsable al se\u00f1or Roberto Navarro<\/strong>, a Cristina Fern\u00e1ndez de Kirchner y a todo el gobierno\u201d, apunt\u00f3.<\/p>\n<p>Tras apelar el fallo que cerr\u00f3 la causa por inexistencia de delito, a trav\u00e9s de sus abogados Gabriel Iezzi y Ana Laura Palmucci, Feinmann <strong>logr\u00f3 que los tres jueces de la C\u00e1mara de Casaci\u00f3n votaran por reabrir el caso. \u201cLos argumentos desplegados son insuficientes para sustentar la confirmaci\u00f3n de la desestimaci\u00f3n de la denuncia\u201d<\/strong>, afirm\u00f3 Petrone, voto al que adhiri\u00f3 Barroetave\u00f1a. \u201cObjetivamente, existen elementos tales como el contenido mismo de las manifestaciones y el medio empleado para proferirlas que impiden descartar\u201d la acusaci\u00f3n, opinaron. Petrone tambi\u00e9n advirti\u00f3 que \u201cla libertad de expresi\u00f3n y de prensa debe ser prudentemente evaluada en armon\u00eda con las conductas socialmente disvaliosas tenidas en la normativa penal\u201d.<\/p>\n<p><a target=\"_blank\" href=\"https:\/\/www.perfil.com\/noticias\/actualidad\/carlos-mahiques-sobre-el-fiscal-nisman-tenia-muy-el-origen-del-atentado-a-la-amia.phtml\" rel=\"noopener noreferrer\">Mahiques<\/a> fue m\u00e1s categ\u00f3rico, aunque consider\u00f3 que \u201c<strong>el exaltado clima pol\u00edtico actual no favorece una delimitaci\u00f3n conceptual r\u00edgida de la libertad de expresi\u00f3n<\/strong> porque el objeto (y los sujetos) involucrados en la disputa suscitan reacciones viscerales y ruidosas disputas por escrito en los medios y redes sociales\u201d. Y apunt\u00f3 contra la C\u00e1mara Federal que decidi\u00f3 cerrar la causa por inexistencia de delito: \u201c<strong>Yerra el juez del voto que hizo mayor\u00eda cuando reduce la cuesti\u00f3n a una suerte de justa de opiniones libres entre querellante y denunciado<\/strong> sin hacer una evaluaci\u00f3n de su densidad delet\u00e9rea\u201d.<\/p>\n<p class=\"destacadoNota\"><a target=\"_blank\" href=\"https:\/\/www.perfil.com\/noticias\/politica\/jose-alperovich-conocera-este-martes-el-veredicto-tras-el-juicio-por-abuso-sexual-de-su-sobrina.phtml\" rel=\"noopener noreferrer\">Condenaron a Jos\u00e9 Alperovich a 16 a\u00f1os de prisi\u00f3n por abuso sexual<\/a><\/p>\n<p>\u201cNo puede haber libertad de expresi\u00f3n subalternada a las <strong>pulsiones partisanas o la voluntad de dominar, denigrar, inferiorizar, cancelar, perseguir, vulnerabilizar, o percutir situaciones de odio, violencia o descalificaci\u00f3n injustificada<\/strong>\u201d, dispuso Mahiques. \u201cEl <strong>car\u00e1cter nocivo de ciertas expresiones y discursos<\/strong>, especialmente cuando son proferidos a trav\u00e9s de medios masivos de comunicaci\u00f3n, debe ser analizado en relaci\u00f3n a la forma de su emisi\u00f3n, a las circunstancias en que llegan a los receptores, y a los efectos reales o potenciales que el mensaje puede producir en ellos\u201d, postul\u00f3.<\/p>\n<p>El juez ahond\u00f3: \u201c<strong>Esto vale cuando las v\u00edctimas son destinatarias directas <\/strong>(como en las ofensas personales o en las amenazas), <strong>y tambi\u00e9n cuando las consecuencias son indirectas <\/strong>(como en la provocaci\u00f3n a la violencia o la discriminaci\u00f3n), en las que los damnificados eventuales son exteriores o ajenos a la situaci\u00f3n comunicacional\u201d. \u201cEl coraz\u00f3n de la libertad de expresi\u00f3n lo constituye el intercambio de ideas como vector de la opini\u00f3n p\u00fablica y es por tanto el inter\u00e9s general all\u00ed implicado el que cuenta con la protecci\u00f3n de la ley y de los magistrados. La imputaci\u00f3n efectuada por la parte querellante abarc\u00f3 varias posibles conductas punibles\u201d, respald\u00f3.<\/p>\n<p>\u201c<strong>La denuncia, en efecto, alude a la incitaci\u00f3n a la violencia<\/strong>, figura que en nuestra legislaci\u00f3n penal tutela el orden p\u00fablico como un bien propio del conjunto de la poblaci\u00f3n\u201d, manifest\u00f3. \u201cLas controvertidas expresiones del imputado examinadas en este legajo se definieron tambi\u00e9n por los denunciantes como <strong>discursos de odio<\/strong>. La noci\u00f3n exhibe cierta ambig\u00fcedad, pero es claro que apunta a situar los l\u00edmites tolerables de la discusi\u00f3n p\u00fablica y a fijar el cursor entre el debate pol\u00edtico virulento pero aceptable y el <em>hate speech<\/em> (discurso de odio)\u201d, cerr\u00f3 Mahiques.<\/p>\n<p><em>ML \/ ED<\/em><\/p>\n<div class=\"article__tags\">\n<p>En esta Nota<\/p>\n<\/p><\/div>\n","protected":false},"excerpt":{"rendered":"<p>La C\u00e1mara Federal de Casaci\u00f3n Penal orden\u00f3&nbsp;el viernes pasado reabrir una causa judicial contra el periodista y empresario fundador de El Destape, Roberto Navarro, por \u201cincitaci\u00f3n a la violencia\u201d contra los colegas Eduardo Feinmann, Jorge Lanata, Luis Majul, Baby Etchecopar y Jonatan Viale. Navarro, en agosto de 2022, hab\u00eda asegurado que \u201calgo tenemos que hacer [&hellip;]<\/p>\n","protected":false},"author":1,"featured_media":79181,"comment_status":"closed","ping_status":"closed","sticky":false,"template":"","format":"standard","meta":[],"categories":[19],"tags":[299,297,298,296],"_links":{"self":[{"href":"http:\/\/hoycordobaweb.com\/index.php\/wp-json\/wp\/v2\/posts\/79180"}],"collection":[{"href":"http:\/\/hoycordobaweb.com\/index.php\/wp-json\/wp\/v2\/posts"}],"about":[{"href":"http:\/\/hoycordobaweb.com\/index.php\/wp-json\/wp\/v2\/types\/post"}],"author":[{"embeddable":true,"href":"http:\/\/hoycordobaweb.com\/index.php\/wp-json\/wp\/v2\/users\/1"}],"replies":[{"embeddable":true,"href":"http:\/\/hoycordobaweb.com\/index.php\/wp-json\/wp\/v2\/comments?post=79180"}],"version-history":[{"count":0,"href":"http:\/\/hoycordobaweb.com\/index.php\/wp-json\/wp\/v2\/posts\/79180\/revisions"}],"wp:featuredmedia":[{"embeddable":true,"href":"http:\/\/hoycordobaweb.com\/index.php\/wp-json\/wp\/v2\/media\/79181"}],"wp:attachment":[{"href":"http:\/\/hoycordobaweb.com\/index.php\/wp-json\/wp\/v2\/media?parent=79180"}],"wp:term":[{"taxonomy":"category","embeddable":true,"href":"http:\/\/hoycordobaweb.com\/index.php\/wp-json\/wp\/v2\/categories?post=79180"},{"taxonomy":"post_tag","embeddable":true,"href":"http:\/\/hoycordobaweb.com\/index.php\/wp-json\/wp\/v2\/tags?post=79180"}],"curies":[{"name":"wp","href":"https:\/\/api.w.org\/{rel}","templated":true}]}}