{"id":79136,"date":"2024-06-18T15:14:37","date_gmt":"2024-06-18T15:14:37","guid":{"rendered":"https:\/\/www.mujerhoy.com\/moda\/tendencias\/nuevo-vestidos-midi-verano-instagram-zara-20240618171420-nt.html"},"modified":"2024-06-18T15:14:37","modified_gmt":"2024-06-18T15:14:37","slug":"este-verano-los-vestidos-de-lunares-seran-la-prenda-imprescindible-de-tu-armario","status":"publish","type":"post","link":"http:\/\/hoycordobaweb.com\/index.php\/2024\/06\/18\/este-verano-los-vestidos-de-lunares-seran-la-prenda-imprescindible-de-tu-armario\/","title":{"rendered":"Este verano, los vestidos de lunares ser\u00e1n la prenda imprescindible de tu armario"},"content":{"rendered":"<p><!-- AUTHOR --> <\/p>\n<div class=\"voc-author-timesocial \"> <!-- AUTHOR --> <\/p>\n<div class=\"voc-author-timesocial__signature \">\n<div class=\"voc-author-timesocial__img-c\"> <!-- IMAGE AUTHOR --> <picture class=\"voc-image-signature\"> <img class=\"voc-image-signature__img\" src=\"http:\/\/hoycordobaweb.com\/wp-content\/uploads\/2024\/06\/este-verano-los-vestidos-de-lunares-seran-la-prenda-imprescindible-de-tu-armario.jpg\" alt=\"Gemma Cano\"> <\/picture> <\/div>\n<p> <!-- INFO AUTHOR --> <\/p>\n<div class=\"voc-author-timesocial__info\">\n<div class=\"voc-author-info\"> <author> <a class=\"voc-author\" href=\"https:\/\/www.mujerhoy.com\/autor\/gemma-cano-1220.html\">Gemma Cano<\/a> <\/author> <time datetime=\"2024-06-18T15:14:37Z\" data-timestamp>Publicado \u00b7 <span data-voc-date-modified-short>18 de junio de 2024, 17:14 h<\/span><\/time> <\/div><\/div><\/div><\/div>\n<p> <!-- COMPONENTS --> <\/p>\n<p class=\"voc-paragraph\">Aunque los vestidos lisos son siempre una apuesta ganadora, hay vida m\u00e1s all\u00e1 de esa cl\u00e1sica propuesta. De entre todas las novedades, que <a data-voc-vtm-id=\"in-text-traffic\" href=\"https:\/\/www.mujerhoy.com\/moda\/tendencias\/flores-pelo-verano-accesoros-basicos-zara-20240612132819-nt.html\">son tendencia este verano<\/a>, hay una que acapara toda nuestra atenci\u00f3n y que ha sido versionada por nuestras marcas de referencia. <\/p>\n<p class=\"voc-paragraph\">Hablamos del vestido con estampado de lunares, en su versi\u00f3n m\u00e1s veraniega. Una prenda que siempre resurge con la llegada del buen tiempo y que <strong>tiene el poder de crear un look sofisticado de manera muy r\u00e1pida<\/strong>. Y aunque es una prenda que se puede adaptar a cualquier \u00e9poca del a\u00f1o, es la pieza perfecta para los meses m\u00e1s calurosos del a\u00f1o.\n<\/p>\n<div class=\"voc-detail-photo-zoom\"> <picture data-toggle=\"modal\" data-target=\"#photoZoomModal-525\" target=\"modal\">\n<div class=\"voc-img-icon-link\"> <img loading=\"lazy\" src=\"http:\/\/hoycordobaweb.com\/wp-content\/uploads\/2024\/06\/este-verano-los-vestidos-de-lunares-seran-la-prenda-imprescindible-de-tu-armario-1.jpg\" width=\"650\" height=\"900\"> <noscript> <img src=\"http:\/\/hoycordobaweb.com\/wp-content\/uploads\/2024\/06\/este-verano-los-vestidos-de-lunares-seran-la-prenda-imprescindible-de-tu-armario-1.jpg\"> <\/noscript> <i class=\"voc-icons zoom voc-multimedia-box voc-ico-l\"><\/i> <\/div><figcaption class=\"figure-caption\"><\/figcaption><\/picture>\n<\/div>\n<div id=\"photoZoomModal-525\" class=\"voc-lightbox modal fade voc-lightbox--photo-zoom\" role=\"dialog\" data-voc-photozoom-lightbox>\n<div class=\"voc-lightbox__dialog\" role=\"document\">\n<div class=\"voc-lightbox__content\"> <!-- Modal header --> <!-- Modal content --> <\/p>\n<div class=\"voc-lightbox__photo-container\"> <picture class> <img loading=\"lazy\" src=\"http:\/\/hoycordobaweb.com\/wp-content\/uploads\/2024\/06\/este-verano-los-vestidos-de-lunares-seran-la-prenda-imprescindible-de-tu-armario-1.jpg\"> <noscript> <img src=\"http:\/\/hoycordobaweb.com\/wp-content\/uploads\/2024\/06\/este-verano-los-vestidos-de-lunares-seran-la-prenda-imprescindible-de-tu-armario-1.jpg\"> <\/noscript> <\/picture> <\/div><\/div><\/div>\n<\/div>\n<p class=\"voc-paragraph\">Las opciones son infinitas: pero el de corte midi es nuestro favorito esta temporada. Para facilitarte la tarea, hemos seleccionado<br \/>\n<a data-voc-vtm-id=\"in-text-traffic\" href=\"https:\/\/www.mujerhoy.com\/moda\/no-te-pierdas\/camisa-blanca-nuevo-instagram-basicos-verano-zara-20240609105734-nt.html\"> los dise\u00f1os m\u00e1s especiales<\/a> de la nueva temporada, que llevar\u00e1s sin parar durante los pr\u00f3ximos meses. Los encontrar\u00e1s en la secci\u00f3n de novedades de Zara. \u00bfCu\u00e1l vas a a\u00f1adir a <strong>tu lista de deseos<\/strong>?\n<\/p>\n<div class=\"voc-detail-photo-zoom\"> <picture data-toggle=\"modal\" data-target=\"#photoZoomModal-35\" target=\"modal\">\n<div class=\"voc-img-icon-link\"> <img loading=\"lazy\" src=\"http:\/\/hoycordobaweb.com\/wp-content\/uploads\/2024\/06\/este-verano-los-vestidos-de-lunares-seran-la-prenda-imprescindible-de-tu-armario-2.jpg\" width=\"460\" height=\"637\" alt=\"Vestido con estampado de lunares de Zara (29,99 euros)\"> <noscript> <img src=\"http:\/\/hoycordobaweb.com\/wp-content\/uploads\/2024\/06\/este-verano-los-vestidos-de-lunares-seran-la-prenda-imprescindible-de-tu-armario-2.jpg\" alt=\"Vestido con estampado de lunares de Zara (29,99 euros)\"> <\/noscript> <i class=\"voc-icons zoom voc-multimedia-box voc-ico-l\"><\/i> <\/div><figcaption class=\"figure-caption\">Vestido con estampado de lunares de Zara (29,99 euros)<\/figcaption><\/picture>\n<\/div>\n<div id=\"photoZoomModal-35\" class=\"voc-lightbox modal fade voc-lightbox--photo-zoom\" role=\"dialog\" data-voc-photozoom-lightbox>\n<div class=\"voc-lightbox__dialog\" role=\"document\">\n<div class=\"voc-lightbox__content\"> <!-- Modal header --> <!-- Modal content --> <\/p>\n<div class=\"voc-lightbox__photo-container\"> <picture class> <img loading=\"lazy\" src=\"http:\/\/hoycordobaweb.com\/wp-content\/uploads\/2024\/06\/este-verano-los-vestidos-de-lunares-seran-la-prenda-imprescindible-de-tu-armario-2.jpg\" alt=\"Vestido con estampado de lunares de Zara (29,99 euros)\"> <noscript> <img src=\"http:\/\/hoycordobaweb.com\/wp-content\/uploads\/2024\/06\/este-verano-los-vestidos-de-lunares-seran-la-prenda-imprescindible-de-tu-armario-2.jpg\" alt=\"Vestido con estampado de lunares de Zara (29,99 euros)\"> <\/noscript> <\/picture> <\/div><\/div><\/div>\n<\/div>\n<p><h3 class=\"voc-detail__title\"> Vestido con estampado de lunares de Zara (29,99 euros)<br \/>\n<\/h3>\n<\/p>\n<p class=\"voc-paragraph\">El dise\u00f1o m\u00e1s especial, que podr\u00e1s llevar en las celebraciones de verano.\n<\/p>\n<div class=\"voc-detail-photo-zoom\"> <picture data-toggle=\"modal\" data-target=\"#photoZoomModal-679\" target=\"modal\">\n<div class=\"voc-img-icon-link\"> <img loading=\"lazy\" src=\"http:\/\/hoycordobaweb.com\/wp-content\/uploads\/2024\/06\/este-verano-los-vestidos-de-lunares-seran-la-prenda-imprescindible-de-tu-armario.webp\" width=\"650\" height=\"900\"> <noscript> <img src=\"http:\/\/hoycordobaweb.com\/wp-content\/uploads\/2024\/06\/este-verano-los-vestidos-de-lunares-seran-la-prenda-imprescindible-de-tu-armario.webp\"> <\/noscript> <i class=\"voc-icons zoom voc-multimedia-box voc-ico-l\"><\/i> <\/div><figcaption class=\"figure-caption\"><\/figcaption><\/picture>\n<\/div>\n<div id=\"photoZoomModal-679\" class=\"voc-lightbox modal fade voc-lightbox--photo-zoom\" role=\"dialog\" data-voc-photozoom-lightbox>\n<div class=\"voc-lightbox__dialog\" role=\"document\">\n<div class=\"voc-lightbox__content\"> <!-- Modal header --> <!-- Modal content --> <\/p>\n<div class=\"voc-lightbox__photo-container\"> <picture class> <img loading=\"lazy\" src=\"http:\/\/hoycordobaweb.com\/wp-content\/uploads\/2024\/06\/este-verano-los-vestidos-de-lunares-seran-la-prenda-imprescindible-de-tu-armario.webp\"> <noscript> <img src=\"http:\/\/hoycordobaweb.com\/wp-content\/uploads\/2024\/06\/este-verano-los-vestidos-de-lunares-seran-la-prenda-imprescindible-de-tu-armario.webp\"> <\/noscript> <\/picture> <\/div><\/div><\/div>\n<\/div>\n<p class=\"voc-paragraph\">No hay mejor momento, que los primeros d\u00edas de verano, para llevar este tipo de vestidos estampados de la forma que m\u00e1s te guste. Si buscas un look de estilo franc\u00e9s, para refrescar tu armario, ya lo has encontrado.\n<\/p>\n<div class=\"voc-detail-photo-zoom\"> <picture data-toggle=\"modal\" data-target=\"#photoZoomModal-916\" target=\"modal\">\n<div class=\"voc-img-icon-link\"> <img loading=\"lazy\" src=\"http:\/\/hoycordobaweb.com\/wp-content\/uploads\/2024\/06\/este-verano-los-vestidos-de-lunares-seran-la-prenda-imprescindible-de-tu-armario-1.webp\" width=\"460\" height=\"637\" alt=\"Vestido con estampado de lunares de Zara (35,99 euros)\"> <noscript> <img src=\"http:\/\/hoycordobaweb.com\/wp-content\/uploads\/2024\/06\/este-verano-los-vestidos-de-lunares-seran-la-prenda-imprescindible-de-tu-armario-1.webp\" alt=\"Vestido con estampado de lunares de Zara (35,99 euros)\"> <\/noscript> <i class=\"voc-icons zoom voc-multimedia-box voc-ico-l\"><\/i> <\/div><figcaption class=\"figure-caption\">Vestido con estampado de lunares de Zara (35,99 euros)<\/figcaption><\/picture>\n<\/div>\n<div id=\"photoZoomModal-916\" class=\"voc-lightbox modal fade voc-lightbox--photo-zoom\" role=\"dialog\" data-voc-photozoom-lightbox>\n<div class=\"voc-lightbox__dialog\" role=\"document\">\n<div class=\"voc-lightbox__content\"> <!-- Modal header --> <!-- Modal content --> <\/p>\n<div class=\"voc-lightbox__photo-container\"> <picture class> <img loading=\"lazy\" src=\"http:\/\/hoycordobaweb.com\/wp-content\/uploads\/2024\/06\/este-verano-los-vestidos-de-lunares-seran-la-prenda-imprescindible-de-tu-armario-1.webp\" alt=\"Vestido con estampado de lunares de Zara (35,99 euros)\"> <noscript> <img src=\"http:\/\/hoycordobaweb.com\/wp-content\/uploads\/2024\/06\/este-verano-los-vestidos-de-lunares-seran-la-prenda-imprescindible-de-tu-armario-1.webp\" alt=\"Vestido con estampado de lunares de Zara (35,99 euros)\"> <\/noscript> <\/picture> <\/div><\/div><\/div>\n<\/div>\n<p><h3 class=\"voc-detail__title\"> Vestido con estampado de lunares de Zara (35,99 euros)<br \/>\n<\/h3>\n<\/p>\n<p class=\"voc-paragraph\">Los tonos tierra, como el marr\u00f3n, son los mejores aliados de este tipo de dise\u00f1os.\n<\/p>\n<div class=\"voc-detail-photo-zoom\"> <picture data-toggle=\"modal\" data-target=\"#photoZoomModal-681\" target=\"modal\">\n<div class=\"voc-img-icon-link\"> <img loading=\"lazy\" src=\"http:\/\/hoycordobaweb.com\/wp-content\/uploads\/2024\/06\/este-verano-los-vestidos-de-lunares-seran-la-prenda-imprescindible-de-tu-armario-2.webp\" width=\"650\" height=\"900\"> <noscript> <img src=\"http:\/\/hoycordobaweb.com\/wp-content\/uploads\/2024\/06\/este-verano-los-vestidos-de-lunares-seran-la-prenda-imprescindible-de-tu-armario-2.webp\"> <\/noscript> <i class=\"voc-icons zoom voc-multimedia-box voc-ico-l\"><\/i> <\/div><figcaption class=\"figure-caption\"><\/figcaption><\/picture>\n<\/div>\n<div id=\"photoZoomModal-681\" class=\"voc-lightbox modal fade voc-lightbox--photo-zoom\" role=\"dialog\" data-voc-photozoom-lightbox>\n<div class=\"voc-lightbox__dialog\" role=\"document\">\n<div class=\"voc-lightbox__content\"> <!-- Modal header --> <!-- Modal content --> <\/p>\n<div class=\"voc-lightbox__photo-container\"> <picture class> <img loading=\"lazy\" src=\"http:\/\/hoycordobaweb.com\/wp-content\/uploads\/2024\/06\/este-verano-los-vestidos-de-lunares-seran-la-prenda-imprescindible-de-tu-armario-2.webp\"> <noscript> <img src=\"http:\/\/hoycordobaweb.com\/wp-content\/uploads\/2024\/06\/este-verano-los-vestidos-de-lunares-seran-la-prenda-imprescindible-de-tu-armario-2.webp\"> <\/noscript> <\/picture> <\/div><\/div><\/div>\n<\/div>\n<p class=\"voc-paragraph\">El vestido lencero con estampado de lunares es un b\u00e1sico que resurge siempre con el buen tiempo. \u00bfC\u00f3mo llevarlo los pr\u00f3ximos meses? Con tus sandalias favoritas y un buen bolso de rafia.\n<\/p>\n<div class=\"voc-detail-photo-zoom\"> <picture data-toggle=\"modal\" data-target=\"#photoZoomModal-390\" target=\"modal\">\n<div class=\"voc-img-icon-link\"> <img loading=\"lazy\" src=\"http:\/\/hoycordobaweb.com\/wp-content\/uploads\/2024\/06\/este-verano-los-vestidos-de-lunares-seran-la-prenda-imprescindible-de-tu-armario-3.webp\" width=\"460\" height=\"637\" alt=\"Vestido estampado de Zara (35,99 euros)\"> <noscript> <img src=\"http:\/\/hoycordobaweb.com\/wp-content\/uploads\/2024\/06\/este-verano-los-vestidos-de-lunares-seran-la-prenda-imprescindible-de-tu-armario-3.webp\" alt=\"Vestido estampado de Zara (35,99 euros)\"> <\/noscript> <i class=\"voc-icons zoom voc-multimedia-box voc-ico-l\"><\/i> <\/div><figcaption class=\"figure-caption\">Vestido estampado de Zara (35,99 euros)<\/figcaption><\/picture>\n<\/div>\n<div id=\"photoZoomModal-390\" class=\"voc-lightbox modal fade voc-lightbox--photo-zoom\" role=\"dialog\" data-voc-photozoom-lightbox>\n<div class=\"voc-lightbox__dialog\" role=\"document\">\n<div class=\"voc-lightbox__content\"> <!-- Modal header --> <!-- Modal content --> <\/p>\n<div class=\"voc-lightbox__photo-container\"> <picture class> <img loading=\"lazy\" src=\"http:\/\/hoycordobaweb.com\/wp-content\/uploads\/2024\/06\/este-verano-los-vestidos-de-lunares-seran-la-prenda-imprescindible-de-tu-armario-3.webp\" alt=\"Vestido estampado de Zara (35,99 euros)\"> <noscript> <img src=\"http:\/\/hoycordobaweb.com\/wp-content\/uploads\/2024\/06\/este-verano-los-vestidos-de-lunares-seran-la-prenda-imprescindible-de-tu-armario-3.webp\" alt=\"Vestido estampado de Zara (35,99 euros)\"> <\/noscript> <\/picture> <\/div><\/div><\/div>\n<\/div>\n<p><h3 class=\"voc-detail__title\"> Vestido estampado de Zara (35,99 euros)<br \/>\n<\/h3>\n<\/p>\n<p class=\"voc-paragraph\">La combinaci\u00f3n de blanco y negro es siempre una apuesta segura. Adem\u00e1s, este corte sienta bien a todas las siluetas.\n<\/p>\n<p> <!-- TOPICS --> <\/p>\n","protected":false},"excerpt":{"rendered":"<p>Gemma Cano Publicado \u00b7 18 de junio de 2024, 17:14 h Aunque los vestidos lisos son siempre una apuesta ganadora, hay vida m\u00e1s all\u00e1 de esa cl\u00e1sica propuesta. De entre todas las novedades, que son tendencia este verano, hay una que acapara toda nuestra atenci\u00f3n y que ha sido versionada por nuestras marcas de referencia. [&hellip;]<\/p>\n","protected":false},"author":1,"featured_media":79137,"comment_status":"closed","ping_status":"closed","sticky":false,"template":"","format":"standard","meta":[],"categories":[],"tags":[],"_links":{"self":[{"href":"http:\/\/hoycordobaweb.com\/index.php\/wp-json\/wp\/v2\/posts\/79136"}],"collection":[{"href":"http:\/\/hoycordobaweb.com\/index.php\/wp-json\/wp\/v2\/posts"}],"about":[{"href":"http:\/\/hoycordobaweb.com\/index.php\/wp-json\/wp\/v2\/types\/post"}],"author":[{"embeddable":true,"href":"http:\/\/hoycordobaweb.com\/index.php\/wp-json\/wp\/v2\/users\/1"}],"replies":[{"embeddable":true,"href":"http:\/\/hoycordobaweb.com\/index.php\/wp-json\/wp\/v2\/comments?post=79136"}],"version-history":[{"count":0,"href":"http:\/\/hoycordobaweb.com\/index.php\/wp-json\/wp\/v2\/posts\/79136\/revisions"}],"wp:featuredmedia":[{"embeddable":true,"href":"http:\/\/hoycordobaweb.com\/index.php\/wp-json\/wp\/v2\/media\/79137"}],"wp:attachment":[{"href":"http:\/\/hoycordobaweb.com\/index.php\/wp-json\/wp\/v2\/media?parent=79136"}],"wp:term":[{"taxonomy":"category","embeddable":true,"href":"http:\/\/hoycordobaweb.com\/index.php\/wp-json\/wp\/v2\/categories?post=79136"},{"taxonomy":"post_tag","embeddable":true,"href":"http:\/\/hoycordobaweb.com\/index.php\/wp-json\/wp\/v2\/tags?post=79136"}],"curies":[{"name":"wp","href":"https:\/\/api.w.org\/{rel}","templated":true}]}}