{"id":79128,"date":"2024-06-17T23:55:00","date_gmt":"2024-06-17T23:55:00","guid":{"rendered":"https:\/\/www.ole.com.ar\/futbol-internacional\/posteo-mbappe-fractura-francia-austria_0_alyA5rVOCT.html"},"modified":"2024-06-17T23:55:00","modified_gmt":"2024-06-17T23:55:00","slug":"el-posteo-de-mbappe-tras-la-fractura","status":"publish","type":"post","link":"http:\/\/hoycordobaweb.com\/index.php\/2024\/06\/17\/el-posteo-de-mbappe-tras-la-fractura\/","title":{"rendered":"El posteo de Mbapp\u00e9 tras la fractura"},"content":{"rendered":"<p><img src=\"http:\/\/hoycordobaweb.com\/wp-content\/uploads\/2024\/06\/el-posteo-de-mbappe-tras-la-fractura.jpg\"><\/p>\n<div><img src=\"http:\/\/hoycordobaweb.com\/wp-content\/uploads\/2024\/06\/el-posteo-de-mbappe-tras-la-fractura.jpg\" class=\"ff-og-image-inserted\"><\/div>\n<div readability=\"13.622166246851\">\n<p><a href=\"https:\/\/www.ole.com.ar\/futbol-internacional\/video-mbappe-perdio-sangre-entro-tirarse-piso-lesion_0_4FXXvaeX36.html\" target=\"_self\" title=\"La fractura de Kylian Mbapp\u00e9\" alt=\"La fractura de Kylian Mbapp\u00e9\" rel=\"noopener noreferrer\">La fractura de Kylian Mbapp\u00e9<\/a>, delantero de Francia, en el partido que los <a href=\"https:\/\/www.ole.com.ar\/futbol-internacional\/francia-jugadores-distintos-final-qatar-debut-eurocopa_0_eFggsodpWC.html\" target=\"_self\" title=\"subcampeones del mundo\" alt=\"subcampeones del mundo\" rel=\"noopener noreferrer\">subcampeones del mundo<\/a> le ganaron 1 a 0 a Austria en el debut por la <strong><a href=\"https:\/\/www.ole.com.ar\/tema\/eurocopa-2024.html\" title=\"Eurocopa 2024\" alt=\"Eurocopa 2024\" class=\"slug\">Eurocopa<\/a><\/strong>, gener\u00f3 un enorme impacto mundial y preocupaci\u00f3n. Sobre todo, cuando se inform\u00f3 que habr\u00eda una intervenci\u00f3n quir\u00fargica en la prensa gala, dato que despu\u00e9s fue desmentido por el presidente de la Federaci\u00f3n de ese pa\u00eds, Philliphe Diallo.<\/p>\n<\/div>\n<div readability=\"14\">\n<p>R\u00e1pidamente, con las dudas expuestas sobre cu\u00e1ndo volver\u00e1 a actuar el nuevo refuerzo del Real Madrid, si este viernes ante Pa\u00edses Bajos o m\u00e1s adelante, se instal\u00f3 el dato de que deber\u00eda jugar con una m\u00e1scara protectora sobre su rostro, algo habitual en los futbolistas que sufren este tipo de lesiones.<\/p>\n<\/div>\n","protected":false},"excerpt":{"rendered":"<p>La fractura de Kylian Mbapp\u00e9, delantero de Francia, en el partido que los subcampeones del mundo le ganaron 1 a 0 a Austria en el debut por la Eurocopa, gener\u00f3 un enorme impacto mundial y preocupaci\u00f3n. Sobre todo, cuando se inform\u00f3 que habr\u00eda una intervenci\u00f3n quir\u00fargica en la prensa gala, dato que despu\u00e9s fue desmentido [&hellip;]<\/p>\n","protected":false},"author":1,"featured_media":79129,"comment_status":"open","ping_status":"closed","sticky":false,"template":"","format":"standard","meta":[],"categories":[16],"tags":[],"_links":{"self":[{"href":"http:\/\/hoycordobaweb.com\/index.php\/wp-json\/wp\/v2\/posts\/79128"}],"collection":[{"href":"http:\/\/hoycordobaweb.com\/index.php\/wp-json\/wp\/v2\/posts"}],"about":[{"href":"http:\/\/hoycordobaweb.com\/index.php\/wp-json\/wp\/v2\/types\/post"}],"author":[{"embeddable":true,"href":"http:\/\/hoycordobaweb.com\/index.php\/wp-json\/wp\/v2\/users\/1"}],"replies":[{"embeddable":true,"href":"http:\/\/hoycordobaweb.com\/index.php\/wp-json\/wp\/v2\/comments?post=79128"}],"version-history":[{"count":0,"href":"http:\/\/hoycordobaweb.com\/index.php\/wp-json\/wp\/v2\/posts\/79128\/revisions"}],"wp:featuredmedia":[{"embeddable":true,"href":"http:\/\/hoycordobaweb.com\/index.php\/wp-json\/wp\/v2\/media\/79129"}],"wp:attachment":[{"href":"http:\/\/hoycordobaweb.com\/index.php\/wp-json\/wp\/v2\/media?parent=79128"}],"wp:term":[{"taxonomy":"category","embeddable":true,"href":"http:\/\/hoycordobaweb.com\/index.php\/wp-json\/wp\/v2\/categories?post=79128"},{"taxonomy":"post_tag","embeddable":true,"href":"http:\/\/hoycordobaweb.com\/index.php\/wp-json\/wp\/v2\/tags?post=79128"}],"curies":[{"name":"wp","href":"https:\/\/api.w.org\/{rel}","templated":true}]}}