{"id":79092,"date":"2024-06-17T15:25:37","date_gmt":"2024-06-17T15:25:37","guid":{"rendered":"https:\/\/www.mujerhoy.com\/moda\/no-te-pierdas\/nieves-alvarez-invitada-mejor-vestida-boda-melissa-villareal-20240617172529-nt.html"},"modified":"2024-06-17T15:25:37","modified_gmt":"2024-06-17T15:25:37","slug":"por-que-nieves-alvarez-fue-la-invitada-mejor-vestida-en-la-boda-de-melissa-villarreal-del-rosa-y-rojo-al-tocado-mas-elegante","status":"publish","type":"post","link":"http:\/\/hoycordobaweb.com\/index.php\/2024\/06\/17\/por-que-nieves-alvarez-fue-la-invitada-mejor-vestida-en-la-boda-de-melissa-villarreal-del-rosa-y-rojo-al-tocado-mas-elegante\/","title":{"rendered":"Por qu\u00e9 Nieves \u00c1lvarez fue la invitada mejor vestida en la boda de Melissa Villarreal: del rosa y rojo al tocado m\u00e1s elegante"},"content":{"rendered":"<p><!-- AUTHOR --> <\/p>\n<div class=\"voc-author-timesocial \"> <!-- AUTHOR --> <\/p>\n<div class=\"voc-author-timesocial__signature \">\n<div class=\"voc-author-timesocial__img-c\"> <!-- IMAGE AUTHOR --> <picture class=\"voc-image-signature\"> <img class=\"voc-image-signature__img\" src=\"http:\/\/hoycordobaweb.com\/wp-content\/uploads\/2024\/06\/por-que-nieves-alvarez-fue-la-invitada-mejor-vestida-en-la-boda-de-melissa-villarreal-del-rosa-y-rojo-al-tocado-mas-elegante.png\" alt=\"Lidia A. Costa\"> <\/picture> <\/div>\n<p> <!-- INFO AUTHOR --> <\/div><\/div>\n<p> <!-- COMPONENTS --> <\/p>\n<p class=\"voc-paragraph\"><a data-voc-vtm-id=\"in-text-traffic\" href=\"https:\/\/www.mujerhoy.com\/temas\/personajes\/nieves-alvarez.html\">Nieves \u00c1lvarez<\/a>, la querida y admirada modelo y presentadora, adem\u00e1s de una de las mujeres m\u00e1s bellas y elegantes de nuestro pa\u00eds, triunf\u00f3 de nuevo el pasado fin de semana. Su look de <strong>invitada en la boda de la influencer Melissa Villarreal<\/strong>, que se cas\u00f3 el s\u00e1bado 18 de mayo cerca de Gij\u00f3n, fue sencillamente perfecto. Insuperable. Nieves \u00c1lvarez fue la mejor vestida del evento, con permiso de la mism\u00edsima novia.\n<\/p>\n<p class=\"voc-paragraph\">Su look escogido, <strong>obra de Redondo Brand<\/strong>, estaba formado por top rojo y falda rosa, acompa\u00f1ado de zapatos fucsia y un tocado con redecilla que recordaba, salvando las distancias, al que <a data-voc-vtm-id=\"in-text-traffic\" href=\"https:\/\/www.mujerhoy.com\/temas\/personajes\/rosalia.html\">la cantante Rosal\u00eda<\/a> llev\u00f3 en la gala MET.\n<\/p>\n<p><h3 class=\"voc-detail__title\"> Nieves \u00c1lvarez, la mejor vestida de la boda de Melissa Villarreal<br \/>\n<\/h3>\n<\/p>\n<p class=\"voc-paragraph\">La modelo y presentadora de Flash Moda, el veterano programa de moda de TVE, fue una de las invitadas VIP a la boda de Melissa Villarreal. La creadora de contenido y empresaria, fundadora junto a su hermana Grace de la firma de moda <strong>The Villa Concept<\/strong>, se cas\u00f3 el s\u00e1bado 18 de mayo con su novio desde hac\u00eda dos a\u00f1os, el tambi\u00e9n empresario Eduardo Zouein. La boda se celebr\u00f3 en la localidad de Somi\u00f3, muy cerca de Gij\u00f3n y de donde procede la familia del novio. <\/p>\n<p class=\"voc-paragraph\">Nieves \u00c1lvarez, que fue una de las invitadas famosas al enlace, result\u00f3 sin duda la mejor vestida de una celebraci\u00f3n en la que el list\u00f3n estaba muy alto. Empezando por la novia, que luci\u00f3 <strong>un precioso look nupcial de Inu\u00f1ez Atelier<\/strong>, la firma de Isabel N\u00fa\u00f1ez de Armas, al que sum\u00f3 una especie de top de red en peder\u00eda y con escote asim\u00e9trico. Un toque muy original y con efecto sorpresa que nos encant\u00f3. Las joyas eran de la firma catalana Rabat. <\/p>\n<p class=\"voc-paragraph\">Pero si la novia estaba estupenda y guap\u00edsima, nos toca hablar de la invitada mejor vestida. Un m\u00e9rito que se llev\u00f3 Nieves \u00c1lvarez, <strong>vestida de rojo y fucsia y elegant\u00edsima<\/strong> gracias a su look de Redondo Brand, un nuevo acierto total creado por su estilista de cabecera, <strong>el malague\u00f1o Fran Marto<\/strong>. El estilismo estaba formado por un cuerpo en tafet\u00e1n y bajo tipo peplum en color rojo y con una gran flor en 3D, y falda larga y plisada con capas de tul y gasa, ambas prendas obra de Jorge Redondo, uno de los j\u00f3venes dise\u00f1adores m\u00e1s queridos y admirados por las mujeres m\u00e1s elegantes, especialmente de la alta sociedad. Y que ha logrado posicionar su firma como una de las favoritas de a jet en tiempo r\u00e9cord.\n<\/p>\n<div class=\"voc-detail__cmp\" readability=\"6.5\">\n<div class=\"voc-photo-combo-three fw-xs\" readability=\"8\">\n<p class=\"figure-caption\"> <span class=\"voc-photo-caption\">El look de invitada de Redondo Brand que llev\u00f3 Nieves \u00c1lvarez en la boda de Melissa Villarreal. \/ <\/span> <span class=\"voc-photo-author\">INSTAGRAM<\/span> <\/p>\n<\/p><\/div><\/div>\n<p class=\"voc-paragraph\">La modelo y presentadora, que cumpli\u00f3 50 espl\u00e9ndidos a\u00f1os el pasado 30 de marzo, complet\u00f3 su fant\u00e1stico estilismo con un precioso y elegant\u00edsimo tocado de <strong>diadema con redecilla, de Mimoki<\/strong>, firma creada por la arist\u00f3crata Ana Mar\u00eda Chico de Guzm\u00e1n y que tambi\u00e9n es la preferida entre las invitadas m\u00e1s \u00abpijas\u00bb. Una pieza muy fina y delicada que velaba de forma muy sutil su maravilloso rostro y que recordaba al tocado que llev\u00f3 recientemente la cantante Rosal\u00eda en la gala MET. La modelo sum\u00f3 a su look unos <strong>zapatos en ante fucsia de Aquazzura y clutch dorado<\/strong>. Insuperable.\n<\/p>\n<p><h3 class=\"voc-detail__title\"> Nieves \u00c1lvarez o c\u00f3mo seguir siendo la diosa de la moda a los 50 a\u00f1os<br \/>\n<\/h3>\n<\/p>\n<p class=\"voc-paragraph\">Nieves \u00c1lvarez naci\u00f3 en Madrid el 30 de marzo de 1974, por lo que acaba de cumplir 50 espl\u00e9ndidos a\u00f1os. Es madre de Adriano, de 18 a\u00f1os, y los mellizos Brando y Bianca, de 16, los tres hijos que tuvo con su exmarido, el fot\u00f3grafo italiano Marco Severini y de quien se divorci\u00f3 en 2015 despu\u00e9s de 13 a\u00f1os de matrimonio. Siempre ha llevado <strong>con m\u00e1xima discreci\u00f3n su vida privada<\/strong>, pero desde que presenta el programa de moda en TVE Flash Moda, y ya hace m\u00e1s de 12 a\u00f1os, se ha convertido en un personaje a\u00fan m\u00e1s popular y querido en nuestro pa\u00eds. <\/p>\n<div class=\"voc-detail__cmp\">\n<div class=\"voc-article-container\">\n<article class=\"voc-article voc-article--cmp-photo-text\" readability=\"26\">\n<div class=\"voc-img-container\" readability=\"7\"> <picture>\n<div class=\"voc-horizontal voc-img-icon-link\"> <img loading=\"lazy\" src=\"http:\/\/hoycordobaweb.com\/wp-content\/uploads\/2024\/06\/por-que-nieves-alvarez-fue-la-invitada-mejor-vestida-en-la-boda-de-melissa-villarreal-del-rosa-y-rojo-al-tocado-mas-elegante.webp\" alt=\"Nieves \u00c1lvarez en el fitting de su vestido junto a Jorge Redondo. \" width=\"624\" height=\"624\"> <\/div>\n<\/picture>\n<p class=\"figure-caption \"> Nieves \u00c1lvarez en el fitting de su vestido junto a Jorge Redondo. \/ <span class=\"voc-photo-author\"> instagram <\/span> <\/p>\n<\/p><\/div>\n<\/article><\/div>\n<\/div>\n<p class=\"voc-paragraph\">Su carrera como modelo comenz\u00f3 en 1992 al quedar finalista en el famoso concurso Elite Look of the Year, de la prestigiosa agencia internacional de modelos Elite. A partir de aquel momento, se convirti\u00f3 en <strong>una de las modelos m\u00e1s importantes de su generaci\u00f3n<\/strong>, hasta hoy. Divide su tiempo entre su nueva firma de cosm\u00e9tica, la televisi\u00f3n y otros numerosos compromisos profesionales que la mantienen como uno de los rostros m\u00e1s populares de nuestro pa\u00eds. Y sigue siendo tambi\u00e9n la musa insustituible del dise\u00f1ador franc\u00e9s de alta costura <a data-voc-vtm-id=\"in-text-traffic\" href=\"https:\/\/www.mujerhoy.com\/temas\/marcas\/stephane-rolland.html\">St\u00e9phane Rolland<\/a>, cuyos desfiles protagoniza desde hace a\u00f1os luciendo como la diosa que es los esculturales y fabulosos dise\u00f1os del couturier galo. <\/p>\n<p class=\"voc-paragraph\">En su reciente aparici\u00f3n en la boda de Melissa Villareal, Nieves \u00c1lvarez, que sale desde hace dos a\u00f1os con <strong>el empresario de origen liban\u00e9s Bill Saad<\/strong>, dej\u00f3 claro de nuevo quien sigue siendo la gran dama de la moda en este pa\u00eds. No se nos ocurre a nadie que pueda hacerle sombra a la madrile\u00f1a, due\u00f1a de un sentido de la elegancia innato que fascina irremediablemente cada vez que aparece ante una c\u00e1mara. Una presencia fascinante que, unido a su gran sentido del humor \u2013sus historias en Instagram a veces son realmente desternillantes- y a una profesionalidad y amabilidad perennes, sit\u00faan a Nieves \u00c1lvarez como una de <strong>nuestras famosas m\u00e1s queridas y admiradas<\/strong>.\n<\/p>\n<p> <!-- TOPICS --> <\/p>\n","protected":false},"excerpt":{"rendered":"<p>Nieves \u00c1lvarez, la querida y admirada modelo y presentadora, adem\u00e1s de una de las mujeres m\u00e1s bellas y elegantes de nuestro pa\u00eds, triunf\u00f3 de nuevo el pasado fin de semana. Su look de invitada en la boda de la influencer Melissa Villarreal, que se cas\u00f3 el s\u00e1bado 18 de mayo cerca de Gij\u00f3n, fue sencillamente [&hellip;]<\/p>\n","protected":false},"author":1,"featured_media":79093,"comment_status":"closed","ping_status":"closed","sticky":false,"template":"","format":"standard","meta":[],"categories":[],"tags":[],"_links":{"self":[{"href":"http:\/\/hoycordobaweb.com\/index.php\/wp-json\/wp\/v2\/posts\/79092"}],"collection":[{"href":"http:\/\/hoycordobaweb.com\/index.php\/wp-json\/wp\/v2\/posts"}],"about":[{"href":"http:\/\/hoycordobaweb.com\/index.php\/wp-json\/wp\/v2\/types\/post"}],"author":[{"embeddable":true,"href":"http:\/\/hoycordobaweb.com\/index.php\/wp-json\/wp\/v2\/users\/1"}],"replies":[{"embeddable":true,"href":"http:\/\/hoycordobaweb.com\/index.php\/wp-json\/wp\/v2\/comments?post=79092"}],"version-history":[{"count":0,"href":"http:\/\/hoycordobaweb.com\/index.php\/wp-json\/wp\/v2\/posts\/79092\/revisions"}],"wp:featuredmedia":[{"embeddable":true,"href":"http:\/\/hoycordobaweb.com\/index.php\/wp-json\/wp\/v2\/media\/79093"}],"wp:attachment":[{"href":"http:\/\/hoycordobaweb.com\/index.php\/wp-json\/wp\/v2\/media?parent=79092"}],"wp:term":[{"taxonomy":"category","embeddable":true,"href":"http:\/\/hoycordobaweb.com\/index.php\/wp-json\/wp\/v2\/categories?post=79092"},{"taxonomy":"post_tag","embeddable":true,"href":"http:\/\/hoycordobaweb.com\/index.php\/wp-json\/wp\/v2\/tags?post=79092"}],"curies":[{"name":"wp","href":"https:\/\/api.w.org\/{rel}","templated":true}]}}