{"id":79076,"date":"2024-06-17T01:29:49","date_gmt":"2024-06-17T01:29:49","guid":{"rendered":"https:\/\/www.ole.com.ar\/futbol-internacional\/oficial-uruguay-presento-nueva-camiseta-copa-america_0_uaSuQK02gh.html"},"modified":"2024-06-17T01:29:49","modified_gmt":"2024-06-17T01:29:49","slug":"oficial-uruguay-presento-su-nueva-camiseta-para-la-copa-america","status":"publish","type":"post","link":"http:\/\/hoycordobaweb.com\/index.php\/2024\/06\/17\/oficial-uruguay-presento-su-nueva-camiseta-para-la-copa-america\/","title":{"rendered":"Oficial: Uruguay present\u00f3 su nueva camiseta para la Copa Am\u00e9rica"},"content":{"rendered":"<p><img src=\"http:\/\/hoycordobaweb.com\/wp-content\/uploads\/2024\/06\/oficial-uruguay-presento-su-nueva-camiseta-para-la-copa-america.jpg\"><\/p>\n<p><time class=\"createDate\" datetime=\"2024-06-16T22:29:49-03:00\">16\/06\/2024 22:29hs.<\/time><\/p>\n<div id=\"storyBody\">\n<div class=\"custom-text \" readability=\"32.190476190476\">\n<p>\u00bfC\u00f3mo no se va a ilusionar <a href=\"https:\/\/www.ole.com.ar\/tema\/seleccion-de-uruguay.html\" title=\"Selecci\u00f3n de Uruguay\" alt=\"Selecci\u00f3n de Uruguay\" class=\"slug\">Uruguay <\/a>si le gan\u00f3 a <a href=\"https:\/\/www.ole.com.ar\/tema\/seleccion-de-brasil.html\" title=\"Selecci\u00f3n de Brasil\" alt=\"Selecci\u00f3n de Brasil\" class=\"slug\">Brasil<\/a>? \u00bfC\u00f3mo no se va a ilusionar Uruguay si le gan\u00f3 nada menos que a la <a href=\"https:\/\/www.ole.com.ar\/tema\/seleccion-argentina.html\" title=\"Selecci\u00f3n Argentina\" alt=\"Selecci\u00f3n Argentina\" class=\"slug\">Selecci\u00f3n Argentina<\/a>, \u00faltimo campe\u00f3n del mundo? \u00bfC\u00f3mo no se va a ilusionar Uruguay si tiene a <a href=\"https:\/\/www.ole.com.ar\/tema\/federico-valverde.html\" title=\"Federico Valverde\" alt=\"Federico Valverde\" class=\"slug\">Federico Valverde<\/a>, a <a href=\"https:\/\/www.ole.com.ar\/tema\/darwin-nunez.html\" title=\"Darwin N\u00fa\u00f1ez\" alt=\"Darwin N\u00fa\u00f1ez\" class=\"slug\">Darwin N\u00fa\u00f1ez<\/a>, a Manuel Ugarte y Ronald Ara\u00fajo? Y <strong>a pocos d\u00edas del inicio de la <a href=\"https:\/\/www.ole.com.ar\/tema\/copa-america-2024.html\" title=\"Copa Am\u00e9rica 2024\" alt=\"Copa Am\u00e9rica 2024\" class=\"slug\">Copa Am\u00e9rica<\/a> en Estados Unidos, la Celeste revel\u00f3 la indumentaria creada por Nike<\/strong> que lucir\u00e1 en el certamen. <\/p>\n<\/div>\n<p><h2><strong><em>Uruguay usar\u00e1 su nueva camiseta solo en la Copa Am\u00e9rica<\/em><\/strong><\/h2>\n<\/p>\n<div class=\"custom-text \" readability=\"41\">\n<p>La presentaci\u00f3n de las nuevas camisetas gener\u00f3 gran expectativa en las redes sociales, culminando con un video que mostr\u00f3 tanto la camiseta oficial como la alternativa y la de los arqueros. <strong>La camiseta titular, de tradicional color celeste, destaca por su escudo bordado con borde dorado, relieves, y un cuello blanco y negro<\/strong>. La alternativa es blanca, con detalles celestes y la \u00abpipa\u00bb de Nike en negro.<\/p>\n<\/div>\n<div class=\"custom-text \" readability=\"38\">\n<p>Desde hace varias semanas, los jugadores y el cuerpo t\u00e9cnico de Uruguay han estado utilizando la indumentaria de Nike en su concentraci\u00f3n en Palm Beach, aunque<strong> hasta ahora no se hab\u00eda revelado la camiseta oficial para los partidos<\/strong>. Esto se debe al reciente acuerdo entre la Asociaci\u00f3n Uruguaya de F\u00fatbol (AUF) y la empresa deportiva norteamericana. Ante Costa Rica (0-0) y M\u00e9xico (4-0), el conjunto de Marcelo Bielsa us\u00f3 el \u00faltimo modelo.<\/p>\n<\/div>\n<div class=\"custom-text \" readability=\"51\">\n<p><strong>El video de presentaci\u00f3n cont\u00f3 con la participaci\u00f3n de jugadores como<\/strong> Sebasti\u00e1n C\u00e1ceres, Mathias Olivera, Federico <strong>Valverde<\/strong>, Manuel <strong>Ugarte<\/strong>, Darwin <strong>N\u00fa\u00f1ez<\/strong>, Rodrigo <strong>Bentancur<\/strong>, Giorgian De Arrascaeta, Maximiliano Ara\u00fajo, Nahitan N\u00e1ndez, Agust\u00edn Canobbio, Emiliano Mart\u00ednez, Brian Ocampo, Nicol\u00e1s <strong>De La Cruz<\/strong>, Ronald <strong>Ara\u00fajo<\/strong>, Jos\u00e9 Mar\u00eda Gim\u00e9nez, Santiago Mele, Franco Israel y Facundo Pellistri.<\/p>\n<\/div>\n<div class=\"custom-text \" readability=\"37\">\n<p>Cabe destacar que <strong>esta indumentaria solo se usar\u00e1 durante la Copa Am\u00e9rica,<\/strong> debido a un acuerdo exclusivo para el torneo. Tras el vencimiento del contrato con Puma el 31 de diciembre de 2023, la Asociaci\u00f3n Uruguaya de F\u00fatbol realizar\u00e1 otra licitaci\u00f3n para definir la marca que vestir\u00e1 a la selecci\u00f3n uruguaya en las Eliminatorias para el Mundial 2026.<\/p>\n<\/div>\n<div class=\"custom-text \" readability=\"41\">\n<p>La Celeste llega a Estados Unidos con expectativas altas bajo la conducci\u00f3n del Loco Bielsa y con una nueva indumentaria que ha generado gran entusiasmo entre los hinchas charr\u00faas. <strong>La Celeste debutar\u00e1 en el Grupo C ante Panam\u00e1, en el Hard Rock Stadium de Miami, el 23\/6 a las 22.<\/strong> Continuar\u00e1 su participaci\u00f3n frente a Bolivia, el 27\/6 desde las 22, en el MetLife Stadium de Nueva Jersey. Y cerrar\u00e1 contra Estados Unidos, el 1\/7 a las 22, en el Arrowhead Stadium de Kansas City.<\/p>\n<\/div>\n<div class=\"sc-e7b891c4-0 jPbnQF\"><img alt=\"Federico Valverde y Giorgian De Arrascaeta, en la presentaci\u00f3n de la camiseta de Uruguay. \" src=\"http:\/\/hoycordobaweb.com\/wp-content\/uploads\/2024\/06\/oficial-uruguay-presento-su-nueva-camiseta-para-la-copa-america-2.jpg\" width=\"720\" height=\"100\" decoding=\"async\" data-nimg=\"future\" loading=\"lazy\"><span class=\"epigraphe\">Federico Valverde y Giorgian De Arrascaeta, en la presentaci\u00f3n de la camiseta de Uruguay. <\/span><\/div>\n<p><h2><strong><em>El video de presentaci\u00f3n de la camiseta de Uruguay<\/em><\/strong><\/h2>\n<\/p>\n<div class=\"sc-a7166897-0 exHLBh\" readability=\"6.5\">\n<section readability=\"3\"><picture><img alt=\"\u00bfQui\u00e9n es Martin \u00c1dam, el jugador de Hungr\u00eda que es la sensaci\u00f3n de la Eurocopa?\" src=\"http:\/\/hoycordobaweb.com\/wp-content\/uploads\/2024\/06\/oficial-uruguay-presento-su-nueva-camiseta-para-la-copa-america-3.jpg\" width=\"290\" height=\"290\" decoding=\"async\" data-nimg=\"future\" loading=\"lazy\"><\/picture>\n<p><span>Mir\u00e1 tambi\u00e9n<\/span><\/p>\n<hr>\n<h3>\u00bfQui\u00e9n es Martin \u00c1dam, el jugador de Hungr\u00eda que es la sensaci\u00f3n de la Eurocopa?<\/h3>\n<\/p>\n<\/section>\n<\/div>\n<div class=\"sc-a7166897-0 exHLBh\" readability=\"7\">\n<section readability=\"4\"><picture><img alt=\"Sonrisas, buena onda y lujos: postales del primer entrenamiento de Argentina en Atlanta\" src=\"http:\/\/hoycordobaweb.com\/wp-content\/uploads\/2024\/06\/oficial-uruguay-presento-su-nueva-camiseta-para-la-copa-america-4.jpg\" width=\"290\" height=\"290\" decoding=\"async\" data-nimg=\"future\" loading=\"lazy\"><\/picture>\n<p><span>Mir\u00e1 tambi\u00e9n<\/span><\/p>\n<hr>\n<h3>Sonrisas, buena onda y lujos: postales del primer entrenamiento de Argentina en Atlanta<\/h3>\n<\/p>\n<\/section>\n<\/div>\n<div class=\"sc-a7166897-0 exHLBh\" readability=\"6\">\n<section readability=\"2\"><picture><img alt=\"The B\u20acst: el ranking que lidera Lautaro Mart\u00ednez en esta&nbsp;Copa&nbsp;Am\u00e9rica\" src=\"http:\/\/hoycordobaweb.com\/wp-content\/uploads\/2024\/06\/oficial-uruguay-presento-su-nueva-camiseta-para-la-copa-america-5.jpg\" width=\"290\" height=\"290\" decoding=\"async\" data-nimg=\"future\" loading=\"lazy\"><\/picture>\n<p><span>Mir\u00e1 tambi\u00e9n<\/span><\/p>\n<hr>\n<h3>The B\u20acst: el ranking que lidera Lautaro Mart\u00ednez en esta&nbsp;Copa&nbsp;Am\u00e9rica<\/h3>\n<\/p>\n<\/section>\n<\/div>\n<\/div>\n","protected":false},"excerpt":{"rendered":"<p>16\/06\/2024 22:29hs. \u00bfC\u00f3mo no se va a ilusionar Uruguay si le gan\u00f3 a Brasil? \u00bfC\u00f3mo no se va a ilusionar Uruguay si le gan\u00f3 nada menos que a la Selecci\u00f3n Argentina, \u00faltimo campe\u00f3n del mundo? \u00bfC\u00f3mo no se va a ilusionar Uruguay si tiene a Federico Valverde, a Darwin N\u00fa\u00f1ez, a Manuel Ugarte y Ronald [&hellip;]<\/p>\n","protected":false},"author":1,"featured_media":79077,"comment_status":"open","ping_status":"closed","sticky":false,"template":"","format":"standard","meta":[],"categories":[16],"tags":[],"_links":{"self":[{"href":"http:\/\/hoycordobaweb.com\/index.php\/wp-json\/wp\/v2\/posts\/79076"}],"collection":[{"href":"http:\/\/hoycordobaweb.com\/index.php\/wp-json\/wp\/v2\/posts"}],"about":[{"href":"http:\/\/hoycordobaweb.com\/index.php\/wp-json\/wp\/v2\/types\/post"}],"author":[{"embeddable":true,"href":"http:\/\/hoycordobaweb.com\/index.php\/wp-json\/wp\/v2\/users\/1"}],"replies":[{"embeddable":true,"href":"http:\/\/hoycordobaweb.com\/index.php\/wp-json\/wp\/v2\/comments?post=79076"}],"version-history":[{"count":0,"href":"http:\/\/hoycordobaweb.com\/index.php\/wp-json\/wp\/v2\/posts\/79076\/revisions"}],"wp:featuredmedia":[{"embeddable":true,"href":"http:\/\/hoycordobaweb.com\/index.php\/wp-json\/wp\/v2\/media\/79077"}],"wp:attachment":[{"href":"http:\/\/hoycordobaweb.com\/index.php\/wp-json\/wp\/v2\/media?parent=79076"}],"wp:term":[{"taxonomy":"category","embeddable":true,"href":"http:\/\/hoycordobaweb.com\/index.php\/wp-json\/wp\/v2\/categories?post=79076"},{"taxonomy":"post_tag","embeddable":true,"href":"http:\/\/hoycordobaweb.com\/index.php\/wp-json\/wp\/v2\/tags?post=79076"}],"curies":[{"name":"wp","href":"https:\/\/api.w.org\/{rel}","templated":true}]}}