{"id":79044,"date":"2024-06-16T12:14:23","date_gmt":"2024-06-16T12:14:23","guid":{"rendered":"https:\/\/www.mujerhoy.com\/moda\/tendencias\/bolsos-estilo-capazo-verano-looks-diario-20240616134931-nt.html"},"modified":"2024-06-16T12:14:23","modified_gmt":"2024-06-16T12:14:23","slug":"bolsos-de-estilo-capazo-pequenos-para-los-looks-de-diario","status":"publish","type":"post","link":"http:\/\/hoycordobaweb.com\/index.php\/2024\/06\/16\/bolsos-de-estilo-capazo-pequenos-para-los-looks-de-diario\/","title":{"rendered":"Bolsos de estilo capazo peque\u00f1os para los looks de diario"},"content":{"rendered":"<p><!-- AUTHOR --> <\/p>\n<div class=\"voc-author-timesocial \"> <!-- AUTHOR --> <\/p>\n<div class=\"voc-author-timesocial__signature \">\n<div class=\"voc-author-timesocial__img-c\"> <!-- IMAGE AUTHOR --> <picture class=\"voc-image-signature\"> <img class=\"voc-image-signature__img\" src=\"http:\/\/hoycordobaweb.com\/wp-content\/uploads\/2024\/06\/bolsos-de-estilo-capazo-pequenos-para-los-looks-de-diario.jpg\" alt=\"Raquel Rodr\u00edguez\"> <\/picture> <\/div>\n<p> <!-- INFO AUTHOR --> <\/div><\/div>\n<p> <!-- COMPONENTS --> <\/p>\n<p class=\"voc-paragraph\">No hay <a data-voc-vtm-id=\"in-text-traffic\" href=\"https:\/\/www.mujerhoy.com\/moda\/no-te-pierdas\/capazos-paja-buenos-para-verano-20240426131723-nt.html\" title=\"www.mujerhoy.com\">bolso m\u00e1s veraniego que los capazos<\/a>. Y aunque parezca un complemento que se usa especialmente en los d\u00edas de playa para llevar la toalla y las cremas solares, lo cierto es que son tan ideales que tambi\u00e9n hay <strong>versiones para el d\u00eda a d\u00eda<\/strong>.\n<\/p>\n<p class=\"voc-paragraph\">S\u00ed, estas cestas confeccionadas en rafia trenzada quedan tan bien que las firmas han sacado a la venta dise\u00f1os perfectos para <strong>complementar los looks de diario<\/strong>. Dise\u00f1os m\u00e1s pesque\u00f1os que quedan de maravilla con vestidos o con vaqueros. Y estos son nuestros favoritos.\n<\/p>\n<div class=\"voc-detail__cmp\">\n<div class=\"voc-article-container\">\n<article class=\"voc-article voc-article--cmp-photo-text\">\n<div class=\"voc-img-container\"> <picture>\n<div class=\"voc-horizontal voc-img-icon-link\"> <img loading=\"lazy\" src=\"http:\/\/hoycordobaweb.com\/wp-content\/uploads\/2024\/06\/bolsos-de-estilo-capazo-pequenos-para-los-looks-de-diario.webp\" alt width=\"624\" height=\"624\"> <\/div>\n<\/picture> <\/div>\n<\/article><\/div>\n<\/div>\n<p class=\"voc-paragraph\"><strong>Zahati<\/strong>. El bolso mini shelly esta inspirado en la textura de las conchas. Esta cosido formando ligeras curvas alrededor del bolso las cuales simulan esta textura. Creado en paja de trigo natural y negro. Precio: 149 euros.\n<\/p>\n<div class=\"voc-detail__cmp\">\n<div class=\"voc-article-container\">\n<article class=\"voc-article voc-article--cmp-photo-text\">\n<div class=\"voc-img-container\"> <picture>\n<div class=\"voc-horizontal voc-img-icon-link\"> <img loading=\"lazy\" src=\"http:\/\/hoycordobaweb.com\/wp-content\/uploads\/2024\/06\/bolsos-de-estilo-capazo-pequenos-para-los-looks-de-diario-1.jpg\" alt width=\"624\" height=\"624\"> <\/div>\n<\/picture> <\/div>\n<\/article><\/div>\n<\/div>\n<p class=\"voc-paragraph\"><strong>S\u00e9zane<\/strong>. Cesta para llevar al hombro o en la mano con exterior de rafia trenzada a mano y el detalle de flores ocres. Precio: 210 euros.\n<\/p>\n<div class=\"voc-detail__cmp\">\n<div class=\"voc-article-container\">\n<article class=\"voc-article voc-article--cmp-photo-text\">\n<div class=\"voc-img-container\"> <picture>\n<div class=\"voc-horizontal voc-img-icon-link\"> <img loading=\"lazy\" src=\"http:\/\/hoycordobaweb.com\/wp-content\/uploads\/2024\/06\/bolsos-de-estilo-capazo-pequenos-para-los-looks-de-diario-1.webp\" alt width=\"624\" height=\"624\"> <\/div>\n<\/picture> <\/div>\n<\/article><\/div>\n<\/div>\n<p class=\"voc-paragraph\"><strong>Maje<\/strong>. Con un asa enfundada y ojales en contraste, tiene asas de cuero trenzado adornadas con abalorios dorados, por lo que puede llevarse de dos elegantes maneras: al hombro o en la mano. Precio: 255 euros.\n<\/p>\n<div class=\"voc-detail__cmp\">\n<div class=\"voc-article-container\">\n<article class=\"voc-article voc-article--cmp-photo-text\">\n<div class=\"voc-img-container\"> <picture>\n<div class=\"voc-horizontal voc-img-icon-link\"> <img loading=\"lazy\" src=\"http:\/\/hoycordobaweb.com\/wp-content\/uploads\/2024\/06\/bolsos-de-estilo-capazo-pequenos-para-los-looks-de-diario-2.webp\" alt width=\"624\" height=\"624\"> <\/div>\n<\/picture> <\/div>\n<\/article><\/div>\n<\/div>\n<p class=\"voc-paragraph\"><strong>Mercules<\/strong>. Capazo mediano con tiras de piel dise\u00f1ado y fabricado artesanalmente en Espa\u00f1a. Precio: 145 euros.\n<\/p>\n<div class=\"voc-detail__cmp\">\n<div class=\"voc-article-container\">\n<article class=\"voc-article voc-article--cmp-photo-text\">\n<div class=\"voc-img-container\"> <picture>\n<div class=\"voc-horizontal voc-img-icon-link\"> <img loading=\"lazy\" src=\"http:\/\/hoycordobaweb.com\/wp-content\/uploads\/2024\/06\/bolsos-de-estilo-capazo-pequenos-para-los-looks-de-diario-3.webp\" alt width=\"624\" height=\"624\"> <\/div>\n<\/picture> <\/div>\n<\/article><\/div>\n<\/div>\n<p class=\"voc-paragraph\"><strong>ba&amp;sh<\/strong>. El bolso ARA en rafia cebra es un modelo muy original del que no querr\u00e1s prescindir. Inspirado en la bohemia chic, es elegante con sus a\u00f1adidos de cuero y sus trenzados. Precio: 295 euros.\n<\/p>\n<div class=\"voc-detail__cmp\">\n<div class=\"voc-article-container\">\n<article class=\"voc-article voc-article--cmp-photo-text\">\n<div class=\"voc-img-container\"> <picture>\n<div class=\"voc-horizontal voc-img-icon-link\"> <img loading=\"lazy\" src=\"http:\/\/hoycordobaweb.com\/wp-content\/uploads\/2024\/06\/bolsos-de-estilo-capazo-pequenos-para-los-looks-de-diario-4.webp\" alt width=\"624\" height=\"624\"> <\/div>\n<\/picture> <\/div>\n<\/article><\/div>\n<\/div>\n<p class=\"voc-paragraph\"><strong>Mauska<\/strong>. El capazo Majorelle de tachuelas, inspirado en la silueta de su ic\u00f3nico modelo Casta\u00f1uela, a\u00f1ade un toque especial a tus looks veraniegos. Su dise\u00f1o \u00fanico y vers\u00e1til lo convierte en el complemento ideal para destacar con estilo esta temporada. Precio: 235 euros.\n<\/p>\n<div class=\"voc-detail__cmp\">\n<div class=\"voc-article-container\">\n<article class=\"voc-article voc-article--cmp-photo-text\">\n<div class=\"voc-img-container\"> <picture>\n<div class=\"voc-horizontal voc-img-icon-link\"> <img loading=\"lazy\" src=\"http:\/\/hoycordobaweb.com\/wp-content\/uploads\/2024\/06\/bolsos-de-estilo-capazo-pequenos-para-los-looks-de-diario-5.webp\" alt width=\"624\" height=\"624\"> <\/div>\n<\/picture> <\/div>\n<\/article><\/div>\n<\/div>\n<p class=\"voc-paragraph\"><strong>Zara<\/strong>. Bolso formato cesta trenzado con la parte inferior con aberturas y detalles met\u00e1licos. Lleva asas de mano y una saca interior de tejido con cierre mediante frunce. Precio: 39,95 euros.\n<\/p>\n<div class=\"voc-detail__cmp\">\n<div class=\"voc-article-container\">\n<article class=\"voc-article voc-article--cmp-photo-text\">\n<div class=\"voc-img-container\"> <picture>\n<div class=\"voc-horizontal voc-img-icon-link\"> <img loading=\"lazy\" src=\"http:\/\/hoycordobaweb.com\/wp-content\/uploads\/2024\/06\/bolsos-de-estilo-capazo-pequenos-para-los-looks-de-diario-6.webp\" alt width=\"624\" height=\"624\"> <\/div>\n<\/picture> <\/div>\n<\/article><\/div>\n<\/div>\n<p class=\"voc-paragraph\"><strong>Hereu<\/strong>. Mini bolso bandolera trenzado a mano confeccionado en piel de becerro y algod\u00f3n encerado. Est\u00e1 fabricado en Espa\u00f1a por artesanos con un talento \u00fanico, celebrando la excelencia en la artesan\u00eda. Precio: 590 euros.\n<\/p>\n<div class=\"voc-detail__cmp\">\n<div class=\"voc-article-container\">\n<article class=\"voc-article voc-article--cmp-photo-text\">\n<div class=\"voc-img-container\"> <picture>\n<div class=\"voc-horizontal voc-img-icon-link\"> <img loading=\"lazy\" src=\"http:\/\/hoycordobaweb.com\/wp-content\/uploads\/2024\/06\/bolsos-de-estilo-capazo-pequenos-para-los-looks-de-diario-7.webp\" alt width=\"624\" height=\"624\"> <\/div>\n<\/picture> <\/div>\n<\/article><\/div>\n<\/div>\n<p class=\"voc-paragraph\"><strong>Monamoon<\/strong>. Cesta de estructura de bamb\u00fa con asas cortas para llevar y detalle de flores blancas de PU en el exterior. Dise\u00f1ado y fabricado de forma artesanal en Espa\u00f1a. Precio: 65 euros.\n<\/p>\n<div class=\"voc-detail__cmp\">\n<div class=\"voc-article-container\">\n<article class=\"voc-article voc-article--cmp-photo-text\">\n<div class=\"voc-img-container\"> <picture>\n<div class=\"voc-horizontal voc-img-icon-link\"> <img loading=\"lazy\" src=\"http:\/\/hoycordobaweb.com\/wp-content\/uploads\/2024\/06\/bolsos-de-estilo-capazo-pequenos-para-los-looks-de-diario-8.webp\" alt width=\"624\" height=\"624\"> <\/div>\n<\/picture> <\/div>\n<\/article><\/div>\n<\/div>\n<p class=\"voc-paragraph\"><strong>Piel de mar<\/strong>. Un bolso tipo capazo en tama\u00f1o mini tejido a mano para llevar lo imprescindible. Confeccionado con piel de vacuno tipo vaquetilla reciclada de la industria alimentaria y palma natural secada bajo el sol del Mediterr\u00e1neo y tejida a mano por expertos artesanos. Precio: 39,95 euros.\n<\/p>\n<div class=\"voc-detail__cmp\">\n<div class=\"voc-article-container\">\n<article class=\"voc-article voc-article--cmp-photo-text\">\n<div class=\"voc-img-container\"> <picture>\n<div class=\"voc-horizontal voc-img-icon-link\"> <img loading=\"lazy\" src=\"http:\/\/hoycordobaweb.com\/wp-content\/uploads\/2024\/06\/bolsos-de-estilo-capazo-pequenos-para-los-looks-de-diario-9.webp\" alt width=\"624\" height=\"624\"> <\/div>\n<\/picture> <\/div>\n<\/article><\/div>\n<\/div>\n<p class=\"voc-paragraph\"><strong>Campomaggi<\/strong>. Modelo de tama\u00f1o mediano de la firma italiana con detalles en color marr\u00f3n y tachuelas.\n<\/p>\n<p> <!-- TOPICS --> <\/p>\n","protected":false},"excerpt":{"rendered":"<p>No hay bolso m\u00e1s veraniego que los capazos. Y aunque parezca un complemento que se usa especialmente en los d\u00edas de playa para llevar la toalla y las cremas solares, lo cierto es que son tan ideales que tambi\u00e9n hay versiones para el d\u00eda a d\u00eda. S\u00ed, estas cestas confeccionadas en rafia trenzada quedan tan [&hellip;]<\/p>\n","protected":false},"author":1,"featured_media":79045,"comment_status":"closed","ping_status":"closed","sticky":false,"template":"","format":"standard","meta":[],"categories":[],"tags":[],"_links":{"self":[{"href":"http:\/\/hoycordobaweb.com\/index.php\/wp-json\/wp\/v2\/posts\/79044"}],"collection":[{"href":"http:\/\/hoycordobaweb.com\/index.php\/wp-json\/wp\/v2\/posts"}],"about":[{"href":"http:\/\/hoycordobaweb.com\/index.php\/wp-json\/wp\/v2\/types\/post"}],"author":[{"embeddable":true,"href":"http:\/\/hoycordobaweb.com\/index.php\/wp-json\/wp\/v2\/users\/1"}],"replies":[{"embeddable":true,"href":"http:\/\/hoycordobaweb.com\/index.php\/wp-json\/wp\/v2\/comments?post=79044"}],"version-history":[{"count":0,"href":"http:\/\/hoycordobaweb.com\/index.php\/wp-json\/wp\/v2\/posts\/79044\/revisions"}],"wp:featuredmedia":[{"embeddable":true,"href":"http:\/\/hoycordobaweb.com\/index.php\/wp-json\/wp\/v2\/media\/79045"}],"wp:attachment":[{"href":"http:\/\/hoycordobaweb.com\/index.php\/wp-json\/wp\/v2\/media?parent=79044"}],"wp:term":[{"taxonomy":"category","embeddable":true,"href":"http:\/\/hoycordobaweb.com\/index.php\/wp-json\/wp\/v2\/categories?post=79044"},{"taxonomy":"post_tag","embeddable":true,"href":"http:\/\/hoycordobaweb.com\/index.php\/wp-json\/wp\/v2\/tags?post=79044"}],"curies":[{"name":"wp","href":"https:\/\/api.w.org\/{rel}","templated":true}]}}