{"id":78970,"date":"2024-06-14T09:40:00","date_gmt":"2024-06-14T09:40:00","guid":{"rendered":"https:\/\/fm-comunicar.com.ar\/contenido\/21925\/colonia-caroya-celebro-la-fiesta-patronal-con-una-impecable-actuacion-del-coro-k"},"modified":"2024-06-14T09:40:00","modified_gmt":"2024-06-14T09:40:00","slug":"colonia-caroya-celebro-la-fiesta-patronal-con-una-impecable-actuacion-del-coro-kumbaya","status":"publish","type":"post","link":"http:\/\/hoycordobaweb.com\/index.php\/2024\/06\/14\/colonia-caroya-celebro-la-fiesta-patronal-con-una-impecable-actuacion-del-coro-kumbaya\/","title":{"rendered":"Colonia Caroya celebr\u00f3 la Fiesta Patronal con una impecable actuaci\u00f3n del Coro Kumbay\u00e1"},"content":{"rendered":"<p>Luego de la multitudinaria procesi\u00f3n y misa, la comunidad disfrut\u00f3 de espect\u00e1culos de primer nivel en la Parroquia.<img src=\"http:\/\/hoycordobaweb.com\/wp-content\/uploads\/2024\/06\/colonia-caroya-celebro-la-fiesta-patronal-con-una-impecable-actuacion-del-coro-kumbaya.jpg\"><\/p>\n","protected":false},"excerpt":{"rendered":"<p>Luego de la multitudinaria procesi\u00f3n y misa, la comunidad disfrut\u00f3 de espect\u00e1culos de primer nivel en la Parroquia.<\/p>\n","protected":false},"author":1,"featured_media":78971,"comment_status":"closed","ping_status":"closed","sticky":false,"template":"","format":"standard","meta":[],"categories":[18],"tags":[],"_links":{"self":[{"href":"http:\/\/hoycordobaweb.com\/index.php\/wp-json\/wp\/v2\/posts\/78970"}],"collection":[{"href":"http:\/\/hoycordobaweb.com\/index.php\/wp-json\/wp\/v2\/posts"}],"about":[{"href":"http:\/\/hoycordobaweb.com\/index.php\/wp-json\/wp\/v2\/types\/post"}],"author":[{"embeddable":true,"href":"http:\/\/hoycordobaweb.com\/index.php\/wp-json\/wp\/v2\/users\/1"}],"replies":[{"embeddable":true,"href":"http:\/\/hoycordobaweb.com\/index.php\/wp-json\/wp\/v2\/comments?post=78970"}],"version-history":[{"count":0,"href":"http:\/\/hoycordobaweb.com\/index.php\/wp-json\/wp\/v2\/posts\/78970\/revisions"}],"wp:featuredmedia":[{"embeddable":true,"href":"http:\/\/hoycordobaweb.com\/index.php\/wp-json\/wp\/v2\/media\/78971"}],"wp:attachment":[{"href":"http:\/\/hoycordobaweb.com\/index.php\/wp-json\/wp\/v2\/media?parent=78970"}],"wp:term":[{"taxonomy":"category","embeddable":true,"href":"http:\/\/hoycordobaweb.com\/index.php\/wp-json\/wp\/v2\/categories?post=78970"},{"taxonomy":"post_tag","embeddable":true,"href":"http:\/\/hoycordobaweb.com\/index.php\/wp-json\/wp\/v2\/tags?post=78970"}],"curies":[{"name":"wp","href":"https:\/\/api.w.org\/{rel}","templated":true}]}}