{"id":78957,"date":"2024-06-15T01:00:00","date_gmt":"2024-06-15T01:00:00","guid":{"rendered":"https:\/\/ahora.com.ar\/show\/reaparecio-nahir-galarza-y-hablo-fernando-pastorizzo-n5374602"},"modified":"2024-06-15T01:00:00","modified_gmt":"2024-06-15T01:00:00","slug":"reaparecio-nahir-galarza-y-hablo-sobre-fernando-pastorizzo","status":"publish","type":"post","link":"http:\/\/hoycordobaweb.com\/index.php\/2024\/06\/15\/reaparecio-nahir-galarza-y-hablo-sobre-fernando-pastorizzo\/","title":{"rendered":"Reapareci\u00f3 Nahir Galarza y habl\u00f3 sobre Fernando Pastorizzo"},"content":{"rendered":"<div><img src=\"http:\/\/hoycordobaweb.com\/wp-content\/uploads\/2024\/06\/reaparecio-nahir-galarza-y-hablo-sobre-fernando-pastorizzo.jpg\" class=\"ff-og-image-inserted\"><\/div>\n<div id>\n<div class=\"article-body__info-wrapper\"><span class=\"article-body__date\"> <time datetime=\"2024-06-15T01:00:00.000Z\">14 de junio de 2024 &#8211; 22:00<\/time><\/span> <\/div>\n<p>El fen\u00f3meno medi\u00e1tico y art\u00edstico <a href=\"https:\/\/ahora.com.ar\/nahir-galarza-a9146\" target=\"_blank\" rel=\"follow noopener noreferrer\">en torno a <strong>Nahir Galarza<\/strong><\/a> contin\u00faa expandi\u00e9ndose con el reciente estreno de la serie documental <strong>\u00abNahir: El Secreto de un Crimen\u00bb <\/strong>en Amazon. Sin previo aviso, <strong>la plataforma lanz\u00f3 esta producci\u00f3n de dos cap\u00edtulos que explora a fondo el caso de la joven condenada a prisi\u00f3n perpetua por el asesinato de Fernando Pastorizzo.<\/strong><\/p>\n<\/p><\/div>\n<div id>\n<h2><strong>Qu\u00e9 dijo Nahir Galarza<\/strong><\/h2>\n<p><strong> \u00abSoy Nahir Galarza. Tengo 24 a\u00f1os y soy de Gualeguaych\u00fa y, bueno, ahora estoy en Paran\u00e1\u00bb, <\/strong>as\u00ed se present\u00f3 <strong>la joven entrerriana, que habl\u00f3 tras seis a\u00f1os de silencio. <\/strong>La \u00faltima que hab\u00eda brindado hab\u00eda sido en <em>DDM,<\/em> el programa que conduce Mariana Fabbiani.<\/p>\n<\/div>\n<div id>\n<p>En primer lugar, se dedic\u00f3 a contar un poco sobre los aspectos personales de su vida y su infancia.<\/p>\n<p><strong>\u00abCuando era chica era muy t\u00edmida, <\/strong>ten\u00eda uno o dos amigos que por ah\u00ed si me dejaban salir a jugar sal\u00eda. <strong>Jugaba mucho a las mu\u00f1ecas. <\/strong>Como sab\u00edan que era lo \u00fanico que me gustaba, me regalaban la casa, los accesorios, todo completo\u00bb, explic\u00f3, sonriente, desde un sal\u00f3n de la Unidad Femenina 6 Concepci\u00f3n Arenal.<\/p>\n<p><strong>\u00abEs complicado porque tuvimos distintas etapas\u00bb <\/strong>, comenz\u00f3 explicando Nahir Galarza sobre su v\u00ednculo con Fernando Pastorizzo. Y sum\u00f3: \u00abLos dos sab\u00edamos que no ten\u00edamos una relaci\u00f3n seria&#8230; Que <strong>nunca nos \u00edbamos a presentar a nuestra familia, que nunca \u00edbamos a poder hacer cosas de pareja, <\/strong>pero a la vez nos segu\u00eda molestando que el otro hiciera algo\u00bb.<\/p>\n<p>En ese sentido, Galarza afirm\u00f3 que <strong>\u00abempezaron los celos\u00bb <\/strong>y a \u00e9l \u00abtodo le molestaba, todo lo celaba; era una constante pelea\u00bb. <\/p>\n<p>Sobre los episodios de violencia, Nahir afirm\u00f3 que <strong>\u00abuna vez Fernando rompi\u00f3 su propio celular\u00bb. <\/strong>\u00abDespu\u00e9s ya directamente <strong>empezaron los golpes hacia m\u00ed, despu\u00e9s ya me empez\u00f3 a pegar a m\u00ed. <\/strong>Siempre era por lo mismo, o por celos o porque hac\u00eda cosas que no le gustaban o por la ropa que me pon\u00eda o porque se enteraba con qui\u00e9n me hablaba, con qui\u00e9n me hab\u00eda visto\u00bb, indic\u00f3.<\/p>\n<\/div>\n","protected":false},"excerpt":{"rendered":"<p>14 de junio de 2024 &#8211; 22:00 El fen\u00f3meno medi\u00e1tico y art\u00edstico en torno a Nahir Galarza contin\u00faa expandi\u00e9ndose con el reciente estreno de la serie documental \u00abNahir: El Secreto de un Crimen\u00bb en Amazon. Sin previo aviso, la plataforma lanz\u00f3 esta producci\u00f3n de dos cap\u00edtulos que explora a fondo el caso de la joven [&hellip;]<\/p>\n","protected":false},"author":1,"featured_media":78958,"comment_status":"closed","ping_status":"closed","sticky":false,"template":"","format":"standard","meta":[],"categories":[10,23],"tags":[],"_links":{"self":[{"href":"http:\/\/hoycordobaweb.com\/index.php\/wp-json\/wp\/v2\/posts\/78957"}],"collection":[{"href":"http:\/\/hoycordobaweb.com\/index.php\/wp-json\/wp\/v2\/posts"}],"about":[{"href":"http:\/\/hoycordobaweb.com\/index.php\/wp-json\/wp\/v2\/types\/post"}],"author":[{"embeddable":true,"href":"http:\/\/hoycordobaweb.com\/index.php\/wp-json\/wp\/v2\/users\/1"}],"replies":[{"embeddable":true,"href":"http:\/\/hoycordobaweb.com\/index.php\/wp-json\/wp\/v2\/comments?post=78957"}],"version-history":[{"count":0,"href":"http:\/\/hoycordobaweb.com\/index.php\/wp-json\/wp\/v2\/posts\/78957\/revisions"}],"wp:featuredmedia":[{"embeddable":true,"href":"http:\/\/hoycordobaweb.com\/index.php\/wp-json\/wp\/v2\/media\/78958"}],"wp:attachment":[{"href":"http:\/\/hoycordobaweb.com\/index.php\/wp-json\/wp\/v2\/media?parent=78957"}],"wp:term":[{"taxonomy":"category","embeddable":true,"href":"http:\/\/hoycordobaweb.com\/index.php\/wp-json\/wp\/v2\/categories?post=78957"},{"taxonomy":"post_tag","embeddable":true,"href":"http:\/\/hoycordobaweb.com\/index.php\/wp-json\/wp\/v2\/tags?post=78957"}],"curies":[{"name":"wp","href":"https:\/\/api.w.org\/{rel}","templated":true}]}}