{"id":78953,"date":"2024-06-14T18:48:35","date_gmt":"2024-06-14T18:48:35","guid":{"rendered":"https:\/\/www.trendencias.com\/celebrities\/cabreo-escoltas-don-juan-carlos-espana-motivo-sus-quejas"},"modified":"2024-06-14T18:48:35","modified_gmt":"2024-06-14T18:48:35","slug":"cabreo-entre-los-escoltas-de-don-juan-carlos-en-espana-el-motivo-de-sus-quejas","status":"publish","type":"post","link":"http:\/\/hoycordobaweb.com\/index.php\/2024\/06\/14\/cabreo-entre-los-escoltas-de-don-juan-carlos-en-espana-el-motivo-de-sus-quejas\/","title":{"rendered":"Cabreo entre los escoltas de don Juan Carlos en Espa\u00f1a: el motivo de sus quejas"},"content":{"rendered":"<p>Juan Carlos vuelve a disfrutar de unos d\u00edas &#8216;a la espa\u00f1ola&#8217;. Cansado del calor agobiante de Abu Dabi, el em\u00e9rito regresa por quinta vez en lo que va de a\u00f1o a su rinc\u00f3n favorito de la pen\u00edncula: Galicia. All\u00ed le espera su gran amigo, Pedro Campos; y tambi\u00e9n su mejor aliado, &#8216;el Brib\u00f3n&#8217;.<\/p>\n<p><!-- BREAK 1 --> <\/p>\n<div class=\"article-asset article-asset-normal article-asset-center\">\n<div class=\"desvio-container\">\n<div class=\"desvio\">\n<div class=\"desvio-figure js-desvio-figure\"> <a href=\"https:\/\/www.trendencias.com\/celebrities\/putin-al-telefono-todo-pagado-vidorra-juan-carlos-i-abu-dabi-pilar-eyre\"> <img loading=\"lazy\" alt=\"Putin al tel\u00e9fono y todo pagado: la vidorra de Juan Carlos I en Abu Dabi, seg\u00fan Pilar Eyre \" width=\"375\" height=\"142\" src=\"http:\/\/hoycordobaweb.com\/wp-content\/uploads\/2024\/06\/cabreo-entre-los-escoltas-de-don-juan-carlos-en-espana-el-motivo-de-sus-quejas.jpg\"> <\/a> <\/div><\/div><\/div>\n<\/div>\n<p>El padre de Felipe VI solo desea navegar. Y s\u00ed, le gustar\u00eda pasar m\u00e1s tiempo cerca de su familia, pero ha encontrado en la mar el consuelo a todos sus males. Cuando <a href=\"https:\/\/www.trendencias.com\/celebrities\/infierno-juan-carlos-cuando-corinna-le-dio-planton-meses-tristeza-soledad-llamadas-desesperadas\">Corinna le dio plant\u00f3n<\/a>, tom\u00f3 la decisi\u00f3n de navegar y no ha dejado de hacerlo hasta ahora. Al parecer, todo est\u00e1 listo en Sanxenxo para que Juan Carlos y su velero surquen las aguas.<\/p>\n<p><!-- BREAK 2 --><\/p>\n<p>Y mientras el em\u00e9rito se lo pasa en grande entre la olas, su equipo de seguridad espera paciente en el puerto. No les queda otra opci\u00f3n. Est\u00e1n a merced de don Juan Carlos y por ello cobran. Acompa\u00f1an al que fuera monarca en cada momento sin importar el horario, y ah\u00ed est\u00e1 el problema.<\/p>\n<p><!-- BREAK 3 --> <\/p>\n<div class=\"article-asset-image article-asset-normal article-asset-center\">\n<div class=\"asset-content\">\n<div class=\"caption-img \"> <img class=\"centro_sinmarco\" height=\"1366\" width=\"2048\" loading=\"lazy\" decoding=\"async\" sizes=\"100vw\" fetchpriority=\"high\" srcset=\"http:\/\/hoycordobaweb.com\/wp-content\/uploads\/2024\/06\/cabreo-entre-los-escoltas-de-don-juan-carlos-en-espana-el-motivo-de-sus-quejas-1.jpg 450w, http:\/\/hoycordobaweb.com\/wp-content\/uploads\/2024\/06\/cabreo-entre-los-escoltas-de-don-juan-carlos-en-espana-el-motivo-de-sus-quejas-2.jpg 681w, http:\/\/hoycordobaweb.com\/wp-content\/uploads\/2024\/06\/cabreo-entre-los-escoltas-de-don-juan-carlos-en-espana-el-motivo-de-sus-quejas-3.jpg 1024w, http:\/\/hoycordobaweb.com\/wp-content\/uploads\/2024\/06\/cabreo-entre-los-escoltas-de-don-juan-carlos-en-espana-el-motivo-de-sus-quejas-4.jpg 1366w\" src=\"http:\/\/hoycordobaweb.com\/wp-content\/uploads\/2024\/06\/cabreo-entre-los-escoltas-de-don-juan-carlos-en-espana-el-motivo-de-sus-quejas-1.jpg\" alt=\"Juan Carlos\"> <noscript><img alt=\"Juan Carlos\" class=\"centro_sinmarco\" src=\"http:\/\/hoycordobaweb.com\/wp-content\/uploads\/2024\/06\/cabreo-entre-los-escoltas-de-don-juan-carlos-en-espana-el-motivo-de-sus-quejas-1.jpg\"><\/noscript> <span>Juan Carlos<\/span> <\/div><\/div>\n<\/div>\n<p>Al parecer, hay guardia civiles cabreados entre los seguratas de Juan Carlos: \u00ab<strong>Algunos desplazados desde Madrid, mostraron disconformidad con las horas interminables de servicio<\/strong> que les tocaba y por las rutas que realizaban tras la llegada de don Juan Carlos al municipio&#8230;\u00bb, explican desde Monarqu\u00eda Confidencial.<\/p>\n<p><!-- BREAK 4 --><\/p>\n<p>\u00abAyer terminamos a las siete de la tarde, pero hoy pinta que hasta medianoche no acabamos, y eso no puede ser\u00bb, apunt\u00f3 uno de ellos al citado medio. Al parecer, \u00abel equipo suele estar integrado por unos diez guardias civiles, que se hospedan en varios hoteles cercanos a la casa de Pedro Campos\u00bb.<\/p>\n<p><!-- BREAK 5 --><\/p>\n<p>Fotos | Casa Real de Espa\u00f1a<\/p>\n<p>En Trendencias | <a href=\"https:\/\/www.trendencias.com\/celebrities\/habitacion-jaime-burgo-zarzuela-donde-yacia-dona-letizia-jaime-penafiel\">La habitaci\u00f3n que utilizaban Jaime del Burgo y do\u00f1a Letizia en Zarzuela, seg\u00fan Jaime Pe\u00f1afiel<\/a><\/p>\n<p>En Trendencias | <a href=\"https:\/\/www.trendencias.com\/celebrities\/que-verdad-sucedio-felipe-vi-infanta-cristina-su-ultimo-encuentro\">Lo que de verdad sucedi\u00f3 entre Felipe VI y la infanta Cristina durante su \u00faltimo encuentro<\/a><\/p>\n","protected":false},"excerpt":{"rendered":"<p>Juan Carlos vuelve a disfrutar de unos d\u00edas &#8216;a la espa\u00f1ola&#8217;. Cansado del calor agobiante de Abu Dabi, el em\u00e9rito regresa por quinta vez en lo que va de a\u00f1o a su rinc\u00f3n favorito de la pen\u00edncula: Galicia. All\u00ed le espera su gran amigo, Pedro Campos; y tambi\u00e9n su mejor aliado, &#8216;el Brib\u00f3n&#8217;. El padre [&hellip;]<\/p>\n","protected":false},"author":1,"featured_media":78954,"comment_status":"closed","ping_status":"closed","sticky":false,"template":"","format":"standard","meta":[],"categories":[],"tags":[],"_links":{"self":[{"href":"http:\/\/hoycordobaweb.com\/index.php\/wp-json\/wp\/v2\/posts\/78953"}],"collection":[{"href":"http:\/\/hoycordobaweb.com\/index.php\/wp-json\/wp\/v2\/posts"}],"about":[{"href":"http:\/\/hoycordobaweb.com\/index.php\/wp-json\/wp\/v2\/types\/post"}],"author":[{"embeddable":true,"href":"http:\/\/hoycordobaweb.com\/index.php\/wp-json\/wp\/v2\/users\/1"}],"replies":[{"embeddable":true,"href":"http:\/\/hoycordobaweb.com\/index.php\/wp-json\/wp\/v2\/comments?post=78953"}],"version-history":[{"count":0,"href":"http:\/\/hoycordobaweb.com\/index.php\/wp-json\/wp\/v2\/posts\/78953\/revisions"}],"wp:featuredmedia":[{"embeddable":true,"href":"http:\/\/hoycordobaweb.com\/index.php\/wp-json\/wp\/v2\/media\/78954"}],"wp:attachment":[{"href":"http:\/\/hoycordobaweb.com\/index.php\/wp-json\/wp\/v2\/media?parent=78953"}],"wp:term":[{"taxonomy":"category","embeddable":true,"href":"http:\/\/hoycordobaweb.com\/index.php\/wp-json\/wp\/v2\/categories?post=78953"},{"taxonomy":"post_tag","embeddable":true,"href":"http:\/\/hoycordobaweb.com\/index.php\/wp-json\/wp\/v2\/tags?post=78953"}],"curies":[{"name":"wp","href":"https:\/\/api.w.org\/{rel}","templated":true}]}}