{"id":7895,"date":"2020-12-19T19:45:00","date_gmt":"2020-12-19T19:45:00","guid":{"rendered":"https:\/\/www.perfil.com\/noticias\/politica\/horacio-rodriguez-larreta-y-mario-negri-ante-dirigentes-juntos-por-el-cambio-podemos-ganar-2021.phtml"},"modified":"2020-12-19T19:45:00","modified_gmt":"2020-12-19T19:45:00","slug":"rodriguez-larreta-y-negri-ante-dirigentes-de-juntos-por-el-cambio-podemos-ganar-en-2021","status":"publish","type":"post","link":"http:\/\/hoycordobaweb.com\/index.php\/2020\/12\/19\/rodriguez-larreta-y-negri-ante-dirigentes-de-juntos-por-el-cambio-podemos-ganar-en-2021\/","title":{"rendered":"Rodr\u00edguez Larreta y Negri ante dirigentes de Juntos por el Cambio: \u00abPodemos ganar en 2021\u00bb"},"content":{"rendered":"<p><img src=\"http:\/\/hoycordobaweb.com\/wp-content\/uploads\/2020\/12\/rodriguez-larreta-y-negri-ante-dirigentes-de-juntos-por-el-cambio-podemos-ganar-en-2021.jpg\"><\/p>\n<div><img src=\"http:\/\/hoycordobaweb.com\/wp-content\/uploads\/2020\/12\/rodriguez-larreta-y-negri-ante-dirigentes-de-juntos-por-el-cambio-podemos-ganar-en-2021-2.jpg\" class=\"ff-og-image-inserted\"><\/div>\n<aside class=\"relatedPost\">\n<h3>Noticias Relacionadas<\/h3>\n<\/aside>\n<p>El diputado de Juntos por el Cambio, <a target=\"_blank\" href=\"https:\/\/www.perfil.com\/noticias\/politica\/mario-negri-le-exigio-a-gines-gonzalez-garcia-que-explique-en-el-congreso-las-contraindicaciones-de-las-vacunas.phtml\" rel=\"noopener noreferrer\"><strong>Mario Negr<\/strong>i,<\/a> mantuvo este s\u00e1bado 19 de diciembre un encuentro virtual con el Jefe de Gobierno de la Ciudad de Buenos Aires, <a target=\"_blank\" href=\"https:\/\/www.perfil.com\/noticias\/protagonistas\/horacio-rodriguez-larreta-separacion-barbara-diez-silencio-interno-sobre-distanciamiento.phtml\" rel=\"noopener noreferrer\"><strong>Horacio Rodr\u00edguez Larreta<\/strong><\/a>, junto a m\u00e1s de mil dirigentes de todo el pa\u00eds. All\u00ed ratificaron <a target=\"_blank\" href=\"https:\/\/www.perfil.com\/noticias\/politica\/liberales-peronistas-cruce-juntos-por-el-cambio-por-futuras-alianzas.phtml\" rel=\"noopener noreferrer\">la unidad de la oposici\u00f3n<\/a>, aseguraron que en la coalici\u00f3n \u201cno sobra nadie\u201d y se mostraron optimistas para las elecciones de 2021:<strong> \u00abPodemos ganar en todo el pa\u00eds\u00bb,<\/strong> plantearon.<\/p>\n<p>&nbsp;Horacio Rodr\u00edguez Larreta consider\u00f3 que la unidad <strong>\u201cno est\u00e1 en riesgo\u201d<\/strong>, pero remarc\u00f3 que es necesario \u201ccuidarla y regarla todos los d\u00edas\u201d. \u201cEs un golazo la unidad de Juntos por el Cambio. Estamos m\u00e1s unidos que nunca luego de un a\u00f1o muy dif\u00edcil para todos los argentinos. Se ha trabajado muy bien en el Congreso nacional. Lo mismo en las conducciones partidarias y en la gesti\u00f3n. La unidad no est\u00e1 en riesgo, pero hay que cuidarla todos los d\u00edas en cada distrito, en cada municipio, en todas las provincias. Hay que regarla todos los d\u00edas\u201d, dijo el jefe de Gobierno porte\u00f1o.<\/p>\n<p>La charla, llamada \u201c<em>Defensa del federalismo y desaf\u00edos de Juntos por el Cambio\u201d,<\/em> se transmiti\u00f3 en vivo desde el perfil de Mario Negri, y participaron tanto legisladores como senadores del radicalismo, la coalici\u00f3n c\u00edvica y el PRO, entre ellos Cristian Ritondo (titular del bloque en Diputados), Silvia Lospennato, Carmen Polledo, Pablo Torello, Gustavo Santos, Juan L\u00f3pez, Maximiliano Ferraro, la diputada Leonor Mart\u00ednez Villada y el titular de la fuerza en C\u00f3rdoba Gregorio Hern\u00e1ndez Maqueda, entre otros.<\/p>\n<p class=\"destacadoNota\"><a target=\"_blank\" href=\"https:\/\/www.perfil.com\/noticias\/politica\/larreta-desembarco-en-la-provincia-con-vidal-y-los-intendentes-hay-que-apostar-al-dialogo.phtml\" rel=\"noopener noreferrer\">Larreta desembarc\u00f3 en la Provincia con Vidal y los intendentes: \u00abEl camino es la moderaci\u00f3n\u00bb&nbsp;<\/a><\/p>\n<p>Por su parte, el diputado nacional cordob\u00e9s coincidi\u00f3 y agreg\u00f3 que \u201cno sobra nadie\u201d. \u201cNo es que uno se incorpora y otro sale. Es una conjugaci\u00f3n de experiencias, de gesti\u00f3n, de vinculaci\u00f3n con la sociedad, de pensamientos diversos. Estos mil dirigentes que est\u00e1n hoy ac\u00e1 son agentes ante la sociedad. Nuestra prioridad es la unidad en la diversidad\u201d, manifest\u00f3 Negri.<\/p>\n<p>La elecci\u00f3n de 2021, dijo, \u201cles hace poner la energ\u00eda en tratar de equilibrar el poder\u201d. \u201cLa Argentina va a terminar cayendo en un gran pozo si no logramos poner l\u00edmites a los que buscan ir por todo\u201d.<\/p>\n<p>En ese sentido, remarcaron que es central defender la unidad del espacio que, seg\u00fan dijo Larreta, \u201caspira a ganar las elecciones y ser mayor\u00eda\u201d: \u201cDefiendo la unidad de un espacio que aspira a ganar las elecciones, que aspira a ser mayor\u00eda y que, por ello, necesariamente tiene voces diferentes, no todos pensamos igual\u201d plante\u00f3.<\/p>\n<p>Rodr\u00edguez Larreta y Negri coincidieron al proyectar con optimismo el escenario electoral del pr\u00f3ximo a\u00f1o.<strong> \u201cPodemos ganar la elecci\u00f3n en todo el pa\u00eds\u201d<\/strong>, dijeron. \u201cTenemos dirigentes para hacerlo. Hay que tener apertura para buscar votos de aquellos que no nos votaron, esto no significa \u00fanicamente sumar dirigentes. Hay que buscar votos de los que acompa\u00f1aron al Gobierno y ahora est\u00e1n descontentos\u201d, sostuvo el Jefe de Gobierno porte\u00f1o.<\/p>\n<p>En tanto, Negri argument\u00f3 que hay \u201cinsatisfacci\u00f3n y enojo\u201d en la gente con el gobierno de Alberto Fern\u00e1ndez. \u201cLa gente est\u00e1 muy enojada, hay mucha insatisfacci\u00f3n, por eso JxC debe tener un horizonte que nos vincule con la sociedad. Tenemos que ratificar que no hay democracia si no hay un juego libre de contrapeso de poderes. Si tenemos claro esto podemos ganar, la Rep\u00fablica lo necesita para que haya m\u00e1s equilibrio institucional\u201d.<\/p>\n<p class=\"destacadoNota\"><a target=\"_blank\" href=\"https:\/\/www.perfil.com\/noticias\/politica\/larreta-elude-la-polemica-por-la-vacuna-al-tiempo-que-sigue-armando-con-bajo-perfil.phtml\" rel=\"noopener noreferrer\">Larreta elude la pol\u00e9mica por la vacuna al tiempo que sigue con el armado pol\u00edtico&nbsp;<\/a><\/p>\n<p>Con respecto a una eventual suspensi\u00f3n de las <strong>PASO<\/strong>&nbsp;, tanto Rodr\u00edguez Larreta como Negri ratificaron durante la charla en&nbsp;Zoom <a target=\"_blank\" href=\"https:\/\/www.perfil.com\/noticias\/politica\/juntos-por-el-cambio-rechazo-la-suspension-de-las-paso-2021.phtml\" rel=\"noopener noreferrer\">la posici\u00f3n en contra<\/a> de Juntos por el Cambio.<\/p>\n<p>\u201cHicimos una declaraci\u00f3n como espacio pol\u00edtico diciendo que no estamos de acuerdo con derogar ni suspender las PASO. Pero, adem\u00e1s, en Provincia y Ciudad tenemos PASO distritales y eso lo vamos a sostener. Si hay sugerencias para mejorar el sistema se discuten, pero una regla electoral no se modifica solo con el voto del oficialismo. Vemos contradicciones tambi\u00e9n en el Gobierno\u201d, dijo el Jefe de Gobierno.<\/p>\n<h2>La discusi\u00f3n por la coparticipaci\u00f3n<\/h2>\n<p>El presidente del interbloque de diputados de Juntos por el Cambio le pidi\u00f3 al diputado radical por Chubut, <strong>Gustavo Menna<\/strong> -vicepresidente de la Comisi\u00f3n de Asuntos Constitucionales- que explique la defensa que hizo todo el interbloque de los <a target=\"_blank\" href=\"https:\/\/www.perfil.com\/noticias\/politica\/rodriguez-larreta-reune-a-su-equipo-y-acude-otra-vez-a-la-corte-suprema.phtml\" rel=\"noopener noreferrer\">fondos coparticipables de la Ciudad<\/a>.<\/p>\n<p>\u201cNos toc\u00f3 rechazar el proyecto del Gobierno. No solo defendimos el derecho de CABA a sus recursos, sino todo el sistema federal que fue desbaratado. No se puede quitar unilateralmente recursos a un distrito. M\u00e1s cuando estos fondos no eran a expensas de las otras provincias, sino provenientes de la participaci\u00f3n primaria y cuando adem\u00e1s fueron directamente,&nbsp;en una contradicci\u00f3n,&nbsp;para Axel Kicillof\u201d, argument\u00f3 Menna.<\/p>\n<p>Por su parte, Rodr\u00edguez Larreta se refiri\u00f3 al tema y dijo que desde la Ciudad est\u00e1n \u201cconvencidos\u201d del derecho que tiene el distrito: <strong>\u201cLos fondos que recibimos en 2016 fueron de la mano del traspaso de la Polic\u00eda, como indica la Constituci\u00f3n\u201d,<\/strong>&nbsp;reiter\u00f3, y agradeci\u00f3 luego el respaldo de su fuerza pol\u00edtica en su posici\u00f3n.<\/p>\n<p><em>AG<\/em><\/p>\n","protected":false},"excerpt":{"rendered":"<p>Noticias Relacionadas El diputado de Juntos por el Cambio, Mario Negri, mantuvo este s\u00e1bado 19 de diciembre un encuentro virtual con el Jefe de Gobierno de la Ciudad de Buenos Aires, Horacio Rodr\u00edguez Larreta, junto a m\u00e1s de mil dirigentes de todo el pa\u00eds. All\u00ed ratificaron la unidad de la oposici\u00f3n, aseguraron que en la [&hellip;]<\/p>\n","protected":false},"author":1,"featured_media":7896,"comment_status":"closed","ping_status":"closed","sticky":false,"template":"","format":"standard","meta":[],"categories":[1],"tags":[],"_links":{"self":[{"href":"http:\/\/hoycordobaweb.com\/index.php\/wp-json\/wp\/v2\/posts\/7895"}],"collection":[{"href":"http:\/\/hoycordobaweb.com\/index.php\/wp-json\/wp\/v2\/posts"}],"about":[{"href":"http:\/\/hoycordobaweb.com\/index.php\/wp-json\/wp\/v2\/types\/post"}],"author":[{"embeddable":true,"href":"http:\/\/hoycordobaweb.com\/index.php\/wp-json\/wp\/v2\/users\/1"}],"replies":[{"embeddable":true,"href":"http:\/\/hoycordobaweb.com\/index.php\/wp-json\/wp\/v2\/comments?post=7895"}],"version-history":[{"count":0,"href":"http:\/\/hoycordobaweb.com\/index.php\/wp-json\/wp\/v2\/posts\/7895\/revisions"}],"wp:featuredmedia":[{"embeddable":true,"href":"http:\/\/hoycordobaweb.com\/index.php\/wp-json\/wp\/v2\/media\/7896"}],"wp:attachment":[{"href":"http:\/\/hoycordobaweb.com\/index.php\/wp-json\/wp\/v2\/media?parent=7895"}],"wp:term":[{"taxonomy":"category","embeddable":true,"href":"http:\/\/hoycordobaweb.com\/index.php\/wp-json\/wp\/v2\/categories?post=7895"},{"taxonomy":"post_tag","embeddable":true,"href":"http:\/\/hoycordobaweb.com\/index.php\/wp-json\/wp\/v2\/tags?post=7895"}],"curies":[{"name":"wp","href":"https:\/\/api.w.org\/{rel}","templated":true}]}}