{"id":78947,"date":"2024-06-14T11:39:25","date_gmt":"2024-06-14T11:39:25","guid":{"rendered":"https:\/\/www.mujerhoy.com\/moda\/no-te-pierdas\/caftanes-elegantes-minimalistas-para-verano-20240614133516-nt.html"},"modified":"2024-06-14T11:39:25","modified_gmt":"2024-06-14T11:39:25","slug":"no-se-que-ponerme-pero-ahora-si-caftanes-para-ir-elegante-y-minimalista","status":"publish","type":"post","link":"http:\/\/hoycordobaweb.com\/index.php\/2024\/06\/14\/no-se-que-ponerme-pero-ahora-si-caftanes-para-ir-elegante-y-minimalista\/","title":{"rendered":"No s\u00e9 qu\u00e9 ponerme, pero ahora s\u00ed: caftanes para ir elegante y minimalista"},"content":{"rendered":"<p><!-- AUTHOR --> <\/p>\n<div class=\"voc-author-timesocial \"> <!-- AUTHOR --> <\/p>\n<div class=\"voc-author-timesocial__signature \">\n<div class=\"voc-author-timesocial__img-c\"> <!-- IMAGE AUTHOR --> <picture class=\"voc-image-signature\"> <img class=\"voc-image-signature__img\" src=\"http:\/\/hoycordobaweb.com\/wp-content\/uploads\/2024\/06\/no-se-que-ponerme-pero-ahora-si-caftanes-para-ir-elegante-y-minimalista.jpg\" alt=\"Lauren Izquierdo\"> <\/picture> <\/div>\n<p> <!-- INFO AUTHOR --> <\/div><\/div>\n<p> <!-- COMPONENTS --> <\/p>\n<p class=\"voc-paragraph\">Si hay un <a data-voc-vtm-id=\"in-text-traffic\" href=\"https:\/\/www.mujerhoy.com\/moda\/no-te-pierdas\/vestidos-amplios-para-dia-a-dia-combinan-con-todo-20230503142621-nt.html\" title=\"www.mujerhoy.com\">vestido amplio<\/a> que enamora all\u00e1 donde va porque podr\u00e1s pon\u00e9rtelo siempre que quieras, ese es el <strong>caft\u00e1n<\/strong>. Queda bien a todas, favorece y es una prenda que siempre est\u00e1 preparada para cualquier escenario que se le presente. <\/p>\n<p class=\"voc-paragraph\">Y no es broma, proque queda genial con <a data-voc-vtm-id=\"in-text-traffic\" href=\"https:\/\/www.mujerhoy.com\/moda\/no-te-pierdas\/sara-carbonero-sandalias-plataforma-rafia-comodas-made-in-spain-20240525083618-nt.html\" title=\"www.mujerhoy.com\">sandalias de tac\u00f3n c\u00f3modo<\/a> y clutch en su versi\u00f3n m\u00e1s elegante, pero tambi\u00e9n es todo un acierto cuando lo llevas a la piscina (o a la playa) con <strong>capazos de mimbre<\/strong>. <\/p>\n<p class=\"voc-paragraph\">Otra ventaja es su <strong>amplio abanico de posibilidades<\/strong> que va desde aquellos m\u00e1s elegantes que emulan la esencia del lujo silencioso, hasta los m\u00e1s atrevidos que suponen toda una declaraci\u00f3n de intenciones para los esp\u00edritus m\u00e1s atrevidos que tiene claro que m\u00e1s tambi\u00e9n puede ser m\u00e1s. <\/p>\n<p><h3 class=\"voc-detail__title\"> Los caftanes m\u00e1s bonitos de la temporada<br \/>\n<\/h3>\n<\/p>\n<div class=\"voc-detail-photo-zoom\"> <picture data-toggle=\"modal\" data-target=\"#photoZoomModal-416\" target=\"modal\">\n<div class=\"voc-img-icon-link\"> <img loading=\"lazy\" src=\"http:\/\/hoycordobaweb.com\/wp-content\/uploads\/2024\/06\/no-se-que-ponerme-pero-ahora-si-caftanes-para-ir-elegante-y-minimalista.webp\" width=\"650\" height=\"900\" alt=\"Caft\u00e1n negro de Tintoretto, 59,99 euros.\"> <noscript> <img src=\"http:\/\/hoycordobaweb.com\/wp-content\/uploads\/2024\/06\/no-se-que-ponerme-pero-ahora-si-caftanes-para-ir-elegante-y-minimalista.webp\" alt=\"Caft\u00e1n negro de Tintoretto, 59,99 euros.\"> <\/noscript> <i class=\"voc-icons zoom voc-multimedia-box voc-ico-l\"><\/i> <\/div><figcaption class=\"figure-caption\">Caft\u00e1n negro de Tintoretto, 59,99 euros.<\/figcaption><\/picture>\n<\/div>\n<div id=\"photoZoomModal-416\" class=\"voc-lightbox modal fade voc-lightbox--photo-zoom\" role=\"dialog\" data-voc-photozoom-lightbox>\n<div class=\"voc-lightbox__dialog\" role=\"document\">\n<div class=\"voc-lightbox__content\"> <!-- Modal header --> <!-- Modal content --> <\/p>\n<div class=\"voc-lightbox__photo-container\"> <picture class> <img loading=\"lazy\" src=\"http:\/\/hoycordobaweb.com\/wp-content\/uploads\/2024\/06\/no-se-que-ponerme-pero-ahora-si-caftanes-para-ir-elegante-y-minimalista.webp\" alt=\"Caft\u00e1n negro de Tintoretto, 59,99 euros.\"> <noscript> <img src=\"http:\/\/hoycordobaweb.com\/wp-content\/uploads\/2024\/06\/no-se-que-ponerme-pero-ahora-si-caftanes-para-ir-elegante-y-minimalista.webp\" alt=\"Caft\u00e1n negro de Tintoretto, 59,99 euros.\"> <\/noscript> <\/picture> <\/div><\/div><\/div>\n<\/div>\n<p class=\"voc-paragraph\"><strong>Caft\u00e1n negro de Tintoretto, 59,99 euros<\/strong>. Sinceramente, es el caft\u00e1n que yo te recomiendo si no has usado nunca uno, buscas introducirte dentro del imaginario de esta prenda y buscas verte elegante y estilizada. <\/p>\n<p class=\"voc-paragraph\">Para ir c\u00f3moda y con un aire bohemio, las sandalias planas ser\u00e1n tu mejor aliado (acompa\u00f1ado de capazos, claro). Para un aire m\u00e1s elegante y formal, apuesta por unos mules que estilicen tus piernas, o por unas alpargatas que te proporcionen lo mejor de los dos mundos.\n<\/p>\n<div class=\"voc-detail-photo-zoom\"> <picture data-toggle=\"modal\" data-target=\"#photoZoomModal-536\" target=\"modal\">\n<div class=\"voc-img-icon-link\"> <img loading=\"lazy\" src=\"http:\/\/hoycordobaweb.com\/wp-content\/uploads\/2024\/06\/no-se-que-ponerme-pero-ahora-si-caftanes-para-ir-elegante-y-minimalista-1.jpg\" width=\"650\" height=\"900\" alt=\"Stella Rittwagen caft\u00e1n estampado, 59,95 euros.\"> <noscript> <img src=\"http:\/\/hoycordobaweb.com\/wp-content\/uploads\/2024\/06\/no-se-que-ponerme-pero-ahora-si-caftanes-para-ir-elegante-y-minimalista-1.jpg\" alt=\"Stella Rittwagen caft\u00e1n estampado, 59,95 euros.\"> <\/noscript> <i class=\"voc-icons zoom voc-multimedia-box voc-ico-l\"><\/i> <\/div><figcaption class=\"figure-caption\">Stella Rittwagen caft\u00e1n estampado, 59,95 euros.<\/figcaption><\/picture>\n<\/div>\n<div id=\"photoZoomModal-536\" class=\"voc-lightbox modal fade voc-lightbox--photo-zoom\" role=\"dialog\" data-voc-photozoom-lightbox>\n<div class=\"voc-lightbox__dialog\" role=\"document\">\n<div class=\"voc-lightbox__content\"> <!-- Modal header --> <!-- Modal content --> <\/p>\n<div class=\"voc-lightbox__photo-container\"> <picture class> <img loading=\"lazy\" src=\"http:\/\/hoycordobaweb.com\/wp-content\/uploads\/2024\/06\/no-se-que-ponerme-pero-ahora-si-caftanes-para-ir-elegante-y-minimalista-1.jpg\" alt=\"Stella Rittwagen caft\u00e1n estampado, 59,95 euros.\"> <noscript> <img src=\"http:\/\/hoycordobaweb.com\/wp-content\/uploads\/2024\/06\/no-se-que-ponerme-pero-ahora-si-caftanes-para-ir-elegante-y-minimalista-1.jpg\" alt=\"Stella Rittwagen caft\u00e1n estampado, 59,95 euros.\"> <\/noscript> <\/picture> <\/div><\/div><\/div>\n<\/div>\n<p class=\"voc-paragraph\"><strong>Stella Rittwagen caft\u00e1n estampado, 59,95 euros<\/strong>. Me parece uno de los m\u00e1s bonitos que puedes usar en cualquier momento del a\u00f1o. Es elegante, femenino y con aire atemporal que no pasa de moda y que podr\u00e1s preservar en tu armario durante temporadas. <\/p>\n<p class=\"voc-paragraph\">Por otro lado, debido a sus colores, los tonos que mejor combinan y que se ven elegantes y sofisticados son el marr\u00f3n y el dorado. No obstante, tambi\u00e9n hay posibilidad para tonos como el naranja o el azul klein. <\/p>\n<div class=\"voc-detail-photo-zoom\"> <picture data-toggle=\"modal\" data-target=\"#photoZoomModal-709\" target=\"modal\">\n<div class=\"voc-img-icon-link\"> <img loading=\"lazy\" src=\"http:\/\/hoycordobaweb.com\/wp-content\/uploads\/2024\/06\/no-se-que-ponerme-pero-ahora-si-caftanes-para-ir-elegante-y-minimalista-1.webp\" width=\"650\" height=\"900\" alt=\"Be The Souk Caft\u00e1n de rayas, 243 euros.\"> <noscript> <img src=\"http:\/\/hoycordobaweb.com\/wp-content\/uploads\/2024\/06\/no-se-que-ponerme-pero-ahora-si-caftanes-para-ir-elegante-y-minimalista-1.webp\" alt=\"Be The Souk Caft\u00e1n de rayas, 243 euros.\"> <\/noscript> <i class=\"voc-icons zoom voc-multimedia-box voc-ico-l\"><\/i> <\/div><figcaption class=\"figure-caption\">Be The Souk Caft\u00e1n de rayas, 243 euros.<\/figcaption><\/picture>\n<\/div>\n<div id=\"photoZoomModal-709\" class=\"voc-lightbox modal fade voc-lightbox--photo-zoom\" role=\"dialog\" data-voc-photozoom-lightbox>\n<div class=\"voc-lightbox__dialog\" role=\"document\">\n<div class=\"voc-lightbox__content\"> <!-- Modal header --> <!-- Modal content --> <\/p>\n<div class=\"voc-lightbox__photo-container\"> <picture class> <img loading=\"lazy\" src=\"http:\/\/hoycordobaweb.com\/wp-content\/uploads\/2024\/06\/no-se-que-ponerme-pero-ahora-si-caftanes-para-ir-elegante-y-minimalista-1.webp\" alt=\"Be The Souk Caft\u00e1n de rayas, 243 euros.\"> <noscript> <img src=\"http:\/\/hoycordobaweb.com\/wp-content\/uploads\/2024\/06\/no-se-que-ponerme-pero-ahora-si-caftanes-para-ir-elegante-y-minimalista-1.webp\" alt=\"Be The Souk Caft\u00e1n de rayas, 243 euros.\"> <\/noscript> <\/picture> <\/div><\/div><\/div>\n<\/div>\n<p class=\"voc-paragraph\"><strong>Be The Souk Caft\u00e1n de rayas, 243 euros<\/strong>. En su versi\u00f3n m\u00e1s atemporal y dirigida al street style, debemos reconocer que somos fans de p\u00f3ster de este vestido amplio de rayas que te har\u00e1 parecer m\u00e1s alta y que aporta un aire elegante all\u00e1 donde va. <\/p>\n<p class=\"voc-paragraph\">Adem\u00e1s, combina a la perfecci\u00f3n con tonos como el marr\u00f3n y el dorado, aunque tambi\u00e9n se presta a blancos y negros. \u00bfQuieres verte m\u00e1s favorecida? Tampoco hay problema, porque el azul, naranja y verde le dar\u00e1n un toque de vida irresistible. <\/p>\n<p> <!-- TOPICS --> <\/p>\n","protected":false},"excerpt":{"rendered":"<p>Si hay un vestido amplio que enamora all\u00e1 donde va porque podr\u00e1s pon\u00e9rtelo siempre que quieras, ese es el caft\u00e1n. Queda bien a todas, favorece y es una prenda que siempre est\u00e1 preparada para cualquier escenario que se le presente. Y no es broma, proque queda genial con sandalias de tac\u00f3n c\u00f3modo y clutch en [&hellip;]<\/p>\n","protected":false},"author":1,"featured_media":78948,"comment_status":"closed","ping_status":"closed","sticky":false,"template":"","format":"standard","meta":[],"categories":[],"tags":[],"_links":{"self":[{"href":"http:\/\/hoycordobaweb.com\/index.php\/wp-json\/wp\/v2\/posts\/78947"}],"collection":[{"href":"http:\/\/hoycordobaweb.com\/index.php\/wp-json\/wp\/v2\/posts"}],"about":[{"href":"http:\/\/hoycordobaweb.com\/index.php\/wp-json\/wp\/v2\/types\/post"}],"author":[{"embeddable":true,"href":"http:\/\/hoycordobaweb.com\/index.php\/wp-json\/wp\/v2\/users\/1"}],"replies":[{"embeddable":true,"href":"http:\/\/hoycordobaweb.com\/index.php\/wp-json\/wp\/v2\/comments?post=78947"}],"version-history":[{"count":0,"href":"http:\/\/hoycordobaweb.com\/index.php\/wp-json\/wp\/v2\/posts\/78947\/revisions"}],"wp:featuredmedia":[{"embeddable":true,"href":"http:\/\/hoycordobaweb.com\/index.php\/wp-json\/wp\/v2\/media\/78948"}],"wp:attachment":[{"href":"http:\/\/hoycordobaweb.com\/index.php\/wp-json\/wp\/v2\/media?parent=78947"}],"wp:term":[{"taxonomy":"category","embeddable":true,"href":"http:\/\/hoycordobaweb.com\/index.php\/wp-json\/wp\/v2\/categories?post=78947"},{"taxonomy":"post_tag","embeddable":true,"href":"http:\/\/hoycordobaweb.com\/index.php\/wp-json\/wp\/v2\/tags?post=78947"}],"curies":[{"name":"wp","href":"https:\/\/api.w.org\/{rel}","templated":true}]}}