{"id":78941,"date":"2024-06-13T23:13:02","date_gmt":"2024-06-13T23:13:02","guid":{"rendered":"https:\/\/www.ole.com.ar\/futbol-internacional\/espana\/grupo-pachuca-real-oviedo-ascenso-espana_0_I24X0w5MUB.html"},"modified":"2024-06-13T23:13:02","modified_gmt":"2024-06-13T23:13:02","slug":"grupo-pachuca-el-experto-en-ascensos-suena-con-subir-al-real-oviedo-a-la-primera-de-espana","status":"publish","type":"post","link":"http:\/\/hoycordobaweb.com\/index.php\/2024\/06\/13\/grupo-pachuca-el-experto-en-ascensos-suena-con-subir-al-real-oviedo-a-la-primera-de-espana\/","title":{"rendered":"Grupo Pachuca, el experto en ascensos, sue\u00f1a con subir al Real Oviedo a la primera de Espa\u00f1a"},"content":{"rendered":"<p><img src=\"http:\/\/hoycordobaweb.com\/wp-content\/uploads\/2024\/06\/grupo-pachuca-el-experto-en-ascensos-suena-con-subir-al-real-oviedo-a-la-primera-de-espana.jpg\"><\/p>\n<p><time class=\"createDate\" datetime=\"2024-06-13T20:13:02-03:00\">13\/06\/2024 20:13hs.<\/time><time class=\"modificatedDate\" datetime=\"2024-06-13T20:27:20-03:00\"> Actualizado al 13\/06\/2024 20:27hs.<\/time><\/p>\n<div id=\"storyBody\">\n<div class=\"custom-text \" readability=\"38\">\n<p>Dos a\u00f1os despu\u00e9s de haberse concretado la compra del <strong>Real Oviedo <\/strong>por parte de <strong>Grupo Pachuca<\/strong>, el equipo asturiano est\u00e1 a un paso de volver a la primera divisi\u00f3n del futbol de <strong>Espa\u00f1a<\/strong>, divisi\u00f3n que no pisa desde la temporada 2000-2001, cuando descendi\u00f3 tras quedar en la posici\u00f3n 18 de la tabla general.<\/p>\n<\/div>\n<div class=\"custom-text \" readability=\"38\">\n<p>El paso que falta nos ser\u00e1 f\u00e1cil, pues tendr\u00e1n que enfrentar en el duelo por el ascenso al <strong>Espanyol de Barcelona<\/strong>, cuadro que est\u00e1 acostumbrado a ir y venir entre la primera y segunda divisi\u00f3n, y que inici\u00f3 esta campa\u00f1a como uno de los favoritos al ser el equipo con la plantilla m\u00e1s cara del torneo.<\/p>\n<\/div>\n<div class=\"sc-e7b891c4-0 jPbnQF\"><img alt=\"Los jugadores del Oviedo celebran la victoria ante el Eibar, al t\u00e9rmino del partido de vuelta de la semifinal de ascenso a primera divisi\u00f3n. (EFE\/Juan Herrero)\" src=\"http:\/\/hoycordobaweb.com\/wp-content\/uploads\/2024\/06\/grupo-pachuca-el-experto-en-ascensos-suena-con-subir-al-real-oviedo-a-la-primera-de-espana-2.jpg\" width=\"720\" height=\"100\" decoding=\"async\" data-nimg=\"future\" loading=\"lazy\"><span class=\"epigraphe\">Los jugadores del Oviedo celebran la victoria ante el Eibar, al t\u00e9rmino del partido de vuelta de la semifinal de ascenso a primera divisi\u00f3n. (EFE\/Juan Herrero)<\/span><\/div>\n<div class=\"custom-text \" readability=\"38\">\n<p>A favor del<strong> Oviedo<\/strong> est\u00e1 la experiencia del <strong>Grupo Pachuca<\/strong> en cuanto a ascensos se refiere, pues desde que adquiri\u00f3 a los<strong> Tuzos<\/strong> en al d\u00e9cada de los noventa, ha conseguido ascender a cuatro clubes: <strong>Pachuca y Le\u00f3n en la Liga MX, Everton de Vi\u00f1a del Mar en el balompi\u00e9 de Chile y Talleres de C\u00f3rdoba en Argentina.<\/strong><\/p>\n<\/div>\n<div class=\"custom-text \" readability=\"37\">\n<p>La \u00fanica escuadra que compr\u00f3 y que no pudo llevar al m\u00e1ximo circuito fue a los <strong>Mineros de Zacatecas<\/strong>, cuadro que entre el 2014 y 2020 pele\u00f3 sin \u00e9xito un lugar en la <strong>Liga MX<\/strong>. A mediados del 2020 la firma encabezada por <strong>Jes\u00fas Mart\u00ednez Pati\u00f1o<\/strong> decidi\u00f3 vender la franquicia a Eduardo L\u00f3pez Mu\u00f1oz, un empresario zacatecano.<\/p>\n<\/div>\n<div class=\"custom-text \" readability=\"35\">\n<p>El <strong>Club Le\u00f3n<\/strong> lo adquirieron en 2011 y a mediados del 2012 lograron ascenderlo. Y no solo eso, pues en el <strong>Torneo Apertura 2013 <\/strong>y <strong>Clausura 2014 <\/strong>consiguieron levantar el segundo bicampeonato en la historia de los torneos cortos.<\/p>\n<\/div>\n<div class=\"sc-e7b891c4-0 jPbnQF\"><img alt=\"El Le\u00f3n de M\u00e9xico campe\u00f3n de la Concachampions (prensa del club).\" src=\"http:\/\/hoycordobaweb.com\/wp-content\/uploads\/2024\/06\/grupo-pachuca-el-experto-en-ascensos-suena-con-subir-al-real-oviedo-a-la-primera-de-espana-3.jpg\" width=\"720\" height=\"100\" decoding=\"async\" data-nimg=\"future\" loading=\"lazy\"><span class=\"epigraphe\">El Le\u00f3n de M\u00e9xico campe\u00f3n de la Concachampions (prensa del club).<\/span><\/div>\n<div class=\"custom-text \" readability=\"37\">\n<p>A mediados del 2016 se aventuraron a salir al extranjero y compraron al <strong>Everton de Vi\u00f1a del Mar<\/strong>. Bajo su administraci\u00f3n lo llevaron de vuelta a la primera divisi\u00f3n e incluso a la final de la <strong>Copa de Chile<\/strong>, que si bien perdieron ante Colo Colo, ese subcampeonato les permiti\u00f3 regresar tambi\u00e9n a los torneos internacionales: <strong>Copa Libertadores<\/strong> y Copa Sudamericana.<\/p>\n<\/div>\n<div class=\"custom-text \" readability=\"39\">\n<p>Como proyecto personal de <strong>Andtr\u00e9s Fassi<\/strong>, entonces directivo del Grupo <strong>Pachuca<\/strong>, la instituci\u00f3n hidalguense invirti\u00f3 en <strong>Talleres de C\u00f3rdoba<\/strong>, cuadro que pas\u00f3 vagando 12 a\u00f1os entre segunda y tercera divisi\u00f3n en <strong>Argentina<\/strong>. El 5 de junio del 2016 ascendieron y hasta el momento han logrado mantenerse, consiguiendo dos subcampeonatos en<strong> Copa Argentina<\/strong>.<\/p>\n<\/div>\n<div class=\"sc-e7b891c4-0 jPbnQF\"><img alt=\"Andr\u00e9s Fassi y Grupo Pachuca lograron ascender a Talleres de C\u00f3rdoba.\" src=\"http:\/\/hoycordobaweb.com\/wp-content\/uploads\/2024\/06\/grupo-pachuca-el-experto-en-ascensos-suena-con-subir-al-real-oviedo-a-la-primera-de-espana-4.jpg\" width=\"720\" height=\"100\" decoding=\"async\" data-nimg=\"future\" loading=\"lazy\"><span class=\"epigraphe\">Andr\u00e9s Fassi y Grupo Pachuca lograron ascender a Talleres de C\u00f3rdoba.<\/span><\/div>\n<div class=\"custom-text \" readability=\"34\">\n<p>Tambi\u00e9n pudieron regresar a jugar <strong>Copa Sudamericana<\/strong> ya<strong>Copa Libertadores,<\/strong> torneo donde en 2022 lograron por primera vez clasificar a cuartos de final.<\/p>\n<\/div>\n<div class=\"custom-text \" readability=\"37\">\n<p>Con el <strong>Real Oviedo<\/strong>, <strong>Grupo Pachuca<\/strong> busca el quinto ascenso de un equipo, destacando que llegar a primera divisi\u00f3n de <strong>Espa\u00f1a <\/strong>ser\u00eda uno de los logros m\u00e1s grandes, debido a la complejidad y nivel del futbol espa\u00f1ol.<\/p>\n<\/div>\n<\/div>\n","protected":false},"excerpt":{"rendered":"<p>13\/06\/2024 20:13hs. Actualizado al 13\/06\/2024 20:27hs. Dos a\u00f1os despu\u00e9s de haberse concretado la compra del Real Oviedo por parte de Grupo Pachuca, el equipo asturiano est\u00e1 a un paso de volver a la primera divisi\u00f3n del futbol de Espa\u00f1a, divisi\u00f3n que no pisa desde la temporada 2000-2001, cuando descendi\u00f3 tras quedar en la posici\u00f3n 18 [&hellip;]<\/p>\n","protected":false},"author":1,"featured_media":78942,"comment_status":"open","ping_status":"closed","sticky":false,"template":"","format":"standard","meta":[],"categories":[16],"tags":[],"_links":{"self":[{"href":"http:\/\/hoycordobaweb.com\/index.php\/wp-json\/wp\/v2\/posts\/78941"}],"collection":[{"href":"http:\/\/hoycordobaweb.com\/index.php\/wp-json\/wp\/v2\/posts"}],"about":[{"href":"http:\/\/hoycordobaweb.com\/index.php\/wp-json\/wp\/v2\/types\/post"}],"author":[{"embeddable":true,"href":"http:\/\/hoycordobaweb.com\/index.php\/wp-json\/wp\/v2\/users\/1"}],"replies":[{"embeddable":true,"href":"http:\/\/hoycordobaweb.com\/index.php\/wp-json\/wp\/v2\/comments?post=78941"}],"version-history":[{"count":0,"href":"http:\/\/hoycordobaweb.com\/index.php\/wp-json\/wp\/v2\/posts\/78941\/revisions"}],"wp:featuredmedia":[{"embeddable":true,"href":"http:\/\/hoycordobaweb.com\/index.php\/wp-json\/wp\/v2\/media\/78942"}],"wp:attachment":[{"href":"http:\/\/hoycordobaweb.com\/index.php\/wp-json\/wp\/v2\/media?parent=78941"}],"wp:term":[{"taxonomy":"category","embeddable":true,"href":"http:\/\/hoycordobaweb.com\/index.php\/wp-json\/wp\/v2\/categories?post=78941"},{"taxonomy":"post_tag","embeddable":true,"href":"http:\/\/hoycordobaweb.com\/index.php\/wp-json\/wp\/v2\/tags?post=78941"}],"curies":[{"name":"wp","href":"https:\/\/api.w.org\/{rel}","templated":true}]}}