{"id":7889,"date":"2020-12-16T00:01:23","date_gmt":"2020-12-16T00:01:23","guid":{"rendered":"http:\/\/ladecimaweb.com\/?p=7653"},"modified":"2020-12-16T00:01:23","modified_gmt":"2020-12-16T00:01:23","slug":"el-legislador-cossar-impulsa-un-plan-de-movilidad-sustentable-con-eje-en-el-uso-de-la-bicicleta","status":"publish","type":"post","link":"http:\/\/hoycordobaweb.com\/index.php\/2020\/12\/16\/el-legislador-cossar-impulsa-un-plan-de-movilidad-sustentable-con-eje-en-el-uso-de-la-bicicleta\/","title":{"rendered":"El legislador Cossar impulsa un plan de movilidad sustentable con eje en el uso de la bicicleta"},"content":{"rendered":"<p><em><strong>Es una iniciavita del legislador radical Marcelo Cossar que<\/strong><strong> entre otros propone la construcci\u00f3n de ciclov\u00edas en colectoras y la conexi\u00f3n interurbana de la red vial.<\/strong><\/em><\/p>\n<p>\u201cDurante la emergencia sanitaria tuvimos que movilizarnos por medios alternativos al transporte p\u00fablico y al autom\u00f3vil, principalmente la bicicleta. Al ser de uso individual, la bici fue percibida tambi\u00e9n como menos riesgosa ante el contagio. El crecimiento ha sido exponencial. Para tener una idea, <strong>el parque nacional de bicis en Argentina se calcula actualmente en 8 millones y se estima que al finalizar 2020, se habr\u00e1n vendido en el pa\u00eds 1.400.000 bicis, un 40 % m\u00e1s que el a\u00f1o pasado. En C\u00f3rdoba, no menos de 200 mil\u201d, explic\u00f3 Cossar, autor del proyecto.<\/strong><\/p>\n<p>\u201cSi bien la bici no es el \u00fanico medio de movilidad sustentable que existe es, junto con caminar y correr, es uno de los m\u00e1s saludables, limpios, econ\u00f3micos y eficientes que podemos disponer. Los cordobeses dejamos de pensar en cuatro ruedas y empezamos a pensar en dos pies. <strong>Tenemos que acompa\u00f1ar esta pr\u00e1ctica en crecimiento con pol\u00edticas p\u00fablicas que ordenen, faciliten y promuevan el tr\u00e1nsito humano, seguro y sostenible en la provincia\u201d, expres\u00f3 el legislador radical.<\/strong><\/p>\n<p><img loading=\"lazy\" class=\"alignnone size-full wp-image-5783\" src=\"http:\/\/hoycordobaweb.com\/wp-content\/uploads\/2020\/12\/el-legislador-cossar-impulsa-un-plan-de-movilidad-sustentable-con-eje-en-el-uso-de-la-bicicleta.jpg\" alt=\"\" width=\"800\" height=\"458\" srcset=\"http:\/\/hoycordobaweb.com\/wp-content\/uploads\/2020\/12\/el-legislador-cossar-impulsa-un-plan-de-movilidad-sustentable-con-eje-en-el-uso-de-la-bicicleta.jpg 800w, http:\/\/hoycordobaweb.com\/wp-content\/uploads\/2020\/12\/el-legislador-cossar-impulsa-un-plan-de-movilidad-sustentable-con-eje-en-el-uso-de-la-bicicleta-1.jpg 776w, http:\/\/hoycordobaweb.com\/wp-content\/uploads\/2020\/12\/el-legislador-cossar-impulsa-un-plan-de-movilidad-sustentable-con-eje-en-el-uso-de-la-bicicleta-2.jpg 768w\" sizes=\"(max-width: 800px) 100vw, 800px\" \/><\/p>\n<p>Agreg\u00f3 Cossar que \u201cEl uso de la bici es el centro de estas pol\u00edticas, pero el marco es mayor, a partir de esta pr\u00e1ctica saludable apuntamos a la formulaci\u00f3n de un <strong>Plan Estrat\u00e9gico Provincial de Movilidad Sustentable<\/strong> que involucra, entre otros aspectos, <strong>garantizar la conectividad y continuidad de la red vial apta entre municipios<\/strong>, el uso de veh\u00edculos sostenibles, el fomento a la industria provincial af\u00edn y la construcci\u00f3n de infraestructura estrat\u00e9gica para este tipo de movilidad de manera interurbana\u201d.<\/p>\n<p><strong>La nueva ley de movilidad<\/strong><\/p>\n<p>El proyecto propone la formulaci\u00f3n de un <strong>plan de movilidad para todo el territorio provincial<\/strong> y establece los par\u00e1metros legales para fomentar la utilizaci\u00f3n preferente de la bicicleta de manera local e interlocal.<\/p>\n<p>Este plan deber\u00e1 promover el uso de transporte p\u00fablico por sobre el motorizado individual con \u00e9nfasis en la intermodalidad entre bicis y transporte p\u00fablico, priorizando las nuevas tecnolog\u00edas e impulsando pol\u00edticas de fomento a la industria provincial.<\/p>\n<p>Tambi\u00e9n planificar\u00e1 de modo estrat\u00e9gico las nuevas redes de recarga alternativa geogr\u00e1ficamente eficiente para veh\u00edculos sustentables como los el\u00e9ctricos y adecuar\u00e1 la flota vehicular oficial a los objetivos sustentables.<\/p>\n<p>El proyecto contempla <strong>la creaci\u00f3n de un fondo espec\u00edfico para la promoci\u00f3n de transportes alternativos<\/strong> y ejecuci\u00f3n de redes de ciclov\u00edas, la construcci\u00f3n de ciclov\u00edas p\u00fablicas en colectoras y la promoci\u00f3n de facilidades para el acceso a bicicletas.<\/p>\n<div class=\"ubm_banner\"><a href=\"https:\/\/www.cba.gov.ar\/\" target=\"_blank\" rel=\"dofollow noopener noreferrer\"><img src=\"http:\/\/hoycordobaweb.com\/wp-content\/uploads\/2020\/12\/el-legislador-cossar-impulsa-un-plan-de-movilidad-sustentable-con-eje-en-el-uso-de-la-bicicleta.gif\" alt=\"\"><\/a><\/div>\n<p>La entrada <a rel=\"nofollow\" href=\"https:\/\/ladecimaweb.com\/impulsan-un-plan-de-movilidad-sustentable-con-eje-en-el-uso-de-la-bicicleta\/\">El legislador Cossar impulsa un plan de movilidad sustentable con eje en el uso de la bicicleta<\/a> se public\u00f3 primero en <a rel=\"nofollow\" href=\"https:\/\/ladecimaweb.com\">LaDecima<\/a>.<\/p>\n","protected":false},"excerpt":{"rendered":"<p>Es una iniciavita del legislador radical Marcelo Cossar que entre otros propone la construcci\u00f3n de ciclov\u00edas en colectoras y la conexi\u00f3n interurbana de la red vial. \u201cDurante la emergencia sanitaria tuvimos que movilizarnos por medios alternativos al transporte p\u00fablico y al autom\u00f3vil, principalmente la bicicleta. Al ser de uso individual, la bici fue percibida tambi\u00e9n [&hellip;]<\/p>\n","protected":false},"author":1,"featured_media":7890,"comment_status":"closed","ping_status":"closed","sticky":false,"template":"","format":"standard","meta":[],"categories":[19],"tags":[],"_links":{"self":[{"href":"http:\/\/hoycordobaweb.com\/index.php\/wp-json\/wp\/v2\/posts\/7889"}],"collection":[{"href":"http:\/\/hoycordobaweb.com\/index.php\/wp-json\/wp\/v2\/posts"}],"about":[{"href":"http:\/\/hoycordobaweb.com\/index.php\/wp-json\/wp\/v2\/types\/post"}],"author":[{"embeddable":true,"href":"http:\/\/hoycordobaweb.com\/index.php\/wp-json\/wp\/v2\/users\/1"}],"replies":[{"embeddable":true,"href":"http:\/\/hoycordobaweb.com\/index.php\/wp-json\/wp\/v2\/comments?post=7889"}],"version-history":[{"count":0,"href":"http:\/\/hoycordobaweb.com\/index.php\/wp-json\/wp\/v2\/posts\/7889\/revisions"}],"wp:featuredmedia":[{"embeddable":true,"href":"http:\/\/hoycordobaweb.com\/index.php\/wp-json\/wp\/v2\/media\/7890"}],"wp:attachment":[{"href":"http:\/\/hoycordobaweb.com\/index.php\/wp-json\/wp\/v2\/media?parent=7889"}],"wp:term":[{"taxonomy":"category","embeddable":true,"href":"http:\/\/hoycordobaweb.com\/index.php\/wp-json\/wp\/v2\/categories?post=7889"},{"taxonomy":"post_tag","embeddable":true,"href":"http:\/\/hoycordobaweb.com\/index.php\/wp-json\/wp\/v2\/tags?post=7889"}],"curies":[{"name":"wp","href":"https:\/\/api.w.org\/{rel}","templated":true}]}}