{"id":78888,"date":"2024-06-13T00:57:13","date_gmt":"2024-06-13T00:57:13","guid":{"rendered":"https:\/\/www.ole.com.ar\/fuera-de-juego\/paternal-canto-ley-bases-patria-vende-hinchas-argentinos-congreso_0_nAcDtMxnXE.html"},"modified":"2024-06-13T00:57:13","modified_gmt":"2024-06-13T00:57:13","slug":"en-la-paternal-se-canto-contra-la-ley-bases-la-patria-no-se-vende","status":"publish","type":"post","link":"http:\/\/hoycordobaweb.com\/index.php\/2024\/06\/13\/en-la-paternal-se-canto-contra-la-ley-bases-la-patria-no-se-vende\/","title":{"rendered":"En La Paternal se cant\u00f3 contra la Ley Bases: \u00abLa patria no se vende\u00bb"},"content":{"rendered":"<p><img src=\"http:\/\/hoycordobaweb.com\/wp-content\/uploads\/2024\/06\/en-la-paternal-se-canto-contra-la-ley-bases-la-patria-no-se-vende.jpg\"><\/p>\n<div><img src=\"http:\/\/hoycordobaweb.com\/wp-content\/uploads\/2024\/06\/en-la-paternal-se-canto-contra-la-ley-bases-la-patria-no-se-vende.jpg\" class=\"ff-og-image-inserted\"><\/div>\n<div readability=\"38\">\n<p>Este mi\u00e9rcoles 12 de junio ser\u00e1 recordado por el caos que se apoder\u00f3 de la Capital durante el tratamiento de la Ley Bases en el Congreso. Desde muy temprano se registraron <strong>manifestaciones, enfrentamientos con las fuerzas de seguridad y represi\u00f3n, <\/strong>con un saldo de varios detenidos y muchos heridos, incluyendo diputados de la Naci\u00f3n afectados por el gas pimienta.<\/p>\n<\/div>\n<div readability=\"35.349442379182\">\n<p>Una triste jornada para la democracia argentina, a seis meses de la llegada al gobierno del presidente <a href=\"https:\/\/www.ole.com.ar\/tema\/javier-milei.html\" title=\"Javier Milei\" alt=\"Javier Milei\" class=\"slug\">Javier Milei<\/a>. Ya en horas de la noche, mientras en distintos barrios se escuchaban cacerolazos, el mundo del f\u00fatbol no se mantuvo al margen y tambi\u00e9n se manifest\u00f3.<\/p>\n<\/div>\n","protected":false},"excerpt":{"rendered":"<p>Este mi\u00e9rcoles 12 de junio ser\u00e1 recordado por el caos que se apoder\u00f3 de la Capital durante el tratamiento de la Ley Bases en el Congreso. Desde muy temprano se registraron manifestaciones, enfrentamientos con las fuerzas de seguridad y represi\u00f3n, con un saldo de varios detenidos y muchos heridos, incluyendo diputados de la Naci\u00f3n afectados [&hellip;]<\/p>\n","protected":false},"author":1,"featured_media":78889,"comment_status":"open","ping_status":"closed","sticky":false,"template":"","format":"standard","meta":[],"categories":[16],"tags":[],"_links":{"self":[{"href":"http:\/\/hoycordobaweb.com\/index.php\/wp-json\/wp\/v2\/posts\/78888"}],"collection":[{"href":"http:\/\/hoycordobaweb.com\/index.php\/wp-json\/wp\/v2\/posts"}],"about":[{"href":"http:\/\/hoycordobaweb.com\/index.php\/wp-json\/wp\/v2\/types\/post"}],"author":[{"embeddable":true,"href":"http:\/\/hoycordobaweb.com\/index.php\/wp-json\/wp\/v2\/users\/1"}],"replies":[{"embeddable":true,"href":"http:\/\/hoycordobaweb.com\/index.php\/wp-json\/wp\/v2\/comments?post=78888"}],"version-history":[{"count":0,"href":"http:\/\/hoycordobaweb.com\/index.php\/wp-json\/wp\/v2\/posts\/78888\/revisions"}],"wp:featuredmedia":[{"embeddable":true,"href":"http:\/\/hoycordobaweb.com\/index.php\/wp-json\/wp\/v2\/media\/78889"}],"wp:attachment":[{"href":"http:\/\/hoycordobaweb.com\/index.php\/wp-json\/wp\/v2\/media?parent=78888"}],"wp:term":[{"taxonomy":"category","embeddable":true,"href":"http:\/\/hoycordobaweb.com\/index.php\/wp-json\/wp\/v2\/categories?post=78888"},{"taxonomy":"post_tag","embeddable":true,"href":"http:\/\/hoycordobaweb.com\/index.php\/wp-json\/wp\/v2\/tags?post=78888"}],"curies":[{"name":"wp","href":"https:\/\/api.w.org\/{rel}","templated":true}]}}