{"id":78876,"date":"2024-06-11T10:32:00","date_gmt":"2024-06-11T10:32:00","guid":{"rendered":"https:\/\/fm-comunicar.com.ar\/contenido\/21905\/la-escuela-de-los-chanares-le-rindio-homenaje-a-martin-miguel-de-guemes"},"modified":"2024-06-11T10:32:00","modified_gmt":"2024-06-11T10:32:00","slug":"la-escuela-de-los-chanares-le-rindio-homenaje-a-martin-miguel-de-guemes","status":"publish","type":"post","link":"http:\/\/hoycordobaweb.com\/index.php\/2024\/06\/11\/la-escuela-de-los-chanares-le-rindio-homenaje-a-martin-miguel-de-guemes\/","title":{"rendered":"La Escuela de los Cha\u00f1ares le rindi\u00f3 homenaje a Mart\u00edn Miguel de G\u00fcemes"},"content":{"rendered":"<p>El acto se llevo a cabo en marco al proyecto \u00abCon G\u00fcemes a la escuela\u00bb , que incluye experiencias l\u00fadico\/didactas dirigidas a colegios primarios y secundarios, que combinan la danza con la representaci\u00f3n hist\u00f3rica del ballet folkl\u00f3rico Mart\u00edn Fierro.<img src=\"http:\/\/hoycordobaweb.com\/wp-content\/uploads\/2024\/06\/la-escuela-de-los-chanares-le-rindio-homenaje-a-martin-miguel-de-guemes.jpg\"><\/p>\n","protected":false},"excerpt":{"rendered":"<p>El acto se llevo a cabo en marco al proyecto \u00abCon G\u00fcemes a la escuela\u00bb , que incluye experiencias l\u00fadico\/didactas dirigidas a colegios primarios y secundarios, que combinan la danza con la representaci\u00f3n hist\u00f3rica del ballet folkl\u00f3rico Mart\u00edn Fierro.<\/p>\n","protected":false},"author":1,"featured_media":78877,"comment_status":"closed","ping_status":"closed","sticky":false,"template":"","format":"standard","meta":[],"categories":[18],"tags":[],"_links":{"self":[{"href":"http:\/\/hoycordobaweb.com\/index.php\/wp-json\/wp\/v2\/posts\/78876"}],"collection":[{"href":"http:\/\/hoycordobaweb.com\/index.php\/wp-json\/wp\/v2\/posts"}],"about":[{"href":"http:\/\/hoycordobaweb.com\/index.php\/wp-json\/wp\/v2\/types\/post"}],"author":[{"embeddable":true,"href":"http:\/\/hoycordobaweb.com\/index.php\/wp-json\/wp\/v2\/users\/1"}],"replies":[{"embeddable":true,"href":"http:\/\/hoycordobaweb.com\/index.php\/wp-json\/wp\/v2\/comments?post=78876"}],"version-history":[{"count":0,"href":"http:\/\/hoycordobaweb.com\/index.php\/wp-json\/wp\/v2\/posts\/78876\/revisions"}],"wp:featuredmedia":[{"embeddable":true,"href":"http:\/\/hoycordobaweb.com\/index.php\/wp-json\/wp\/v2\/media\/78877"}],"wp:attachment":[{"href":"http:\/\/hoycordobaweb.com\/index.php\/wp-json\/wp\/v2\/media?parent=78876"}],"wp:term":[{"taxonomy":"category","embeddable":true,"href":"http:\/\/hoycordobaweb.com\/index.php\/wp-json\/wp\/v2\/categories?post=78876"},{"taxonomy":"post_tag","embeddable":true,"href":"http:\/\/hoycordobaweb.com\/index.php\/wp-json\/wp\/v2\/tags?post=78876"}],"curies":[{"name":"wp","href":"https:\/\/api.w.org\/{rel}","templated":true}]}}