{"id":78855,"date":"2024-06-12T01:05:00","date_gmt":"2024-06-12T01:05:00","guid":{"rendered":"http:\/\/hoycordobaweb.com\/index.php\/2024\/06\/12\/lo-podemos-evitar-una-funcionaria-conducia-ebria-choco-y-quiso-coimear-al-agente-de-transito\/"},"modified":"2024-06-12T01:05:00","modified_gmt":"2024-06-12T01:05:00","slug":"lo-podemos-evitar-una-funcionaria-conducia-ebria-choco-y-quiso-coimear-al-agente-de-transito","status":"publish","type":"post","link":"http:\/\/hoycordobaweb.com\/index.php\/2024\/06\/12\/lo-podemos-evitar-una-funcionaria-conducia-ebria-choco-y-quiso-coimear-al-agente-de-transito\/","title":{"rendered":"\u00abLo podemos evitar&#8230;\u00bb: una funcionaria conduc\u00eda ebria, choc\u00f3 y quiso coimear al agente de tr\u00e1nsito"},"content":{"rendered":"<div class=\"media_block\"><\/div>\n<div><img src=\"http:\/\/hoycordobaweb.com\/wp-content\/uploads\/2024\/06\/lo-podemos-evitar-una-funcionaria-conducia-ebria-choco-y-quiso-coimear-al-agente-de-transito-1.jpg\" class=\"ff-og-image-inserted\"><\/div>\n<p>La subsecretaria de Desarrollo Comunitario de General Rodr\u00edguez, <strong>Paola Szchur<\/strong>, protagoniz\u00f3 un lamentable y pol\u00e9mico incidente el \u00faltimo fin de semana: la mujer<strong> <a target=\"_blank\" href=\"https:\/\/www.perfil.com\/noticias\/internacional\/un-alcalde-chileno-choco-ebrio-renuncio-por-redes-sociales-y-se-suicido-tras-ser-detenido.phtml\" rel=\"noopener noreferrer\">conduc\u00eda alcoholizada<\/a> sobre la Ruta 7<\/strong>, se habr\u00eda cruzado de carril y<strong> embisti\u00f3 una camioneta, provoc\u00e1ndole heridas a uno de los pasajeros<\/strong>. Pero lo m\u00e1s impactante fue el accionar de la funcionaria municipal cuando arribaron los agentes de tr\u00e1nsito&nbsp;que la quer\u00edan someter a la prueba de alcoholemia: Szchur le propuso a los oficiales \u00abun arreglo\u00bb para evitar el control.<\/p>\n<p>El incidente fue divulgado por el medio <em>LP Noticias<\/em> y se complement\u00f3 con un video que pronto <strong>se viraliz\u00f3 y dej\u00f3 expuesta a la dirigente <\/strong>a cargo de la subsecretaria de Desarrollo Comunitario.<\/p>\n<p>El domingo pasado, Szchur conduc\u00eda en estado de ebriedad por la Ruta 7 en direcci\u00f3n a Luj\u00e1n y el choque se produjo entre las calles Juan de Garay y Manuela Maison, en el barrio Parque Irigoyen. <strong>Todo indica que la mujer se cruz\u00f3 de carril e impact\u00f3 contra una camioneta Blazer<\/strong>.<\/p>\n<div class=\"subscription\" readability=\"6.683257918552\">\n<p>\nEsto no les gusta a los autoritarios\n<\/p>\n<div class=\"subscription__container\" readability=\"6.1467391304348\">\n<div class=\"subscription__text-wrapper\" readability=\"31.20652173913\">\n<p>\nEl ejercicio del periodismo profesional y cr\u00edtico es un pilar fundamental de la democracia. Por eso molesta a quienes creen ser los due\u00f1os de la verdad.\n<\/p>\n<\/p><\/div>\n<\/div><\/div>\n<p>Se constat\u00f3 que la funcionaria <strong>ten\u00eda 3,21 mg de alcohol en sangre<\/strong>, motivo por el cual fue detenida, con el agravante de que hiri\u00f3 a uno de los pasajeros de la camioneta embestida.<\/p>\n<p class=\"destacadoNota\"><a target=\"_blank\" href=\"https:\/\/www.perfil.com\/noticias\/cordoba\/fiscal-enrique-gavier-en-problemas-condujo-alcoholizado-y-evadio-un-control-policial.phtml\" rel=\"noopener noreferrer\">Fiscal Enrique Gavier en problemas: condujo alcoholizado y evadi\u00f3 un control policial<\/a><\/p>\n<h2><strong>El pol\u00e9mico video que compromete a Paola Szchur<\/strong><\/h2>\n<p>En el video se puede advertir que la subsecretaria, con dificultades para modular, intentaba una y otra vez disuadir a los agentes para eludir el control y hasta <strong>trat\u00f3 de \u00abarreglar\u00bb el caso, dando a entender que estaba dispuesta a coimear a las autoridades<\/strong>.<\/p>\n<p><strong>\u00abLo podemos evitar [al control], escuchame, podemos evitarlo, \u00bfno? \u00bfPodemos arreglarlo de alguna manera? \u00bfsab\u00e9s qui\u00e9n soy yo?, \u00bfSab\u00e9s que no, no? Dale, dale\u00bb<\/strong>, insist\u00eda Paola Szchur.<\/p>\n<p>A su vez, los agentes de tr\u00e1nsito relataron que la funcionaria en todo momento intent\u00f3 <strong>demorar el procedimiento<\/strong>.<\/p>\n<p>El due\u00f1o de la camioneta chocada fue identificado como Juan Ort\u00edz y dio su propia versi\u00f3n de los acontecimientos en di\u00e1logo con LP Noticias: \u00ab<strong>Con la se\u00f1ora no se pod\u00eda hablar porque estaba&nbsp;alcoholizada. <\/strong>No quise arrimarme porque iba a ser para discutir, no quise renegar. Me parec\u00eda que no se dio cuenta de que hab\u00eda chocado\u00bb.<\/p>\n<p class=\"destacadoNota\"><a target=\"_blank\" href=\"https:\/\/www.perfil.com\/noticias\/politica\/cantos-contra-el-gobierno-durante-una-misa-en-ina-iglesia-portena-la-patria-no-se-vende.phtml\" rel=\"noopener noreferrer\">Cantos contra el gobierno de Javier Milei durante una misa en una iglesia porte\u00f1a: \u00abLa Patria no se vende\u00bb<\/a><\/p>\n<p><strong>Uno de los acompa\u00f1antes del conductor result\u00f3 herido<\/strong> y debi\u00f3 ser atendido en el Hospital Vicente L\u00f3pez.&nbsp;Szchur no present\u00f3 lesiones tras el accidente, si bien su coche qued\u00f3 con notables abolladuras.<\/p>\n<p>Por el momento no hubo un comunicado oficial por parte de la Municipalidad, pero dada la gravedad del caso y su repercusi\u00f3n medi\u00e1tica existen dudas sobre la continuidad de Szchur en el cargo.<\/p>\n<p>CA\/DS<\/p>\n<div class=\"article__tags\">\n<p>En esta Nota<\/p>\n<\/p><\/div>\n","protected":false},"excerpt":{"rendered":"<p>La subsecretaria de Desarrollo Comunitario de General Rodr\u00edguez, Paola Szchur, protagoniz\u00f3 un lamentable y pol\u00e9mico incidente el \u00faltimo fin de semana: la mujer conduc\u00eda alcoholizada sobre la Ruta 7, se habr\u00eda cruzado de carril y embisti\u00f3 una camioneta, provoc\u00e1ndole heridas a uno de los pasajeros. Pero lo m\u00e1s impactante fue el accionar de la funcionaria [&hellip;]<\/p>\n","protected":false},"author":1,"featured_media":78856,"comment_status":"closed","ping_status":"closed","sticky":false,"template":"","format":"standard","meta":[],"categories":[19],"tags":[270,272,269,271],"_links":{"self":[{"href":"http:\/\/hoycordobaweb.com\/index.php\/wp-json\/wp\/v2\/posts\/78855"}],"collection":[{"href":"http:\/\/hoycordobaweb.com\/index.php\/wp-json\/wp\/v2\/posts"}],"about":[{"href":"http:\/\/hoycordobaweb.com\/index.php\/wp-json\/wp\/v2\/types\/post"}],"author":[{"embeddable":true,"href":"http:\/\/hoycordobaweb.com\/index.php\/wp-json\/wp\/v2\/users\/1"}],"replies":[{"embeddable":true,"href":"http:\/\/hoycordobaweb.com\/index.php\/wp-json\/wp\/v2\/comments?post=78855"}],"version-history":[{"count":0,"href":"http:\/\/hoycordobaweb.com\/index.php\/wp-json\/wp\/v2\/posts\/78855\/revisions"}],"wp:featuredmedia":[{"embeddable":true,"href":"http:\/\/hoycordobaweb.com\/index.php\/wp-json\/wp\/v2\/media\/78856"}],"wp:attachment":[{"href":"http:\/\/hoycordobaweb.com\/index.php\/wp-json\/wp\/v2\/media?parent=78855"}],"wp:term":[{"taxonomy":"category","embeddable":true,"href":"http:\/\/hoycordobaweb.com\/index.php\/wp-json\/wp\/v2\/categories?post=78855"},{"taxonomy":"post_tag","embeddable":true,"href":"http:\/\/hoycordobaweb.com\/index.php\/wp-json\/wp\/v2\/tags?post=78855"}],"curies":[{"name":"wp","href":"https:\/\/api.w.org\/{rel}","templated":true}]}}