{"id":78841,"date":"2024-06-12T00:14:56","date_gmt":"2024-06-12T00:14:56","guid":{"rendered":"https:\/\/www.ole.com.ar\/futbol-primera\/independiente-banfield-tocalli-marcone-liga_0_65xf7Ca0vr.html"},"modified":"2024-06-12T00:14:56","modified_gmt":"2024-06-12T00:14:56","slug":"independiente-en-su-ultimo-juego-con-tocallli-de-interino-la-vuelta-de-marcone-y-los-posibles-11","status":"publish","type":"post","link":"http:\/\/hoycordobaweb.com\/index.php\/2024\/06\/12\/independiente-en-su-ultimo-juego-con-tocallli-de-interino-la-vuelta-de-marcone-y-los-posibles-11\/","title":{"rendered":"Independiente, en su \u00faltimo juego con Tocallli de interino, la vuelta de Marcone y los posibles 11"},"content":{"rendered":"<p><img src=\"http:\/\/hoycordobaweb.com\/wp-content\/uploads\/2024\/06\/independiente-en-su-ultimo-juego-con-tocallli-de-interino-la-vuelta-de-marcone-y-los-posibles-11.jpg\"><\/p>\n<p><time class=\"createDate\" datetime=\"2024-06-11T21:14:56-03:00\">11\/06\/2024 21:14hs.<\/time><\/p>\n<div id=\"storyBody\">\n<div class=\"custom-text \" readability=\"43\">\n<p>Hu\u00e9rfano de triunfos en lo que va de la Liga Profesional, Independiente necesita recibir aire fresco para iniciar el receso con otro semblante a la espera de su nuevo t\u00e9cnico, Julio Vaccari, ex Defensa y Justicia. D<strong>ue\u00f1o de apenas tres puntos, producto de tres empates y una derrota, el Rojo recibir\u00e1 hoy por la noche (desde las 21.15) a Banfield, en el \u00faltimo partido de Hugo Tocalli<\/strong> al frente del conjunto como interino. Y tendr\u00eda un regreso destacado luego de tres encuentros; <strong>el de Iv\u00e1n Marcone, su capit\u00e1n, repuesto de una fractura en la primera falange de un dedo del pie izquierdo.<\/strong><\/p>\n<\/div>\n<div class=\"custom-text \" readability=\"39\">\n<p>Como est\u00edmulo extra, <strong>Independiente sabe que un triunfo lo acercar\u00eda a puestos de clasificaci\u00f3n a la Sudamericana de 2025.<\/strong> Hoy se encuentra a dos puntos de Godoy Cruz, el \u00faltimo en ocupar esa franja. Luego de la salida de Carlos Tevez, parec\u00eda que Nicol\u00e1s Larcam\u00f3n tomar\u00eda la posta del Apache, pero luego de reuniones respondi\u00f3 de manera negativa al aducir problemas personales.<\/p>\n<\/div>\n<div class=\"sc-e7b891c4-0 jPbnQF\"><img alt=\"Marcone podr\u00eda reaparecer de luego de una fractura.\" src=\"http:\/\/hoycordobaweb.com\/wp-content\/uploads\/2024\/06\/independiente-en-su-ultimo-juego-con-tocallli-de-interino-la-vuelta-de-marcone-y-los-posibles-11-2.jpg\" width=\"720\" height=\"100\" decoding=\"async\" data-nimg=\"future\" loading=\"lazy\"><span class=\"epigraphe\">Marcone podr\u00eda reaparecer de luego de una fractura.<\/span><\/div>\n<div class=\"custom-text \" readability=\"43\">\n<p><strong>Tocalli, quien retornar\u00e1 a la coordinaci\u00f3n general de las Inferiores del Rojo, dirigi\u00f3 frente a V\u00e9lez (1-1) y Defensa (0-0) y mejor\u00f3 el nivel del equipo.<\/strong> De todos modos, la presi\u00f3n del Rojo por volver a sonre\u00edr es muy grande. De los \u00faltimos 12 compromisos por toda competencia, solamente gan\u00f3 tres, dos por Copa Argentina y uno por Copa de la Liga. Casualmente, esta victoria por el certamen local se dio ante el Taladro, en un 1-0, por la 13\u201d fecha.<\/p>\n<\/div>\n<p><h2>Juegan y salen de vacaciones en Independiente<\/h2>\n<\/p>\n<div class=\"custom-text \" readability=\"36\">\n<p><strong>Despu\u00e9s de este compromiso en el Libertadores de Am\u00e9rica, el plantel ser\u00e1 licenciado y retomar\u00e1 el trabajo el jueves 27, con la asunci\u00f3n de Vaccari.<\/strong> El DT tendr\u00e1 menos de un mes de trabajo en el proceso de conocimiento entre los jugadores y \u00e9l para lograr que su equipo plasme su idea.<\/p>\n<\/div>\n<div class=\"sc-e7b891c4-0 jPbnQF\"><img alt=\"Tras su paso por Defensa y Justicia, Vaccari asumir\u00e1 el jueves 27. (Photo by JUAN MABROMATA \/ AFP)\" src=\"http:\/\/hoycordobaweb.com\/wp-content\/uploads\/2024\/06\/independiente-en-su-ultimo-juego-con-tocallli-de-interino-la-vuelta-de-marcone-y-los-posibles-11-3.jpg\" width=\"720\" height=\"100\" decoding=\"async\" data-nimg=\"future\" loading=\"lazy\"><span class=\"epigraphe\">Tras su paso por Defensa y Justicia, Vaccari asumir\u00e1 el jueves 27. (Photo by JUAN MABROMATA \/ AFP)<\/span><\/div>\n<div class=\"custom-text \" readability=\"43\">\n<p>El primer partido que afrontar\u00e1 el Rojo, despu\u00e9s del parate por la realizaci\u00f3n de la Copa Am\u00e9rica, ser\u00e1 el fin de semana del 21 de julio contra Instituto, en C\u00f3rdoba. Previo a las poner la mente en las vacaciones y en la era Vaccari, el equipo desea irse al descanso reconfortado an\u00edmicamente. Y debe, adem\u00e1s, <strong>volver a ganar en su cancha, donde s\u00f3lo triunf\u00f3 dos veces en este 2024: contra Rosario Central y Argentinos. Este \u00faltimo, el 2 de marzo.<\/strong><\/p>\n<\/div>\n<p><h2>Posible formaci\u00f3n de Independiente ante Banfield <\/h2>\n<\/p>\n<div class=\"custom-text \" readability=\"40\">\n<p>El Rojo alinear\u00eda de la siguiente manera este mi\u00e9rcoles, en su estadio: <strong>Rodrigo Rey; Santiago Salle, Juan Fedorco, Joaqu\u00edn Laso, Dami\u00e1n P\u00e9rez; David Mart\u00ednez, Iv\u00e1n Marcone, Federico Mancuello; Lautaro Mill\u00e1n; Santiago L\u00f3pez y Gabriel \u00c1valos.<\/strong><\/p>\n<\/div>\n<div class=\"sc-a7166897-0 exHLBh\" readability=\"6\">\n<section readability=\"2\"><picture><img alt=\"Gary Medel acord\u00f3 su salida de Vasco de Gama y qued\u00f3 a un pasito de volver a Boca\" src=\"http:\/\/hoycordobaweb.com\/wp-content\/uploads\/2024\/06\/independiente-en-su-ultimo-juego-con-tocallli-de-interino-la-vuelta-de-marcone-y-los-posibles-11-4.jpg\" width=\"290\" height=\"290\" decoding=\"async\" data-nimg=\"future\" loading=\"lazy\"><\/picture>\n<p><span>Mir\u00e1 tambi\u00e9n<\/span><\/p>\n<hr>\n<h3>Gary Medel acord\u00f3 su salida de Vasco de Gama y qued\u00f3 a un pasito de volver a Boca<\/h3>\n<\/p>\n<\/section>\n<\/div>\n<div class=\"sc-a7166897-0 exHLBh\" readability=\"6\">\n<section readability=\"2\"><picture><img alt=\"Milton Gim\u00e9nez: qui\u00e9n es el delantero pretendido por San Lorenzo y Racing\" src=\"http:\/\/hoycordobaweb.com\/wp-content\/uploads\/2024\/06\/independiente-en-su-ultimo-juego-con-tocallli-de-interino-la-vuelta-de-marcone-y-los-posibles-11-5.jpg\" width=\"290\" height=\"290\" decoding=\"async\" data-nimg=\"future\" loading=\"lazy\"><\/picture>\n<p><span>Mir\u00e1 tambi\u00e9n<\/span><\/p>\n<hr>\n<h3>Milton Gim\u00e9nez: qui\u00e9n es el delantero pretendido por San Lorenzo y Racing<\/h3>\n<\/p>\n<\/section>\n<\/div>\n<div class=\"sc-a7166897-0 exHLBh\" readability=\"6\">\n<section readability=\"2\"><picture><img alt=\"El gui\u00f1o del Cuti Romero a Belgrano\" src=\"http:\/\/hoycordobaweb.com\/wp-content\/uploads\/2024\/06\/independiente-en-su-ultimo-juego-con-tocallli-de-interino-la-vuelta-de-marcone-y-los-posibles-11-6.jpg\" width=\"290\" height=\"290\" decoding=\"async\" data-nimg=\"future\" loading=\"lazy\"><\/picture>\n<p><span>Mir\u00e1 tambi\u00e9n<\/span><\/p>\n<hr>\n<h3>El gui\u00f1o del Cuti Romero a Belgrano<\/h3>\n<\/p>\n<\/section>\n<\/div>\n<div class=\"sc-a7166897-0 exHLBh\" readability=\"6\">\n<section readability=\"2\"><picture><img alt=\"Cristiano: &quot;S\u00e9 que no me quedan muchos a\u00f1os en el f\u00fatbol&quot; y &quot;el sue\u00f1o&quot; de la Euro\" src=\"http:\/\/hoycordobaweb.com\/wp-content\/uploads\/2024\/06\/independiente-en-su-ultimo-juego-con-tocallli-de-interino-la-vuelta-de-marcone-y-los-posibles-11-7.jpg\" width=\"290\" height=\"290\" decoding=\"async\" data-nimg=\"future\" loading=\"lazy\"><\/picture>\n<p><span>Mir\u00e1 tambi\u00e9n<\/span><\/p>\n<hr>\n<h3>Cristiano: \u00abS\u00e9 que no me quedan muchos a\u00f1os en el f\u00fatbol\u00bb y \u00abel sue\u00f1o\u00bb de la Euro<\/h3>\n<\/p>\n<\/section>\n<\/div>\n<div class=\"sc-a7166897-0 exHLBh\" readability=\"6.5\">\n<section readability=\"3\"><picture><img alt=\"El fin de la novela: el Ministerio del Deporte inscribi\u00f3 a la nueva directiva de Barcelona\" src=\"http:\/\/hoycordobaweb.com\/wp-content\/uploads\/2024\/06\/independiente-en-su-ultimo-juego-con-tocallli-de-interino-la-vuelta-de-marcone-y-los-posibles-11-8.jpg\" width=\"290\" height=\"290\" decoding=\"async\" data-nimg=\"future\" loading=\"lazy\"><\/picture>\n<p><span>Mir\u00e1 tambi\u00e9n<\/span><\/p>\n<hr>\n<h3>El fin de la novela: el Ministerio del Deporte inscribi\u00f3 a la nueva directiva de Barcelona<\/h3>\n<\/p>\n<\/section>\n<\/div>\n<\/div>\n","protected":false},"excerpt":{"rendered":"<p>11\/06\/2024 21:14hs. Hu\u00e9rfano de triunfos en lo que va de la Liga Profesional, Independiente necesita recibir aire fresco para iniciar el receso con otro semblante a la espera de su nuevo t\u00e9cnico, Julio Vaccari, ex Defensa y Justicia. Due\u00f1o de apenas tres puntos, producto de tres empates y una derrota, el Rojo recibir\u00e1 hoy por [&hellip;]<\/p>\n","protected":false},"author":1,"featured_media":78842,"comment_status":"open","ping_status":"closed","sticky":false,"template":"","format":"standard","meta":[],"categories":[16],"tags":[],"_links":{"self":[{"href":"http:\/\/hoycordobaweb.com\/index.php\/wp-json\/wp\/v2\/posts\/78841"}],"collection":[{"href":"http:\/\/hoycordobaweb.com\/index.php\/wp-json\/wp\/v2\/posts"}],"about":[{"href":"http:\/\/hoycordobaweb.com\/index.php\/wp-json\/wp\/v2\/types\/post"}],"author":[{"embeddable":true,"href":"http:\/\/hoycordobaweb.com\/index.php\/wp-json\/wp\/v2\/users\/1"}],"replies":[{"embeddable":true,"href":"http:\/\/hoycordobaweb.com\/index.php\/wp-json\/wp\/v2\/comments?post=78841"}],"version-history":[{"count":0,"href":"http:\/\/hoycordobaweb.com\/index.php\/wp-json\/wp\/v2\/posts\/78841\/revisions"}],"wp:featuredmedia":[{"embeddable":true,"href":"http:\/\/hoycordobaweb.com\/index.php\/wp-json\/wp\/v2\/media\/78842"}],"wp:attachment":[{"href":"http:\/\/hoycordobaweb.com\/index.php\/wp-json\/wp\/v2\/media?parent=78841"}],"wp:term":[{"taxonomy":"category","embeddable":true,"href":"http:\/\/hoycordobaweb.com\/index.php\/wp-json\/wp\/v2\/categories?post=78841"},{"taxonomy":"post_tag","embeddable":true,"href":"http:\/\/hoycordobaweb.com\/index.php\/wp-json\/wp\/v2\/tags?post=78841"}],"curies":[{"name":"wp","href":"https:\/\/api.w.org\/{rel}","templated":true}]}}