{"id":78814,"date":"2024-06-11T15:02:09","date_gmt":"2024-06-11T15:02:09","guid":{"rendered":"https:\/\/www.mujerhoy.com\/moda\/no-te-pierdas\/mejores-total-looks-puedes-comprar-lefties-menos-15-euros-verano-20240611170031-nt.html"},"modified":"2024-06-11T15:02:09","modified_gmt":"2024-06-11T15:02:09","slug":"los-mejores-total-looks-de-lefties-por-menos-de-15-euros","status":"publish","type":"post","link":"http:\/\/hoycordobaweb.com\/index.php\/2024\/06\/11\/los-mejores-total-looks-de-lefties-por-menos-de-15-euros\/","title":{"rendered":"Los mejores total looks de Lefties por menos de 15 euros"},"content":{"rendered":"<p><!-- AUTHOR --> <\/p>\n<div class=\"voc-author-timesocial \"> <!-- AUTHOR --> <\/p>\n<div class=\"voc-author-timesocial__signature \">\n<div class=\"voc-author-timesocial__img-c\"> <!-- IMAGE AUTHOR --> <picture class=\"voc-image-signature\"> <img class=\"voc-image-signature__img\" src=\"http:\/\/hoycordobaweb.com\/wp-content\/uploads\/2024\/06\/los-mejores-total-looks-de-lefties-por-menos-de-15-euros.jpg\" alt=\"Carla Dom\u00ednguez\"> <\/picture> <\/div>\n<p> <!-- INFO AUTHOR --> <\/div><\/div>\n<p> <!-- COMPONENTS --> <\/p>\n<p class=\"voc-paragraph\">Adem\u00e1s de los vestidos, hay otras prendas que nos solucionan los estilismos de la temporada de verano. Hablamos de los <i>total looks<\/i>, o tambi\u00e9n conocidos como <strong>conjuntos.<\/strong> Estas combinaciones pueden estar <a data-voc-vtm-id=\"in-text-traffic\" href=\"https:\/\/www.mujerhoy.com\/moda\/no-te-pierdas\/conjuntos-falda-pantalon-comodos-primavera-20240427132738-nt.html\">compuestas por faldas<\/a>, tops, blusas, o incluso bermudas.\n<\/p>\n<p class=\"voc-paragraph\">Si est\u00e1s buscando estilismos c\u00f3modos y a conjunto para esta temporada, sabemos d\u00f3nde puedes conseguirlos a buen precio. Hemos fichado en Lefties las mejores opciones por <strong>menos de 15 euros<\/strong> que te podr\u00e1s durante toda la temporada.\n<\/p>\n<div class=\"voc-detail-photo-zoom\"> <picture data-toggle=\"modal\" data-target=\"#photoZoomModal-433\" target=\"modal\">\n<div class=\"voc-img-icon-link\"> <img loading=\"lazy\" src=\"http:\/\/hoycordobaweb.com\/wp-content\/uploads\/2024\/06\/los-mejores-total-looks-de-lefties-por-menos-de-15-euros.webp\" width=\"650\" height=\"900\" alt=\"Top con estampado de rayas de Lefties.\"> <noscript> <img src=\"http:\/\/hoycordobaweb.com\/wp-content\/uploads\/2024\/06\/los-mejores-total-looks-de-lefties-por-menos-de-15-euros.webp\" alt=\"Top con estampado de rayas de Lefties.\"> <\/noscript> <i class=\"voc-icons zoom voc-multimedia-box voc-ico-l\"><\/i> <\/div><figcaption class=\"figure-caption\">Top con estampado de rayas de Lefties.<\/figcaption><\/picture>\n<\/div>\n<div id=\"photoZoomModal-433\" class=\"voc-lightbox modal fade voc-lightbox--photo-zoom\" role=\"dialog\" data-voc-photozoom-lightbox>\n<div class=\"voc-lightbox__dialog\" role=\"document\">\n<div class=\"voc-lightbox__content\"> <!-- Modal header --> <!-- Modal content --> <\/p>\n<div class=\"voc-lightbox__photo-container\"> <picture class> <img loading=\"lazy\" src=\"http:\/\/hoycordobaweb.com\/wp-content\/uploads\/2024\/06\/los-mejores-total-looks-de-lefties-por-menos-de-15-euros.webp\" alt=\"Top con estampado de rayas de Lefties.\"> <noscript> <img src=\"http:\/\/hoycordobaweb.com\/wp-content\/uploads\/2024\/06\/los-mejores-total-looks-de-lefties-por-menos-de-15-euros.webp\" alt=\"Top con estampado de rayas de Lefties.\"> <\/noscript> <\/picture> <\/div><\/div><\/div>\n<\/div>\n<p> <span class=\"btn-c btn-c--center\"> <a href=\"https:\/\/detiendas.eu\/1CBgMHueCoQgSfRmT2nYZ1\" rel=\"nofollow, sponsored noopener noreferrer\" data-voc-vtm-id=\"comprar-ofertas-ext\" data-voc-vtm-info=\"mujerhoy:https:\/\/detiendas.eu\/1CBgMHueCoQgSfRmT2nYZ1\" class=\"btn\" target=\"_blank\"> En Lefties por 12,99 euros <\/a><br \/>\n<\/span> <\/p>\n<p class=\"voc-paragraph\"><strong>Top con estampado de rayas de Lefties.<\/strong> Nuestra primera propuesta es este conjunto con estampado de reyes inspirado en el tenniscore. Se trata de un polo con tejido de punto y escote en pico. Es una prenda muy vers\u00e1til y perfecta para la temporada de verano.\n<\/p>\n<div class=\"voc-detail-photo-zoom\"> <picture data-toggle=\"modal\" data-target=\"#photoZoomModal-1\" target=\"modal\">\n<div class=\"voc-img-icon-link\"> <img loading=\"lazy\" src=\"http:\/\/hoycordobaweb.com\/wp-content\/uploads\/2024\/06\/los-mejores-total-looks-de-lefties-por-menos-de-15-euros-1.jpg\" width=\"650\" height=\"900\" alt=\"Shorts con estampado de rayas de Lefties.\"> <noscript> <img src=\"http:\/\/hoycordobaweb.com\/wp-content\/uploads\/2024\/06\/los-mejores-total-looks-de-lefties-por-menos-de-15-euros-1.jpg\" alt=\"Shorts con estampado de rayas de Lefties.\"> <\/noscript> <i class=\"voc-icons zoom voc-multimedia-box voc-ico-l\"><\/i> <\/div><figcaption class=\"figure-caption\">Shorts con estampado de rayas de Lefties.<\/figcaption><\/picture>\n<\/div>\n<div id=\"photoZoomModal-1\" class=\"voc-lightbox modal fade voc-lightbox--photo-zoom\" role=\"dialog\" data-voc-photozoom-lightbox>\n<div class=\"voc-lightbox__dialog\" role=\"document\">\n<div class=\"voc-lightbox__content\"> <!-- Modal header --> <!-- Modal content --> <\/p>\n<div class=\"voc-lightbox__photo-container\"> <picture class> <img loading=\"lazy\" src=\"http:\/\/hoycordobaweb.com\/wp-content\/uploads\/2024\/06\/los-mejores-total-looks-de-lefties-por-menos-de-15-euros-1.jpg\" alt=\"Shorts con estampado de rayas de Lefties.\"> <noscript> <img src=\"http:\/\/hoycordobaweb.com\/wp-content\/uploads\/2024\/06\/los-mejores-total-looks-de-lefties-por-menos-de-15-euros-1.jpg\" alt=\"Shorts con estampado de rayas de Lefties.\"> <\/noscript> <\/picture> <\/div><\/div><\/div>\n<\/div>\n<p> <span class=\"btn-c btn-c--center\"> <a href=\"https:\/\/detiendas.eu\/1CBgMMJN28Eaq2ssXVYVTC\" rel=\"nofollow, sponsored noopener noreferrer\" data-voc-vtm-id=\"comprar-ofertas-ext\" data-voc-vtm-info=\"mujerhoy:https:\/\/detiendas.eu\/1CBgMMJN28Eaq2ssXVYVTC\" class=\"btn\" target=\"_blank\"> En Lefties por 9,99 euros <\/a><br \/>\n<\/span> <\/p>\n<p class=\"voc-paragraph\"><strong>Shorts de punto con estampado de rayas de Lefties.<\/strong> A conjunto con el polo se encuentran estos shorts con textura de la firma Lefties. Son unos shorts comod\u00edsimos con cintura el\u00e1stica y con dos bolsillos laterales. Est\u00e1n disponibles en todas las tallas.\n<\/p>\n<div class=\"voc-detail-photo-zoom\"> <picture data-toggle=\"modal\" data-target=\"#photoZoomModal-193\" target=\"modal\">\n<div class=\"voc-img-icon-link\"> <img loading=\"lazy\" src=\"http:\/\/hoycordobaweb.com\/wp-content\/uploads\/2024\/06\/los-mejores-total-looks-de-lefties-por-menos-de-15-euros-1.webp\" width=\"650\" height=\"900\" alt=\"Top blanco con bordado de Lefties.\"> <noscript> <img src=\"http:\/\/hoycordobaweb.com\/wp-content\/uploads\/2024\/06\/los-mejores-total-looks-de-lefties-por-menos-de-15-euros-1.webp\" alt=\"Top blanco con bordado de Lefties.\"> <\/noscript> <i class=\"voc-icons zoom voc-multimedia-box voc-ico-l\"><\/i> <\/div><figcaption class=\"figure-caption\">Top blanco con bordado de Lefties.<\/figcaption><\/picture>\n<\/div>\n<div id=\"photoZoomModal-193\" class=\"voc-lightbox modal fade voc-lightbox--photo-zoom\" role=\"dialog\" data-voc-photozoom-lightbox>\n<div class=\"voc-lightbox__dialog\" role=\"document\">\n<div class=\"voc-lightbox__content\"> <!-- Modal header --> <!-- Modal content --> <\/p>\n<div class=\"voc-lightbox__photo-container\"> <picture class> <img loading=\"lazy\" src=\"http:\/\/hoycordobaweb.com\/wp-content\/uploads\/2024\/06\/los-mejores-total-looks-de-lefties-por-menos-de-15-euros-1.webp\" alt=\"Top blanco con bordado de Lefties.\"> <noscript> <img src=\"http:\/\/hoycordobaweb.com\/wp-content\/uploads\/2024\/06\/los-mejores-total-looks-de-lefties-por-menos-de-15-euros-1.webp\" alt=\"Top blanco con bordado de Lefties.\"> <\/noscript> <\/picture> <\/div><\/div><\/div>\n<\/div>\n<p> <span class=\"btn-c btn-c--center\"> <a href=\"https:\/\/detiendas.eu\/1CBgMPCXavgSogpprCGes3\" rel=\"nofollow, sponsored noopener noreferrer\" data-voc-vtm-id=\"comprar-ofertas-ext\" data-voc-vtm-info=\"mujerhoy:https:\/\/detiendas.eu\/1CBgMPCXavgSogpprCGes3\" class=\"btn\" target=\"_blank\"> En Lefties por 8,99 euros <\/a><br \/>\n<\/span> <\/p>\n<p class=\"voc-paragraph\"><strong>Top blanco de Lefties.<\/strong> Los conjuntos en blanco son los protagonistas de la temporada de verano. Por eso, si a\u00fan no tienes ninguno, siempre es un buen momento para hacerte con alguno. Una de nuestras propuestas es este compuesto por top y falda.\n<\/p>\n<div class=\"voc-detail-photo-zoom\"> <picture data-toggle=\"modal\" data-target=\"#photoZoomModal-113\" target=\"modal\">\n<div class=\"voc-img-icon-link\"> <img loading=\"lazy\" src=\"http:\/\/hoycordobaweb.com\/wp-content\/uploads\/2024\/06\/los-mejores-total-looks-de-lefties-por-menos-de-15-euros-2.webp\" width=\"650\" height=\"900\" alt=\"Falda blanca con corte midi en blanco de Lefties.\"> <noscript> <img src=\"http:\/\/hoycordobaweb.com\/wp-content\/uploads\/2024\/06\/los-mejores-total-looks-de-lefties-por-menos-de-15-euros-2.webp\" alt=\"Falda blanca con corte midi en blanco de Lefties.\"> <\/noscript> <i class=\"voc-icons zoom voc-multimedia-box voc-ico-l\"><\/i> <\/div><figcaption class=\"figure-caption\">Falda blanca con corte midi en blanco de Lefties.<\/figcaption><\/picture>\n<\/div>\n<div id=\"photoZoomModal-113\" class=\"voc-lightbox modal fade voc-lightbox--photo-zoom\" role=\"dialog\" data-voc-photozoom-lightbox>\n<div class=\"voc-lightbox__dialog\" role=\"document\">\n<div class=\"voc-lightbox__content\"> <!-- Modal header --> <!-- Modal content --> <\/p>\n<div class=\"voc-lightbox__photo-container\"> <picture class> <img loading=\"lazy\" src=\"http:\/\/hoycordobaweb.com\/wp-content\/uploads\/2024\/06\/los-mejores-total-looks-de-lefties-por-menos-de-15-euros-2.webp\" alt=\"Falda blanca con corte midi en blanco de Lefties.\"> <noscript> <img src=\"http:\/\/hoycordobaweb.com\/wp-content\/uploads\/2024\/06\/los-mejores-total-looks-de-lefties-por-menos-de-15-euros-2.webp\" alt=\"Falda blanca con corte midi en blanco de Lefties.\"> <\/noscript> <\/picture> <\/div><\/div><\/div>\n<\/div>\n<p> <span class=\"btn-c btn-c--center\"> <a href=\"https:\/\/detiendas.eu\/1CBgMRBiXxXeutrxJ18pwh\" rel=\"nofollow, sponsored noopener noreferrer\" data-voc-vtm-id=\"comprar-ofertas-ext\" data-voc-vtm-info=\"mujerhoy:https:\/\/detiendas.eu\/1CBgMRBiXxXeutrxJ18pwh\" class=\"btn\" target=\"_blank\"> En Lefties por 15,99 euros <\/a><br \/>\n<\/span> <\/p>\n<p class=\"voc-paragraph\"><strong>Falda midi en blanco de Lefties.<\/strong> Esta falda blanca nos ha enamorado y puedes lucirla a conjunto con el top anterior. Es una falda de corte recto, bastante holgada y que cuenta con cintura el\u00e1stica. Tiene una serie de bordados en la falda.\n<\/p>\n<div class=\"voc-detail-photo-zoom\"> <picture data-toggle=\"modal\" data-target=\"#photoZoomModal-707\" target=\"modal\">\n<div class=\"voc-img-icon-link\"> <img loading=\"lazy\" src=\"http:\/\/hoycordobaweb.com\/wp-content\/uploads\/2024\/06\/los-mejores-total-looks-de-lefties-por-menos-de-15-euros-3.webp\" width=\"650\" height=\"900\" alt=\"Blazer en amarillo de Lefties.\"> <noscript> <img src=\"http:\/\/hoycordobaweb.com\/wp-content\/uploads\/2024\/06\/los-mejores-total-looks-de-lefties-por-menos-de-15-euros-3.webp\" alt=\"Blazer en amarillo de Lefties.\"> <\/noscript> <i class=\"voc-icons zoom voc-multimedia-box voc-ico-l\"><\/i> <\/div><figcaption class=\"figure-caption\">Blazer en amarillo de Lefties.<\/figcaption><\/picture>\n<\/div>\n<div id=\"photoZoomModal-707\" class=\"voc-lightbox modal fade voc-lightbox--photo-zoom\" role=\"dialog\" data-voc-photozoom-lightbox>\n<div class=\"voc-lightbox__dialog\" role=\"document\">\n<div class=\"voc-lightbox__content\"> <!-- Modal header --> <!-- Modal content --> <\/p>\n<div class=\"voc-lightbox__photo-container\"> <picture class> <img loading=\"lazy\" src=\"http:\/\/hoycordobaweb.com\/wp-content\/uploads\/2024\/06\/los-mejores-total-looks-de-lefties-por-menos-de-15-euros-3.webp\" alt=\"Blazer en amarillo de Lefties.\"> <noscript> <img src=\"http:\/\/hoycordobaweb.com\/wp-content\/uploads\/2024\/06\/los-mejores-total-looks-de-lefties-por-menos-de-15-euros-3.webp\" alt=\"Blazer en amarillo de Lefties.\"> <\/noscript> <\/picture> <\/div><\/div><\/div>\n<\/div>\n<p> <span class=\"btn-c btn-c--center\"> <a href=\"https:\/\/detiendas.eu\/1CBgM89XbWQx443AWrasvr\" rel=\"nofollow, sponsored noopener noreferrer\" data-voc-vtm-id=\"comprar-ofertas-ext\" data-voc-vtm-info=\"mujerhoy:https:\/\/detiendas.eu\/1CBgM89XbWQx443AWrasvr\" class=\"btn\" target=\"_blank\"> En Lefties por 17,99 euros <\/a><br \/>\n<\/span> <\/p>\n<p class=\"voc-paragraph\"><strong>Blazer en amarillo de Lefties.<\/strong> Se trata de una chaqueta con corte holgado y cuello solapa. Es un blazer ideal para la temporada de buen tiempo porque es muy fresquito. Lo puedes llevar a conjunto con el pantal\u00f3n. Es una pieza que no debe faltar en el armario.\n<\/p>\n<div class=\"voc-detail-photo-zoom\"> <picture data-toggle=\"modal\" data-target=\"#photoZoomModal-932\" target=\"modal\">\n<div class=\"voc-img-icon-link\"> <img loading=\"lazy\" src=\"http:\/\/hoycordobaweb.com\/wp-content\/uploads\/2024\/06\/los-mejores-total-looks-de-lefties-por-menos-de-15-euros-4.webp\" width=\"650\" height=\"900\" alt=\"Pantal\u00f3n ligero en amarillo de Lefties.\"> <noscript> <img src=\"http:\/\/hoycordobaweb.com\/wp-content\/uploads\/2024\/06\/los-mejores-total-looks-de-lefties-por-menos-de-15-euros-4.webp\" alt=\"Pantal\u00f3n ligero en amarillo de Lefties.\"> <\/noscript> <i class=\"voc-icons zoom voc-multimedia-box voc-ico-l\"><\/i> <\/div><figcaption class=\"figure-caption\">Pantal\u00f3n ligero en amarillo de Lefties.<\/figcaption><\/picture>\n<\/div>\n<div id=\"photoZoomModal-932\" class=\"voc-lightbox modal fade voc-lightbox--photo-zoom\" role=\"dialog\" data-voc-photozoom-lightbox>\n<div class=\"voc-lightbox__dialog\" role=\"document\">\n<div class=\"voc-lightbox__content\"> <!-- Modal header --> <!-- Modal content --> <\/p>\n<div class=\"voc-lightbox__photo-container\"> <picture class> <img loading=\"lazy\" src=\"http:\/\/hoycordobaweb.com\/wp-content\/uploads\/2024\/06\/los-mejores-total-looks-de-lefties-por-menos-de-15-euros-4.webp\" alt=\"Pantal\u00f3n ligero en amarillo de Lefties.\"> <noscript> <img src=\"http:\/\/hoycordobaweb.com\/wp-content\/uploads\/2024\/06\/los-mejores-total-looks-de-lefties-por-menos-de-15-euros-4.webp\" alt=\"Pantal\u00f3n ligero en amarillo de Lefties.\"> <\/noscript> <\/picture> <\/div><\/div><\/div>\n<\/div>\n<p> <span class=\"btn-c btn-c--center\"> <a href=\"https:\/\/detiendas.eu\/1CBgMALsXsKK5BHxnXoiBd\" rel=\"nofollow, sponsored noopener noreferrer\" data-voc-vtm-id=\"comprar-ofertas-ext\" data-voc-vtm-info=\"mujerhoy:https:\/\/detiendas.eu\/1CBgMALsXsKK5BHxnXoiBd\" class=\"btn\" target=\"_blank\"> En Lefties por 15,99 euros <\/a><br \/>\n<\/span> <\/p>\n<p class=\"voc-paragraph\"><strong>Pantal\u00f3n ligero en amarillo de Lefties.<\/strong> Se trata de un pantal\u00f3n comod\u00edsimo con dise\u00f1o de pernera ancha y cintura el\u00e1stica. Se ajusta muy bien a la cintura y cuenta con bolsillos laterales y est\u00e1 confeccionado en lino y viscosa. Est\u00e1 disponible en amarillo y m\u00e1s tonalidades.\n<\/p>\n<div class=\"voc-detail-photo-zoom\"> <picture data-toggle=\"modal\" data-target=\"#photoZoomModal-15\" target=\"modal\">\n<div class=\"voc-img-icon-link\"> <img loading=\"lazy\" src=\"http:\/\/hoycordobaweb.com\/wp-content\/uploads\/2024\/06\/los-mejores-total-looks-de-lefties-por-menos-de-15-euros-5.webp\" width=\"650\" height=\"900\" alt=\"Camisa de lino y algod\u00f3n de Lefties.\"> <noscript> <img src=\"http:\/\/hoycordobaweb.com\/wp-content\/uploads\/2024\/06\/los-mejores-total-looks-de-lefties-por-menos-de-15-euros-5.webp\" alt=\"Camisa de lino y algod\u00f3n de Lefties.\"> <\/noscript> <i class=\"voc-icons zoom voc-multimedia-box voc-ico-l\"><\/i> <\/div><figcaption class=\"figure-caption\">Camisa de lino y algod\u00f3n de Lefties.<\/figcaption><\/picture>\n<\/div>\n<div id=\"photoZoomModal-15\" class=\"voc-lightbox modal fade voc-lightbox--photo-zoom\" role=\"dialog\" data-voc-photozoom-lightbox>\n<div class=\"voc-lightbox__dialog\" role=\"document\">\n<div class=\"voc-lightbox__content\"> <!-- Modal header --> <!-- Modal content --> <\/p>\n<div class=\"voc-lightbox__photo-container\"> <picture class> <img loading=\"lazy\" src=\"http:\/\/hoycordobaweb.com\/wp-content\/uploads\/2024\/06\/los-mejores-total-looks-de-lefties-por-menos-de-15-euros-5.webp\" alt=\"Camisa de lino y algod\u00f3n de Lefties.\"> <noscript> <img src=\"http:\/\/hoycordobaweb.com\/wp-content\/uploads\/2024\/06\/los-mejores-total-looks-de-lefties-por-menos-de-15-euros-5.webp\" alt=\"Camisa de lino y algod\u00f3n de Lefties.\"> <\/noscript> <\/picture> <\/div><\/div><\/div>\n<\/div>\n<p> <span class=\"btn-c btn-c--center\"> <a href=\"https:\/\/detiendas.eu\/1CBgMDvq2UwkFtzJxn8cdD\" rel=\"nofollow, sponsored noopener noreferrer\" data-voc-vtm-id=\"comprar-ofertas-ext\" data-voc-vtm-info=\"mujerhoy:https:\/\/detiendas.eu\/1CBgMDvq2UwkFtzJxn8cdD\" class=\"btn\" target=\"_blank\"> En Lefties por 12,99 euros <\/a><br \/>\n<\/span> <\/p>\n<p class=\"voc-paragraph\"><strong>Camisa de lino y algod\u00f3n de Lefties.<\/strong> El \u00faltimo conjunto que te proponemos es en el cl\u00e1sico beige. Es un tono crudo ideal que est\u00e1 compuesto por un top sin mangas con botones en la parte delantera. Cuenta con un cord\u00f3n ajustable en la zona de la cintura. Precio: 12,99 euros.\n<\/p>\n<div class=\"voc-detail-photo-zoom\"> <picture data-toggle=\"modal\" data-target=\"#photoZoomModal-854\" target=\"modal\">\n<div class=\"voc-img-icon-link\"> <img loading=\"lazy\" src=\"http:\/\/hoycordobaweb.com\/wp-content\/uploads\/2024\/06\/los-mejores-total-looks-de-lefties-por-menos-de-15-euros-6.webp\" width=\"650\" height=\"900\" alt=\"Bermuda de lino y algod\u00f3n de Lefties.\"> <noscript> <img src=\"http:\/\/hoycordobaweb.com\/wp-content\/uploads\/2024\/06\/los-mejores-total-looks-de-lefties-por-menos-de-15-euros-6.webp\" alt=\"Bermuda de lino y algod\u00f3n de Lefties.\"> <\/noscript> <i class=\"voc-icons zoom voc-multimedia-box voc-ico-l\"><\/i> <\/div><figcaption class=\"figure-caption\">Bermuda de lino y algod\u00f3n de Lefties.<\/figcaption><\/picture>\n<\/div>\n<div id=\"photoZoomModal-854\" class=\"voc-lightbox modal fade voc-lightbox--photo-zoom\" role=\"dialog\" data-voc-photozoom-lightbox>\n<div class=\"voc-lightbox__dialog\" role=\"document\">\n<div class=\"voc-lightbox__content\"> <!-- Modal header --> <!-- Modal content --> <\/p>\n<div class=\"voc-lightbox__photo-container\"> <picture class> <img loading=\"lazy\" src=\"http:\/\/hoycordobaweb.com\/wp-content\/uploads\/2024\/06\/los-mejores-total-looks-de-lefties-por-menos-de-15-euros-6.webp\" alt=\"Bermuda de lino y algod\u00f3n de Lefties.\"> <noscript> <img src=\"http:\/\/hoycordobaweb.com\/wp-content\/uploads\/2024\/06\/los-mejores-total-looks-de-lefties-por-menos-de-15-euros-6.webp\" alt=\"Bermuda de lino y algod\u00f3n de Lefties.\"> <\/noscript> <\/picture> <\/div><\/div><\/div>\n<\/div>\n<p> <span class=\"btn-c btn-c--center\"> <a href=\"https:\/\/detiendas.eu\/1CBgMFw9gQvgCWC4JKws9A\" rel=\"nofollow, sponsored noopener noreferrer\" data-voc-vtm-id=\"comprar-ofertas-ext\" data-voc-vtm-info=\"mujerhoy:https:\/\/detiendas.eu\/1CBgMFw9gQvgCWC4JKws9A\" class=\"btn\" target=\"_blank\"> En Lefties por 12,99 euros <\/a><br \/>\n<\/span> <\/p>\n<p class=\"voc-paragraph\"><strong>Bermuda de lino y algod\u00f3n de Lefties.<\/strong> Una de nuestras \u00faltimas propuestas es esta bermuda comod\u00edsima con pinzas que cuenta con bolsillos y trabillas si te apetece usar cintur\u00f3n. Cuenta con cierre de cremallera y bot\u00f3n invisible. Tambi\u00e9n est\u00e1 disponible en color negro. Precio: 12,99 euros.\n<\/p>\n<p> <!-- TOPICS --> <\/p>\n","protected":false},"excerpt":{"rendered":"<p>Adem\u00e1s de los vestidos, hay otras prendas que nos solucionan los estilismos de la temporada de verano. Hablamos de los total looks, o tambi\u00e9n conocidos como conjuntos. Estas combinaciones pueden estar compuestas por faldas, tops, blusas, o incluso bermudas. Si est\u00e1s buscando estilismos c\u00f3modos y a conjunto para esta temporada, sabemos d\u00f3nde puedes conseguirlos a [&hellip;]<\/p>\n","protected":false},"author":1,"featured_media":78815,"comment_status":"closed","ping_status":"closed","sticky":false,"template":"","format":"standard","meta":[],"categories":[],"tags":[],"_links":{"self":[{"href":"http:\/\/hoycordobaweb.com\/index.php\/wp-json\/wp\/v2\/posts\/78814"}],"collection":[{"href":"http:\/\/hoycordobaweb.com\/index.php\/wp-json\/wp\/v2\/posts"}],"about":[{"href":"http:\/\/hoycordobaweb.com\/index.php\/wp-json\/wp\/v2\/types\/post"}],"author":[{"embeddable":true,"href":"http:\/\/hoycordobaweb.com\/index.php\/wp-json\/wp\/v2\/users\/1"}],"replies":[{"embeddable":true,"href":"http:\/\/hoycordobaweb.com\/index.php\/wp-json\/wp\/v2\/comments?post=78814"}],"version-history":[{"count":0,"href":"http:\/\/hoycordobaweb.com\/index.php\/wp-json\/wp\/v2\/posts\/78814\/revisions"}],"wp:featuredmedia":[{"embeddable":true,"href":"http:\/\/hoycordobaweb.com\/index.php\/wp-json\/wp\/v2\/media\/78815"}],"wp:attachment":[{"href":"http:\/\/hoycordobaweb.com\/index.php\/wp-json\/wp\/v2\/media?parent=78814"}],"wp:term":[{"taxonomy":"category","embeddable":true,"href":"http:\/\/hoycordobaweb.com\/index.php\/wp-json\/wp\/v2\/categories?post=78814"},{"taxonomy":"post_tag","embeddable":true,"href":"http:\/\/hoycordobaweb.com\/index.php\/wp-json\/wp\/v2\/tags?post=78814"}],"curies":[{"name":"wp","href":"https:\/\/api.w.org\/{rel}","templated":true}]}}