{"id":78808,"date":"2024-06-10T21:59:27","date_gmt":"2024-06-10T21:59:27","guid":{"rendered":"https:\/\/www.ole.com.ar\/copa-america\/river-paulo-diaz-chile-copa-america-lesion-amistoso-paraguay_0_DT6dtC8Cht.html"},"modified":"2024-06-10T21:59:27","modified_gmt":"2024-06-10T21:59:27","slug":"paulo-diaz-afuera-de-un-amistoso-a-dias-de-la-copa-america-como-esta","status":"publish","type":"post","link":"http:\/\/hoycordobaweb.com\/index.php\/2024\/06\/10\/paulo-diaz-afuera-de-un-amistoso-a-dias-de-la-copa-america-como-esta\/","title":{"rendered":"Paulo D\u00edaz, afuera de un amistoso a d\u00edas de la Copa Am\u00e9rica: \u00bfc\u00f3mo est\u00e1?"},"content":{"rendered":"<p><img src=\"http:\/\/hoycordobaweb.com\/wp-content\/uploads\/2024\/06\/paulo-diaz-afuera-de-un-amistoso-a-dias-de-la-copa-america-como-esta.jpg\"><\/p>\n<p><time class=\"createDate\" datetime=\"2024-06-10T18:59:27-03:00\">10\/06\/2024 18:59hs.<\/time><\/p>\n<div id=\"storyBody\">\n<div class=\"custom-text \" readability=\"30.59925093633\">\n<p>En las \u00faltimas horas, <strong><a href=\"https:\/\/www.ole.com.ar\/tema\/ricardo-gareca.html\" title=\"Ricardo Gareca\" alt=\"Ricardo Gareca\" class=\"slug\">Ricardo Gareca<\/a><\/strong>, entrenador de la <strong><a href=\"https:\/\/www.ole.com.ar\/tema\/seleccion-de-chile.html\" title=\"Selecci\u00f3n de Chile\" alt=\"Selecci\u00f3n de Chile\" class=\"slug\">selecci\u00f3n de Chile<\/a><\/strong>, confirm\u00f3 que dos futbolistas <strong>no disputar\u00e1n el amistoso de este martes 11 frente a <a href=\"https:\/\/www.ole.com.ar\/tema\/seleccion-de-paraguay.html\" title=\"Selecci\u00f3n de Paraguay\" alt=\"Selecci\u00f3n de Paraguay\" class=\"slug\">Paraguay<\/a><\/strong> debido a problemas f\u00edsicos. Y uno de ellos es <strong><a href=\"https:\/\/www.ole.com.ar\/tema\/paulo-diaz.html\" title=\"Paulo D\u00edaz\" alt=\"Paulo D\u00edaz\" class=\"slug\">Paulo D\u00edaz<\/a>, <\/strong>el zaguero central y figura de River.<\/p>\n<\/div>\n<div class=\"custom-text \" readability=\"39.778145695364\">\n<p>\u201cVan evolucionando bien los muchachos, con algunas molestias pero nada de gravedad. Esperamos una evoluci\u00f3n. <strong>Esta es una etapa que no necesitamos apurar a nadie<\/strong>, sino darles tiempo para que se vayan recuperando\u201d, fueron las palabras del entrenador argentino con respecto a los problemas f\u00edsicos de sus futbolistas. Debido a este desgaste y a la falta de defensores centrales &#8211; <strong><a href=\"https:\/\/www.ole.com.ar\/tema\/guillermo-maripan.html\" title=\"Guillermo Marip\u00e1n\" alt=\"Guillermo Marip\u00e1n\" class=\"slug\">Guillermo Marip\u00e1n<\/a><\/strong> es otro de los que no estar\u00e1 presente, ya que contin\u00faa recuper\u00e1ndose de una lesi\u00f3n en su rodilla izquierda -, <strong>Gareca tuvo que convocar a Benjam\u00edn Kuscevic<\/strong>, defensor de Fortaleza para este amistoso.<\/p>\n<\/div>\n<div class=\"sc-e7b891c4-0 jPbnQF\"><img alt=\"Paulo D\u00edaz y Guillermo Marip\u00e1n fueron dos de los futbolistas que se asentaron dentro del 11 de Gareca (EFE\/Juan Carlos C\u00e1rdenas).\" src=\"http:\/\/hoycordobaweb.com\/wp-content\/uploads\/2024\/06\/paulo-diaz-afuera-de-un-amistoso-a-dias-de-la-copa-america-como-esta-2.jpg\" width=\"720\" height=\"100\" decoding=\"async\" data-nimg=\"future\" loading=\"lazy\"><span class=\"epigraphe\">Paulo D\u00edaz y Guillermo Marip\u00e1n fueron dos de los futbolistas que se asentaron dentro del 11 de Gareca (EFE\/Juan Carlos C\u00e1rdenas).<\/span><\/div>\n<div class=\"custom-text \" readability=\"36.521739130435\">\n<p>Estas ausencias, a la que se le suma la de <strong>Dar\u00edo Osorio<\/strong> por una lesi\u00f3n muscular, llegan en un momento muy poco afortunado para Chile, ya que el 21 de junio tendr\u00e1 su primer compromiso por <strong><a href=\"https:\/\/www.ole.com.ar\/tema\/copa-america.html\" title=\"Copa America\" alt=\"Copa America\" class=\"slug\">Copa Am\u00e9rica<\/a><\/strong> frente a <strong><a href=\"https:\/\/www.ole.com.ar\/tema\/seleccion-de-peru.html\" title=\"Selecci\u00f3n de Per\u00fa\" alt=\"Selecci\u00f3n de Per\u00fa\" class=\"slug\">Per\u00fa<\/a><\/strong> y cuatro d\u00edas m\u00e1s tarde se enfrentar\u00e1n a la <strong><a href=\"https:\/\/www.ole.com.ar\/tema\/seleccion-de-argentina.html\" title=\"Selecci\u00f3n de Argentina\" alt=\"Selecci\u00f3n de Argentina\" class=\"slug\">Selecci\u00f3n Argentina<\/a><\/strong>. A pesar de esto, el Tigre Gareca transmiti\u00f3 tranquilidad y dijo: \u201cAhora nos cubrimos para el partido con Paraguay, <strong>post partido vamos a evaluar<\/strong>\u00ab.<\/p>\n<\/div>\n<p><h2><strong>Paulo D\u00edaz, la ausencia que preocupa a River y a Chile<\/strong><\/h2>\n<\/p>\n<div class=\"custom-text \" readability=\"37\">\n<p>El jugador de River <strong>debi\u00f3 retirarse de la concentraci\u00f3n<\/strong> en el Complejo Deportivo Juan Pinto Dur\u00e1n para someterse a estudios m\u00e9dicos durante la semana pasada por estos dolores en su rodilla derecha. \u00ab<strong>Tuve problemas en la rodilla<\/strong>, pero despu\u00e9s me he sentido bastante bien. He tenido continuidad con River y jugu\u00e9 pr\u00e1cticamente todos los partidos. Vamos a llegar bien y <strong>espero estar de la mejor manera para enfrentar la Copa Am\u00e9rica<\/strong>\u00ab, fueron las palabras del defensor de 29 a\u00f1os.<\/p>\n<\/div>\n<div class=\"custom-text \" readability=\"36\">\n<p>Hay que recordar que Paulo arrastr\u00f3 dolencias en su rodilla derecha durante todo este primer semestre con River. Esta lesi\u00f3n fue la que <strong>gener\u00f3 que saliera del partido frente a Instituto<\/strong> por la \u00faltima fecha de la Copa de la Liga, porque la empez\u00f3 a sentir \u00abmedio pastosa\u00bb. Las molestias que el chileno padece en esta zona se dan como <strong>consecuencia de una artroscopia meniscal<\/strong> interna que se tuvo que realizar a fines del 2022 y la cual le dej\u00f3 este dolor cr\u00f3nico en su articulaci\u00f3n.<\/p>\n<\/div>\n<div class=\"sc-e7b891c4-0 jPbnQF\"><img alt=\"Paulo D\u00edaz debi\u00f3 ser reemplazado en el partido frente a Instituto por esta molestia en su rodilla.\" src=\"http:\/\/hoycordobaweb.com\/wp-content\/uploads\/2024\/06\/paulo-diaz-afuera-de-un-amistoso-a-dias-de-la-copa-america-como-esta-3.jpg\" width=\"720\" height=\"100\" decoding=\"async\" data-nimg=\"future\" loading=\"lazy\"><span class=\"epigraphe\">Paulo D\u00edaz debi\u00f3 ser reemplazado en el partido frente a Instituto por esta molestia en su rodilla.<\/span><\/div>\n<div class=\"sc-a7166897-0 exHLBh\" readability=\"6.5\">\n<section readability=\"3\"><picture><img alt=\"La Liga Profesional confirm\u00f3 los d\u00edas y horarios en que se disputar\u00e1n los cuartos de final de Reserva\" src=\"http:\/\/hoycordobaweb.com\/wp-content\/uploads\/2024\/06\/paulo-diaz-afuera-de-un-amistoso-a-dias-de-la-copa-america-como-esta-4.jpg\" width=\"290\" height=\"290\" decoding=\"async\" data-nimg=\"future\" loading=\"lazy\"><\/picture>\n<p><span>Mir\u00e1 tambi\u00e9n<\/span><\/p>\n<hr>\n<h3>La Liga Profesional confirm\u00f3 los d\u00edas y horarios en que se disputar\u00e1n los cuartos de final de Reserva<\/h3>\n<\/p>\n<\/section>\n<\/div>\n<div class=\"sc-a7166897-0 exHLBh\" readability=\"7\">\n<section readability=\"4\"><picture><img alt=\"El campe\u00f3n de la Libertadores con River que elogi\u00f3 a Demichelis: &quot;Hay que exigir, pero...&quot;\" src=\"http:\/\/hoycordobaweb.com\/wp-content\/uploads\/2024\/06\/paulo-diaz-afuera-de-un-amistoso-a-dias-de-la-copa-america-como-esta-5.jpg\" width=\"290\" height=\"290\" decoding=\"async\" data-nimg=\"future\" loading=\"lazy\"><\/picture>\n<p><span>Mir\u00e1 tambi\u00e9n<\/span><\/p>\n<hr>\n<h3>El campe\u00f3n de la Libertadores con River que elogi\u00f3 a Demichelis: \u00abHay que exigir, pero&#8230;\u00bb<\/h3>\n<\/p>\n<\/section>\n<\/div>\n<div class=\"sc-a7166897-0 exHLBh\" readability=\"6\">\n<section readability=\"2\"><picture><img alt=\"El m\u00edtico artista que volver\u00e1 a tocar en la cancha de River en octubre \" src=\"http:\/\/hoycordobaweb.com\/wp-content\/uploads\/2024\/06\/paulo-diaz-afuera-de-un-amistoso-a-dias-de-la-copa-america-como-esta-6.jpg\" width=\"290\" height=\"290\" decoding=\"async\" data-nimg=\"future\" loading=\"lazy\"><\/picture>\n<p><span>Mir\u00e1 tambi\u00e9n<\/span><\/p>\n<hr>\n<h3>El m\u00edtico artista que volver\u00e1 a tocar en la cancha de River en octubre <\/h3>\n<\/p>\n<\/section>\n<\/div>\n<\/div>\n","protected":false},"excerpt":{"rendered":"<p>10\/06\/2024 18:59hs. En las \u00faltimas horas, Ricardo Gareca, entrenador de la selecci\u00f3n de Chile, confirm\u00f3 que dos futbolistas no disputar\u00e1n el amistoso de este martes 11 frente a Paraguay debido a problemas f\u00edsicos. Y uno de ellos es Paulo D\u00edaz, el zaguero central y figura de River. \u201cVan evolucionando bien los muchachos, con algunas molestias [&hellip;]<\/p>\n","protected":false},"author":1,"featured_media":78809,"comment_status":"open","ping_status":"closed","sticky":false,"template":"","format":"standard","meta":[],"categories":[16],"tags":[],"_links":{"self":[{"href":"http:\/\/hoycordobaweb.com\/index.php\/wp-json\/wp\/v2\/posts\/78808"}],"collection":[{"href":"http:\/\/hoycordobaweb.com\/index.php\/wp-json\/wp\/v2\/posts"}],"about":[{"href":"http:\/\/hoycordobaweb.com\/index.php\/wp-json\/wp\/v2\/types\/post"}],"author":[{"embeddable":true,"href":"http:\/\/hoycordobaweb.com\/index.php\/wp-json\/wp\/v2\/users\/1"}],"replies":[{"embeddable":true,"href":"http:\/\/hoycordobaweb.com\/index.php\/wp-json\/wp\/v2\/comments?post=78808"}],"version-history":[{"count":0,"href":"http:\/\/hoycordobaweb.com\/index.php\/wp-json\/wp\/v2\/posts\/78808\/revisions"}],"wp:featuredmedia":[{"embeddable":true,"href":"http:\/\/hoycordobaweb.com\/index.php\/wp-json\/wp\/v2\/media\/78809"}],"wp:attachment":[{"href":"http:\/\/hoycordobaweb.com\/index.php\/wp-json\/wp\/v2\/media?parent=78808"}],"wp:term":[{"taxonomy":"category","embeddable":true,"href":"http:\/\/hoycordobaweb.com\/index.php\/wp-json\/wp\/v2\/categories?post=78808"},{"taxonomy":"post_tag","embeddable":true,"href":"http:\/\/hoycordobaweb.com\/index.php\/wp-json\/wp\/v2\/tags?post=78808"}],"curies":[{"name":"wp","href":"https:\/\/api.w.org\/{rel}","templated":true}]}}