{"id":7872,"date":"2020-12-14T13:11:12","date_gmt":"2020-12-14T13:11:12","guid":{"rendered":"http:\/\/enfermeria.fcm.unc.edu.ar\/?p=2923"},"modified":"2020-12-14T13:11:12","modified_gmt":"2020-12-14T13:11:12","slug":"congreso-de-innovacion-ambiente-e-ingenieria","status":"publish","type":"post","link":"http:\/\/hoycordobaweb.com\/index.php\/2020\/12\/14\/congreso-de-innovacion-ambiente-e-ingenieria\/","title":{"rendered":"Congreso de Innovaci\u00f3n, Ambiente e Ingenier\u00eda"},"content":{"rendered":"<div class=\"post-content\" readability=\"46\">\n<p>24, 25 Y 26 de Noviembre de 2020.<\/p>\n<p>El Programa de Educaci\u00f3n en Ciencia y TEcnolog\u00eda de Extensi\u00f3n UNC, junto con diferentes espacios de la Facultad de Ciencias Exactas F\u00edsicas y Naturales y la FUC, organizan el \u201cVIII Congreso de Innovaci\u00f3n, Ambiente e Ingenier\u00eda\u201d los d\u00edas 24, 25 y 26 de noviembre de 2020, en formato virtual. El impacto social y econ\u00f3mico que est\u00e1 teniendo la pandemia, sumado al enorme esfuerzo que se encuentra realizando la sociedad argentina por atravesar esta situaci\u00f3n, exige m\u00e1s que nunca que la Universidad contin\u00fae con su misi\u00f3n formativa y aportando nuevas herramientas a sus estudiantes, adem\u00e1s de acercarse y articular fuertemente con el sector productivo y el mundo laboral.<\/p>\n<\/p><\/div>\n","protected":false},"excerpt":{"rendered":"<p>24, 25 Y 26 de Noviembre de 2020. El Programa de Educaci\u00f3n en Ciencia y TEcnolog\u00eda de Extensi\u00f3n UNC, junto con diferentes espacios de la Facultad de Ciencias Exactas F\u00edsicas y Naturales y la FUC, organizan el \u201cVIII Congreso de Innovaci\u00f3n, Ambiente e Ingenier\u00eda\u201d los d\u00edas 24, 25 y 26 de noviembre de 2020, en [&hellip;]<\/p>\n","protected":false},"author":1,"featured_media":0,"comment_status":"closed","ping_status":"closed","sticky":false,"template":"","format":"standard","meta":[],"categories":[17],"tags":[],"_links":{"self":[{"href":"http:\/\/hoycordobaweb.com\/index.php\/wp-json\/wp\/v2\/posts\/7872"}],"collection":[{"href":"http:\/\/hoycordobaweb.com\/index.php\/wp-json\/wp\/v2\/posts"}],"about":[{"href":"http:\/\/hoycordobaweb.com\/index.php\/wp-json\/wp\/v2\/types\/post"}],"author":[{"embeddable":true,"href":"http:\/\/hoycordobaweb.com\/index.php\/wp-json\/wp\/v2\/users\/1"}],"replies":[{"embeddable":true,"href":"http:\/\/hoycordobaweb.com\/index.php\/wp-json\/wp\/v2\/comments?post=7872"}],"version-history":[{"count":0,"href":"http:\/\/hoycordobaweb.com\/index.php\/wp-json\/wp\/v2\/posts\/7872\/revisions"}],"wp:attachment":[{"href":"http:\/\/hoycordobaweb.com\/index.php\/wp-json\/wp\/v2\/media?parent=7872"}],"wp:term":[{"taxonomy":"category","embeddable":true,"href":"http:\/\/hoycordobaweb.com\/index.php\/wp-json\/wp\/v2\/categories?post=7872"},{"taxonomy":"post_tag","embeddable":true,"href":"http:\/\/hoycordobaweb.com\/index.php\/wp-json\/wp\/v2\/tags?post=7872"}],"curies":[{"name":"wp","href":"https:\/\/api.w.org\/{rel}","templated":true}]}}