{"id":78711,"date":"2024-06-08T22:20:49","date_gmt":"2024-06-08T22:20:49","guid":{"rendered":"https:\/\/www.ole.com.ar\/futbol-internacional\/estadosunidos-colombia-amistoso-gol-borre_0_Pg4PLhn736.html"},"modified":"2024-06-08T22:20:49","modified_gmt":"2024-06-08T22:20:49","slug":"el-golazo-de-chilena-de-un-ex-river-para-colombia","status":"publish","type":"post","link":"http:\/\/hoycordobaweb.com\/index.php\/2024\/06\/08\/el-golazo-de-chilena-de-un-ex-river-para-colombia\/","title":{"rendered":"El golazo de chilena de un ex River para Colombia"},"content":{"rendered":"<p><img src=\"http:\/\/hoycordobaweb.com\/wp-content\/uploads\/2024\/06\/el-golazo-de-chilena-de-un-ex-river-para-colombia.jpg\"><\/p>\n<div><img src=\"http:\/\/hoycordobaweb.com\/wp-content\/uploads\/2024\/06\/el-golazo-de-chilena-de-un-ex-river-para-colombia.jpg\" class=\"ff-og-image-inserted\"><\/div>\n<div readability=\"13\">\n<p>En plena preparaci\u00f3n para la Copa Am\u00e9rica, Estados Unidos jug\u00f3 contra Colombia en Maryland. Los dirigidos por N\u00e9stor Lorenzo marcaron dos goles r\u00e1pidamente, en menos de 20 minutos del primer tiempo. <strong>Y el segundo de ellos no pas\u00f3 inadvertido por una buena pirueta de un ex River: Rafael Santos Borr\u00e9, hoy en Inter de Porto Alegre.<\/strong><\/p>\n<\/div>\n<div readability=\"15\">\n<p>Centro al \u00e1rea, un primer cabezazo defensivo, otro ofensivo y un Borr\u00e9, atento, que se anim\u00f3 y le dio -de espalda al arco- en el aire con su pierna derecha para vencer a Matt Turner, golero de los norteamericanos. Chilena, s\u00ed. <\/p>\n<\/div>\n<p><h2><strong>MIR\u00c1 EL GOL DE BORR\u00c9. <\/strong><\/h2><\/p>\n","protected":false},"excerpt":{"rendered":"<p>En plena preparaci\u00f3n para la Copa Am\u00e9rica, Estados Unidos jug\u00f3 contra Colombia en Maryland. Los dirigidos por N\u00e9stor Lorenzo marcaron dos goles r\u00e1pidamente, en menos de 20 minutos del primer tiempo. Y el segundo de ellos no pas\u00f3 inadvertido por una buena pirueta de un ex River: Rafael Santos Borr\u00e9, hoy en Inter de Porto [&hellip;]<\/p>\n","protected":false},"author":1,"featured_media":78712,"comment_status":"open","ping_status":"closed","sticky":false,"template":"","format":"standard","meta":[],"categories":[16],"tags":[],"_links":{"self":[{"href":"http:\/\/hoycordobaweb.com\/index.php\/wp-json\/wp\/v2\/posts\/78711"}],"collection":[{"href":"http:\/\/hoycordobaweb.com\/index.php\/wp-json\/wp\/v2\/posts"}],"about":[{"href":"http:\/\/hoycordobaweb.com\/index.php\/wp-json\/wp\/v2\/types\/post"}],"author":[{"embeddable":true,"href":"http:\/\/hoycordobaweb.com\/index.php\/wp-json\/wp\/v2\/users\/1"}],"replies":[{"embeddable":true,"href":"http:\/\/hoycordobaweb.com\/index.php\/wp-json\/wp\/v2\/comments?post=78711"}],"version-history":[{"count":0,"href":"http:\/\/hoycordobaweb.com\/index.php\/wp-json\/wp\/v2\/posts\/78711\/revisions"}],"wp:featuredmedia":[{"embeddable":true,"href":"http:\/\/hoycordobaweb.com\/index.php\/wp-json\/wp\/v2\/media\/78712"}],"wp:attachment":[{"href":"http:\/\/hoycordobaweb.com\/index.php\/wp-json\/wp\/v2\/media?parent=78711"}],"wp:term":[{"taxonomy":"category","embeddable":true,"href":"http:\/\/hoycordobaweb.com\/index.php\/wp-json\/wp\/v2\/categories?post=78711"},{"taxonomy":"post_tag","embeddable":true,"href":"http:\/\/hoycordobaweb.com\/index.php\/wp-json\/wp\/v2\/tags?post=78711"}],"curies":[{"name":"wp","href":"https:\/\/api.w.org\/{rel}","templated":true}]}}