{"id":78704,"date":"2024-06-08T15:18:23","date_gmt":"2024-06-08T15:18:23","guid":{"rendered":"https:\/\/ladecimaweb.com\/?p=27460"},"modified":"2024-06-08T15:18:23","modified_gmt":"2024-06-08T15:18:23","slug":"jovenes-alcoholizados-despistan-y-muere-el-acompanante","status":"publish","type":"post","link":"http:\/\/hoycordobaweb.com\/index.php\/2024\/06\/08\/jovenes-alcoholizados-despistan-y-muere-el-acompanante\/","title":{"rendered":"J\u00f3venes alcoholizados despistan y muere el acompa\u00f1ante"},"content":{"rendered":"<div class=\"boldgrid-section\">\n<div class=\"container\">\n<div class=\"row\">\n<div class=\"col-md-12 col-xs-12 col-sm-12\">\n<p class>Un joven de 23 a\u00f1os de edad perdi\u00f3 la vida hoy como consecuencia de un accidente vehicular en la autopista C\u00f3rdoba-Carlos Paz.&nbsp;<\/p>\n<p class>El auto (Chevrolet Prisma) en el que este joven viajaba de acompa\u00f1ante junto a otros tres amigos despist\u00f3 y a ra\u00edz del impacto en el asfalto perdi\u00f3 la vida y el resto result\u00f3 con lesiones (politraumatismos) Fueron asistidos&nbsp; en el lugar.<\/p>\n<p class>La Polic\u00eda inform\u00f3 que al conductor del rodado se le realiz\u00f3 test de alcoholemia, arrojando el mismo resultado positivo.&nbsp;<\/p>\n<p class><b>La tragedia se registr\u00f3<\/b> esta madrugada a la altura de Villa San Nicol\u00e1s.&nbsp;<\/p>\n<p class>Los j\u00f3venes de entre 20 y 25 a\u00f1os volv\u00edan de bailar en la ciudad serrana.<\/p>\n<p class><a href=\"https:\/\/www.eldiariodecarlospaz.com.ar\/sucesos\/2024\/6\/8\/volvian-de-carlos-paz-estaban-borrachos-la-trama-detras-de-la-muerte-205491.html#google_vignette\"><em>Foto diario de Carlos Paz<\/em><\/a><\/p>\n<p>&nbsp;<\/p>\n<div class=\"ubm_banner\"><a href=\"https:\/\/www.cba.gov.ar\/desafio-ruta-40-llega-por-primera-vez-a-cordoba\/\" target=\"_blank\" rel=\"dofollow noopener noreferrer\"><img src=\"http:\/\/hoycordobaweb.com\/wp-content\/uploads\/2024\/06\/jovenes-alcoholizados-despistan-y-muere-el-acompanante.gif\" width=\"900\" alt><\/a><\/div>\n<\/div>\n<\/div>\n<\/div>\n<\/div>\n<p>La entrada <a rel=\"nofollow\" href=\"https:\/\/ladecimaweb.com\/jovenes-alcoholizados-despistan-y-muere-el-acompanante\/\">J\u00f3venes alcoholizados despistan y muere el acompa\u00f1ante<\/a> se public\u00f3 primero en <a rel=\"nofollow\" href=\"https:\/\/ladecimaweb.com\">LaDecima<\/a>.<\/p>\n","protected":false},"excerpt":{"rendered":"<p>Un joven de 23 a\u00f1os de edad perdi\u00f3 la vida hoy como consecuencia de un accidente vehicular en la autopista C\u00f3rdoba-Carlos Paz.&nbsp; El auto (Chevrolet Prisma) en el que este joven viajaba de acompa\u00f1ante junto a otros tres amigos despist\u00f3 y a ra\u00edz del impacto en el asfalto perdi\u00f3 la vida y el resto result\u00f3 [&hellip;]<\/p>\n","protected":false},"author":1,"featured_media":0,"comment_status":"closed","ping_status":"closed","sticky":false,"template":"","format":"standard","meta":[],"categories":[32],"tags":[],"_links":{"self":[{"href":"http:\/\/hoycordobaweb.com\/index.php\/wp-json\/wp\/v2\/posts\/78704"}],"collection":[{"href":"http:\/\/hoycordobaweb.com\/index.php\/wp-json\/wp\/v2\/posts"}],"about":[{"href":"http:\/\/hoycordobaweb.com\/index.php\/wp-json\/wp\/v2\/types\/post"}],"author":[{"embeddable":true,"href":"http:\/\/hoycordobaweb.com\/index.php\/wp-json\/wp\/v2\/users\/1"}],"replies":[{"embeddable":true,"href":"http:\/\/hoycordobaweb.com\/index.php\/wp-json\/wp\/v2\/comments?post=78704"}],"version-history":[{"count":0,"href":"http:\/\/hoycordobaweb.com\/index.php\/wp-json\/wp\/v2\/posts\/78704\/revisions"}],"wp:attachment":[{"href":"http:\/\/hoycordobaweb.com\/index.php\/wp-json\/wp\/v2\/media?parent=78704"}],"wp:term":[{"taxonomy":"category","embeddable":true,"href":"http:\/\/hoycordobaweb.com\/index.php\/wp-json\/wp\/v2\/categories?post=78704"},{"taxonomy":"post_tag","embeddable":true,"href":"http:\/\/hoycordobaweb.com\/index.php\/wp-json\/wp\/v2\/tags?post=78704"}],"curies":[{"name":"wp","href":"https:\/\/api.w.org\/{rel}","templated":true}]}}