{"id":78686,"date":"2024-06-07T13:46:38","date_gmt":"2024-06-07T13:46:38","guid":{"rendered":"https:\/\/ambiente.cba.gov.ar\/?p=23351"},"modified":"2024-06-07T13:46:38","modified_gmt":"2024-06-07T13:46:38","slug":"una-lechuza-un-alicucu-y-un-zorro-regresaron-a-la-naturaleza","status":"publish","type":"post","link":"http:\/\/hoycordobaweb.com\/index.php\/2024\/06\/07\/una-lechuza-un-alicucu-y-un-zorro-regresaron-a-la-naturaleza\/","title":{"rendered":"Una lechuza, un alicucu y un zorro regresaron a la naturaleza"},"content":{"rendered":"<ul class=\" eplus-wrapper eplus-styles-uid-cec260\">\n<li class=\" eplus-wrapper\"><strong>Se trata de tres ejemplares que completaron su proceso de rehabilitaci\u00f3n en el Parque de la Biodiversidad y estaban listos para volver a su h\u00e1bitat.<\/strong><\/li>\n<\/ul>\n<p class=\" eplus-wrapper\">En el marco de las actividades programadas para concientizar sobre la importancia de cuidar el ambiente y los recursos naturales, la&nbsp;<strong>Polic\u00eda Ambiental&nbsp;<\/strong>realiz\u00f3 una liberaci\u00f3n de fauna silvestre en cercan\u00edas al Diquecito, en la Reserva de la Defensa La Calera.<\/p>\n<p class=\" eplus-wrapper\">En esta oportunidad, una lechuza de las vizcacheras, un alicuc\u00fa y un zorro gris recuperaron su libertad luego de ser rehabilitados en el Parque de la Biodiversidad. Estos ejemplares se rescataron en distintos procedimientos que realiz\u00f3 la repartici\u00f3n perteneciente al Ministerio de Ambiente y Econom\u00eda Circular.<\/p>\n<p class=\" eplus-wrapper\"><em>\u201cSiempre que podemos regresar a su hogar a los animales rescatados nos pone muy contentos porque el trabajo que hay detr\u00e1s para poder llegar a esta instancia es muy grande\u201d,<\/em>&nbsp;enfatiz\u00f3 Adri\u00e1n Rinaudo, secretario de Polic\u00eda Ambiental.<\/p>\n<div id=\"gallery-1\" class=\"gallery galleryid-23351 gallery-columns-2 gallery-size-full\">\n<figure class=\"gallery-item\">\n<div class=\"gallery-icon landscape\"> <a href=\"https:\/\/ambiente.cba.gov.ar\/una-lechuza-un-alicucu-y-un-zorro-regresaron-a-la-naturaleza\/1-15\/\"><img width=\"990\" height=\"660\" src=\"http:\/\/hoycordobaweb.com\/wp-content\/uploads\/2024\/06\/una-lechuza-un-alicucu-y-un-zorro-regresaron-a-la-naturaleza.jpg\" class=\"attachment-full size-full\" alt loading=\"lazy\"><\/a> <\/div>\n<\/figure>\n<figure class=\"gallery-item\">\n<div class=\"gallery-icon landscape\"> <a href=\"https:\/\/ambiente.cba.gov.ar\/una-lechuza-un-alicucu-y-un-zorro-regresaron-a-la-naturaleza\/6-1\/\"><img width=\"990\" height=\"660\" src=\"http:\/\/hoycordobaweb.com\/wp-content\/uploads\/2024\/06\/una-lechuza-un-alicucu-y-un-zorro-regresaron-a-la-naturaleza-1.jpg\" class=\"attachment-full size-full\" alt loading=\"lazy\"><\/a> <\/div>\n<\/figure><\/div>\n<p class=\" eplus-wrapper\">Y luego ponder\u00f3 la labor de los centros de rescates que son una parte fundamental en el proceso:&nbsp;<em>\u201cTambi\u00e9n agradecemos a los centros de rescates, en este caso el Parque de la Biodiversidad, pero a todos en general, porque son ellos los que se ocupan de los animales hasta que les brinda el alta veterinaria\u201d<\/em>.<\/p>\n<p class=\" eplus-wrapper\">Participaron de manera conjunta de la suelta personal y autoridades de la Direcci\u00f3n Regional Centro de Conservaci\u00f3n de la Administraci\u00f3n de Parques Nacionales, del Comando de 2da Divisi\u00f3n del Ej\u00e9rcito Argentino \u201cEj\u00e9rcito del Norte\u201d y guardaparques de la Cooperativa Pachaka.<\/p>\n<p class=\" eplus-wrapper\">Esta jornada realizada entre las diferentes reparticiones tiene como objetivo aportar a la recuperaci\u00f3n y enriquecimiento de las poblaciones de fauna silvestre que habitan en los ambientes naturales de la provincia de C\u00f3rdoba.<\/p>\n<div id=\"gallery-2\" class=\"gallery galleryid-23351 gallery-columns-2 gallery-size-full\">\n<figure class=\"gallery-item\">\n<div class=\"gallery-icon landscape\"> <a href=\"https:\/\/ambiente.cba.gov.ar\/una-lechuza-un-alicucu-y-un-zorro-regresaron-a-la-naturaleza\/3-2-2\/\"><img width=\"990\" height=\"660\" src=\"http:\/\/hoycordobaweb.com\/wp-content\/uploads\/2024\/06\/una-lechuza-un-alicucu-y-un-zorro-regresaron-a-la-naturaleza-2.jpg\" class=\"attachment-full size-full\" alt loading=\"lazy\"><\/a> <\/div>\n<\/figure>\n<figure class=\"gallery-item\">\n<div class=\"gallery-icon landscape\"> <a href=\"https:\/\/ambiente.cba.gov.ar\/una-lechuza-un-alicucu-y-un-zorro-regresaron-a-la-naturaleza\/4-1-3\/\"><img width=\"990\" height=\"660\" src=\"http:\/\/hoycordobaweb.com\/wp-content\/uploads\/2024\/06\/una-lechuza-un-alicucu-y-un-zorro-regresaron-a-la-naturaleza-3.jpg\" class=\"attachment-full size-full\" alt loading=\"lazy\"><\/a> <\/div>\n<\/figure><\/div>\n","protected":false},"excerpt":{"rendered":"<p>Se trata de tres ejemplares que completaron su proceso de rehabilitaci\u00f3n en el Parque de la Biodiversidad y estaban listos para volver a su h\u00e1bitat. En el marco de las actividades programadas para concientizar sobre la importancia de cuidar el ambiente y los recursos naturales, la&nbsp;Polic\u00eda Ambiental&nbsp;realiz\u00f3 una liberaci\u00f3n de fauna silvestre en cercan\u00edas al [&hellip;]<\/p>\n","protected":false},"author":1,"featured_media":78687,"comment_status":"closed","ping_status":"closed","sticky":false,"template":"","format":"standard","meta":[],"categories":[2,19],"tags":[],"_links":{"self":[{"href":"http:\/\/hoycordobaweb.com\/index.php\/wp-json\/wp\/v2\/posts\/78686"}],"collection":[{"href":"http:\/\/hoycordobaweb.com\/index.php\/wp-json\/wp\/v2\/posts"}],"about":[{"href":"http:\/\/hoycordobaweb.com\/index.php\/wp-json\/wp\/v2\/types\/post"}],"author":[{"embeddable":true,"href":"http:\/\/hoycordobaweb.com\/index.php\/wp-json\/wp\/v2\/users\/1"}],"replies":[{"embeddable":true,"href":"http:\/\/hoycordobaweb.com\/index.php\/wp-json\/wp\/v2\/comments?post=78686"}],"version-history":[{"count":0,"href":"http:\/\/hoycordobaweb.com\/index.php\/wp-json\/wp\/v2\/posts\/78686\/revisions"}],"wp:featuredmedia":[{"embeddable":true,"href":"http:\/\/hoycordobaweb.com\/index.php\/wp-json\/wp\/v2\/media\/78687"}],"wp:attachment":[{"href":"http:\/\/hoycordobaweb.com\/index.php\/wp-json\/wp\/v2\/media?parent=78686"}],"wp:term":[{"taxonomy":"category","embeddable":true,"href":"http:\/\/hoycordobaweb.com\/index.php\/wp-json\/wp\/v2\/categories?post=78686"},{"taxonomy":"post_tag","embeddable":true,"href":"http:\/\/hoycordobaweb.com\/index.php\/wp-json\/wp\/v2\/tags?post=78686"}],"curies":[{"name":"wp","href":"https:\/\/api.w.org\/{rel}","templated":true}]}}