{"id":78672,"date":"2024-06-08T00:01:00","date_gmt":"2024-06-08T00:01:00","guid":{"rendered":"http:\/\/hoycordobaweb.com\/index.php\/2024\/06\/08\/perfil-le-entrego-el-premio-a-la-trayectoria-a-jose-ignacio-lopez-el-periodismo-ha-sido-mi-vida\/"},"modified":"2024-06-08T00:01:00","modified_gmt":"2024-06-08T00:01:00","slug":"perfil-le-entrego-el-premio-a-la-trayectoria-a-jose-ignacio-lopez-el-periodismo-ha-sido-mi-vida","status":"publish","type":"post","link":"http:\/\/hoycordobaweb.com\/index.php\/2024\/06\/08\/perfil-le-entrego-el-premio-a-la-trayectoria-a-jose-ignacio-lopez-el-periodismo-ha-sido-mi-vida\/","title":{"rendered":"Perfil le entreg\u00f3 el premio a la trayectoria a Jos\u00e9 Ignacio L\u00f3pez: \u201cEl periodismo ha sido mi vida\u201d"},"content":{"rendered":"<div class=\"media_block\"><\/div>\n<p>Este viernes 7 de junio, <a target=\"_blank\" href=\"https:\/\/www.perfil.com\/noticias\/sociedad\/el-evento-de-perfil-que-resalto-el-rol-del-periodismo-es-algo-que-alguien-no-quiere-que-se-publique.phtml\" rel=\"noopener noreferrer\">en el marco del <\/a><strong><a target=\"_blank\" href=\"https:\/\/www.perfil.com\/noticias\/sociedad\/el-evento-de-perfil-que-resalto-el-rol-del-periodismo-es-algo-que-alguien-no-quiere-que-se-publique.phtml\" rel=\"noopener noreferrer\">D\u00eda del Periodista<\/a>, Perfil <\/strong>distingui\u00f3 por su trayectoria al periodista y ex vocero presidencial<strong>, Jos\u00e9 Ignacio L\u00f3pez.<\/strong> El CEO de la empresa, <a target=\"_blank\" href=\"https:\/\/www.perfil.com\/noticias\/sociedad\/el-evento-de-perfil-que-resalto-el-rol-del-periodismo-es-algo-que-alguien-no-quiere-que-se-publique.phtml\" rel=\"noopener noreferrer\"><strong>Gustavo Gonz\u00e1lez <\/strong><\/a>reconoci\u00f3 el trabajo del periodista que se atrevi\u00f3 a preguntarle a Jorge Rafael Videla, en 1979, por los desaparecidos. En el acto de entrega tambi\u00e9n estuvo presente el fundador de Perfil, Jorge Fontevecchia, entre otras autoridades.<\/p>\n<p>\u201cLa pregunta que le hizo Nacho a Videla no sali\u00f3 publicada, pero<strong> la Iglesia Cat\u00f3lica <\/strong>se tuvo que hacer eco de la pregunta porque Nacho hab\u00eda citado la pregunta del Papa\u201d, record\u00f3 Gonz\u00e1lez.&nbsp;<\/p>\n<p><img alt=\"Celebraci\u00f3n del d\u00eda del periodista\" src=\"http:\/\/hoycordobaweb.com\/wp-content\/uploads\/2024\/06\/perfil-le-entrego-el-premio-a-la-trayectoria-a-jose-ignacio-lopez-el-periodismo-ha-sido-mi-vida-1.jpg\" loading=\"lazy\"><\/p>\n<div class=\"subscription\" readability=\"6.683257918552\">\n<p>\nEsto no les gusta a los autoritarios\n<\/p>\n<div class=\"subscription__container\" readability=\"6.1467391304348\">\n<div class=\"subscription__text-wrapper\" readability=\"31.20652173913\">\n<p>\nEl ejercicio del periodismo profesional y cr\u00edtico es un pilar fundamental de la democracia. Por eso molesta a quienes creen ser los due\u00f1os de la verdad.\n<\/p>\n<\/p><\/div>\n<\/div><\/div>\n<p>El episodio al que hizo menci\u00f3n ocurri\u00f3 en una inusual conferencia de prensa durante la dictadura, luego de que el Papa Juan Pablo II pidi\u00f3 por los desaparecidos de Chile y Argentina. Con ese antecedente,<strong> L\u00f3pez se anim\u00f3 a usar esa referencia y a consultar al dictador por los desaparecidos<\/strong> que contest\u00f3 su c\u00e9lebre frase:&nbsp;\u00abEs una inc\u00f3gnita un desaparecido, no tiene entidad,<strong> no est\u00e1 ni muerto ni vivo: desaparecido<\/strong>\u00ab.<\/p>\n<p><strong>\u201cEl periodismo es mi vida\u201d<\/strong>,<strong> <\/strong>fueron las primeras palabras del homenajeado al recibir su premio. \u201cNos corresponde asumir la responsabilidad como dirigentes en el periodismo en esta fenomenal crisis moral o de lo que los soci\u00f3logos llaman crisis moral\u201d, continu\u00f3. \u201c<strong>Qu\u00e9 m\u00e1s necesita nuestra dirigencia para cambiar\u201d<\/strong>, se pregunt\u00f3.<\/p>\n<div>\n<figure class=\"image\"><img alt=\"Celebraci\u00f3n del d\u00eda del periodista\" src=\"http:\/\/hoycordobaweb.com\/wp-content\/uploads\/2024\/06\/perfil-le-entrego-el-premio-a-la-trayectoria-a-jose-ignacio-lopez-el-periodismo-ha-sido-mi-vida-2.jpg\" loading=\"lazy\"><figcaption>Gustavo Gonz\u00e1lez y Jos\u00e9 Ignacio L\u00f3pez<\/figcaption><\/figure>\n<\/p><\/div>\n<p>Jos\u00e9 Ignacio L\u00f3pez naci\u00f3 en Buenos Aires en 1936 es egresado de la Escuela Normal de Profesores Mariano Acosta (Anexo Bachillerato Nocturno) y del Instituto Grafot\u00e9cnico.&nbsp;<br \/>Entre 1961 y 1975 se desempe\u00f1\u00f3 en <em>La Naci\u00f3n<\/em>, donde lleg\u00f3 a ser prosecretario de Redacci\u00f3n.<\/p>\n<div>\n<figure class=\"image\"><img alt=\"Celebraci\u00f3n del d\u00eda del periodista\" src=\"http:\/\/hoycordobaweb.com\/wp-content\/uploads\/2024\/06\/perfil-le-entrego-el-premio-a-la-trayectoria-a-jose-ignacio-lopez-el-periodismo-ha-sido-mi-vida-3.jpg\" loading=\"lazy\"><figcaption>Jos\u00e9 Ignacio L\u00f3pez, Jorge Fontevecchia, Gustavo Gonz\u00e1lez.<\/figcaption><\/figure>\n<\/p><\/div>\n<p>M\u00e1s tarde, fue secretario de redacci\u00f3n y columnista de temas econ\u00f3micos, pol\u00edticos y religiosos de La Opini\u00f3n, cumpli\u00f3 funciones en las agencias Noticias Argentinas (NA), y Diarios y Noticias (DyN), fue colaborador permanente de Clar\u00edn entre 1977 y 1983, redact\u00f3 la columna religiosa en ese matutino y tambi\u00e9n el comentario pol\u00edtico del semanario El Economista.<\/p>\n<p>Conductor, comentarista radial y televisivo, fue gerente de noticias en Radio Am\u00e9rica y en Radio del Plata; jefe de redacci\u00f3n del vespertino Extra, integrante del equipo period\u00edstico que cre\u00f3 Cablevisi\u00f3n Noticias, y, de regreso en La Naci\u00f3n, fue columnista religioso y editor de la Red de Diarios del Interior.<\/p>\n<p><strong>Durante todo el mandato del presidente Ra\u00fal Alfons\u00edn (1983-1989), fue vocero presidencial con rango de secretario de Estado<\/strong>. En el orden institucional, adem\u00e1s, fue fundador y presidente en varios per\u00edodos del Club Gente de Prensa.<\/p>\n<h2>El rol del periodismo en los tiempos que corren<\/h2>\n<p>\u201c<strong>Nos corresponde en este tiempo a nosotros asumir una parte de responsabilidad,<\/strong>&nbsp; como dirigentes&nbsp;que somos algunos periodistas, no voy a cargar ac\u00e1 a lo que periodistas que tienen que salir corriendo a trabajar en dos o tres lados para poder llegar a fin de mes\u201d, se\u00f1al\u00f3 Jos\u00e9 Ignacio L\u00f3pez.<\/p>\n<p>\u201cHace mucho tiempo que digo que tenemos una fenomenal crisis de dirigentes\u201d, apunt\u00f3. \u201cYo creo que nosotros podemos hacer una gran contribuci\u00f3n a la recuperaci\u00f3n del debate pol\u00edtico\u201d, destac\u00f3.<\/p>\n<p><img alt=\"Celebraci\u00f3n del d\u00eda del periodista\" src=\"http:\/\/hoycordobaweb.com\/wp-content\/uploads\/2024\/06\/perfil-le-entrego-el-premio-a-la-trayectoria-a-jose-ignacio-lopez-el-periodismo-ha-sido-mi-vida-4.jpg\" loading=\"lazy\"><\/p>\n<p>\u201cNosotros podemos demostrar que siendo respetuosos del ejercicio de la libertad de expresi\u00f3n y respetando los valores que caracterizan al periodismo, podemos contribuir a mostrar que <strong>una sociedad puede volver a tener una conversaci\u00f3n socia<\/strong>l y con sus dirigentes &nbsp;y que pueden volver a tener capacidad de construir juntos, eso es la pol\u00edtica\u201d, agreg\u00f3.<\/p>\n<p>\u201cTenemos que enriquecer el concepto de 83 procurando la unidad nacional de otra manera el periodismo tiene que hacer esa contribuci\u00f3n a recuperar la conversaci\u00f3n social\u201d, concluy\u00f3.<br \/>&nbsp;<\/p>\n<p>RB \/ Gi<\/p>\n<div class=\"article__tags\">\n<p>En esta Nota<\/p>\n<\/p><\/div>\n","protected":false},"excerpt":{"rendered":"<p>Este viernes 7 de junio, en el marco del D\u00eda del Periodista, Perfil distingui\u00f3 por su trayectoria al periodista y ex vocero presidencial, Jos\u00e9 Ignacio L\u00f3pez. El CEO de la empresa, Gustavo Gonz\u00e1lez reconoci\u00f3 el trabajo del periodista que se atrevi\u00f3 a preguntarle a Jorge Rafael Videla, en 1979, por los desaparecidos. En el acto [&hellip;]<\/p>\n","protected":false},"author":1,"featured_media":78673,"comment_status":"closed","ping_status":"closed","sticky":false,"template":"","format":"standard","meta":[],"categories":[19],"tags":[258,260,259],"_links":{"self":[{"href":"http:\/\/hoycordobaweb.com\/index.php\/wp-json\/wp\/v2\/posts\/78672"}],"collection":[{"href":"http:\/\/hoycordobaweb.com\/index.php\/wp-json\/wp\/v2\/posts"}],"about":[{"href":"http:\/\/hoycordobaweb.com\/index.php\/wp-json\/wp\/v2\/types\/post"}],"author":[{"embeddable":true,"href":"http:\/\/hoycordobaweb.com\/index.php\/wp-json\/wp\/v2\/users\/1"}],"replies":[{"embeddable":true,"href":"http:\/\/hoycordobaweb.com\/index.php\/wp-json\/wp\/v2\/comments?post=78672"}],"version-history":[{"count":0,"href":"http:\/\/hoycordobaweb.com\/index.php\/wp-json\/wp\/v2\/posts\/78672\/revisions"}],"wp:featuredmedia":[{"embeddable":true,"href":"http:\/\/hoycordobaweb.com\/index.php\/wp-json\/wp\/v2\/media\/78673"}],"wp:attachment":[{"href":"http:\/\/hoycordobaweb.com\/index.php\/wp-json\/wp\/v2\/media?parent=78672"}],"wp:term":[{"taxonomy":"category","embeddable":true,"href":"http:\/\/hoycordobaweb.com\/index.php\/wp-json\/wp\/v2\/categories?post=78672"},{"taxonomy":"post_tag","embeddable":true,"href":"http:\/\/hoycordobaweb.com\/index.php\/wp-json\/wp\/v2\/tags?post=78672"}],"curies":[{"name":"wp","href":"https:\/\/api.w.org\/{rel}","templated":true}]}}