{"id":78632,"date":"2024-06-07T18:01:39","date_gmt":"2024-06-07T18:01:39","guid":{"rendered":"https:\/\/www.trendencias.com\/telenovelas\/no-has-podido-ver-promesa-te-contamos-todo-sucedido-semana-3-al-7-junio"},"modified":"2024-06-07T18:01:39","modified_gmt":"2024-06-07T18:01:39","slug":"si-no-has-podido-ver-la-promesa-te-contamos-todo-lo-sucedido-en-la-semana-del-3-al-7-de-junio","status":"publish","type":"post","link":"http:\/\/hoycordobaweb.com\/index.php\/2024\/06\/07\/si-no-has-podido-ver-la-promesa-te-contamos-todo-lo-sucedido-en-la-semana-del-3-al-7-de-junio\/","title":{"rendered":"Si no has podido ver \u00abLa Promesa\u00bb te contamos todo lo sucedido en la semana del 3 al 7 de junio"},"content":{"rendered":"<p>Desde que <strong>\u00abLa Promesa\u00bb <\/strong>comenz\u00f3<a href=\"https:\/\/www.trendencias.com\/telenovelas\/reunion-esperada-promesa-reaccion-actores-al-salto-temporal-impactante-serie\"> con su nueva era<\/a>, todo est\u00e1 siendo un caos y un esc\u00e1ndalo. <a href=\"https:\/\/www.trendencias.com\/telenovelas\/promesa-recrea-primera-vez-este-importante-momento-historico-lanza-primeras-imagenes-escenas\">Manuel y Curro se marcharon a la guerra<\/a>, los personajes han cambiado sus roles, y por si fuera poco, <a href=\"https:\/\/www.trendencias.com\/telenovelas\/promesa-se-despide-forma-tragica-pia-estos-dos-personajes-podrian-correr-su-destino\">P\u00eda ha decidido quitarse la vida<\/a>. Este \u00faltimo suceso ha marcado esta semana al serial de \u00e9poca de TVE, dejando al servicio del palacio y a los espectadores completamente <strong>consternados<\/strong>.<\/p>\n<p><!-- BREAK 1 --> <\/p>\n<div class=\"article-asset article-asset-normal article-asset-center\">\n<div class=\"desvio-container\">\n<div class=\"desvio\">\n<div class=\"desvio-figure js-desvio-figure\"> <a href=\"https:\/\/www.trendencias.com\/telenovelas\/promesa-cambia-cancion-su-cabecera-esta-cantante-espanola-que-interpreta\"> <img loading=\"lazy\" alt=\"&quot;La Promesa&quot; cambia la canci\u00f3n de su cabecera y esta es la cantante espa\u00f1ola que la interpreta \" width=\"375\" height=\"142\" src=\"http:\/\/hoycordobaweb.com\/wp-content\/uploads\/2024\/06\/si-no-has-podido-ver-la-promesa-te-contamos-todo-lo-sucedido-en-la-semana-del-3-al-7-de-junio.jpg\"> <\/a> <\/div><\/div><\/div>\n<\/div>\n<p>Pero han sucedido muchas m\u00e1s cosas, como por ejemplo, que Lorenzo ha comenzado a<strong> sospechar de Alonso y Mar\u00eda Antonia<\/strong>, cree que esconden algo y no lo dejar\u00e1 pasar, poniendo al tanto a Cruz de sus sospechas. Si no has podido ver \u00abLa Promesa\u00bb esta semana, te ponemos al tanto de todo lo sucedido.<\/p>\n<p><!-- BREAK 2 --><\/p>\n<h2>Resumen de \u00abLa Promesa\u00bb del 3 al 7 de junio<\/h2>\n<div class=\"article-asset-image article-asset-normal article-asset-center\">\n<div class=\"asset-content\"> <img class=\"centro_sinmarco\" height=\"939\" width=\"1900\" loading=\"lazy\" decoding=\"async\" sizes=\"100vw\" fetchpriority=\"high\" srcset=\"http:\/\/hoycordobaweb.com\/wp-content\/uploads\/2024\/06\/si-no-has-podido-ver-la-promesa-te-contamos-todo-lo-sucedido-en-la-semana-del-3-al-7-de-junio-1.jpg 450w, http:\/\/hoycordobaweb.com\/wp-content\/uploads\/2024\/06\/si-no-has-podido-ver-la-promesa-te-contamos-todo-lo-sucedido-en-la-semana-del-3-al-7-de-junio-4.jpg 681w, http:\/\/hoycordobaweb.com\/wp-content\/uploads\/2024\/06\/si-no-has-podido-ver-la-promesa-te-contamos-todo-lo-sucedido-en-la-semana-del-3-al-7-de-junio-5.jpg 1024w, http:\/\/hoycordobaweb.com\/wp-content\/uploads\/2024\/06\/si-no-has-podido-ver-la-promesa-te-contamos-todo-lo-sucedido-en-la-semana-del-3-al-7-de-junio-6.jpg 1366w\" src=\"http:\/\/hoycordobaweb.com\/wp-content\/uploads\/2024\/06\/si-no-has-podido-ver-la-promesa-te-contamos-todo-lo-sucedido-en-la-semana-del-3-al-7-de-junio-1.jpg\" alt=\"Pia Adarre 1\"> <noscript><img alt=\"Pia Adarre 1\" class=\"centro_sinmarco\" src=\"http:\/\/hoycordobaweb.com\/wp-content\/uploads\/2024\/06\/si-no-has-podido-ver-la-promesa-te-contamos-todo-lo-sucedido-en-la-semana-del-3-al-7-de-junio-1.jpg\"><\/noscript> <\/div>\n<\/div>\n<p>Tanto el servicio como los se\u00f1ores est\u00e1n conmocionados con lo ocurrido respecto a P\u00eda. &nbsp;<strong>Parece que la bofetada de Martina a Ayala<\/strong> ha supuesto un punto de inflexi\u00f3n y ha puesto de acuerdo a Cruz y Margarita para afear el impulso de la joven. Ayala, por su parte, no piensa tirar la toalla. <strong>Mar\u00eda Antonia se siente avergonzada por haber besado a Alonso<\/strong>.<\/p>\n<p><!-- BREAK 3 --> <\/p>\n<p><strong>Vera confirma a Ricardo,<\/strong> presionada por Santos, <strong>que el episodio de violencia que presenci\u00f3 no eran m\u00e1s que \u201ccosas de pareja\u201d<\/strong>. Catalina y Adriano parecen haberse reconciliado hasta que un comentario del joven vuelve a separarlos. Tadeo advierte a Catalina que no puede continuar con esta actitud. <strong>R\u00f3mulo descubre los golpes que tiene Lope en el cuerpo y le pide explicaciones.<\/strong><\/p>\n<p><!-- BREAK 4 --><\/p>\n<div class=\"article-asset-image article-asset-normal article-asset-center\">\n<div class=\"asset-content\"> <img class=\"centro_sinmarco\" height=\"558\" width=\"1138\" loading=\"lazy\" decoding=\"async\" sizes=\"100vw\" fetchpriority=\"high\" srcset=\"http:\/\/hoycordobaweb.com\/wp-content\/uploads\/2024\/06\/si-no-has-podido-ver-la-promesa-te-contamos-todo-lo-sucedido-en-la-semana-del-3-al-7-de-junio-2.jpg 450w, http:\/\/hoycordobaweb.com\/wp-content\/uploads\/2024\/06\/si-no-has-podido-ver-la-promesa-te-contamos-todo-lo-sucedido-en-la-semana-del-3-al-7-de-junio-7.jpg 681w, http:\/\/hoycordobaweb.com\/wp-content\/uploads\/2024\/06\/si-no-has-podido-ver-la-promesa-te-contamos-todo-lo-sucedido-en-la-semana-del-3-al-7-de-junio-8.jpg 1024w, http:\/\/hoycordobaweb.com\/wp-content\/uploads\/2024\/06\/si-no-has-podido-ver-la-promesa-te-contamos-todo-lo-sucedido-en-la-semana-del-3-al-7-de-junio-9.jpg 1366w\" src=\"http:\/\/hoycordobaweb.com\/wp-content\/uploads\/2024\/06\/si-no-has-podido-ver-la-promesa-te-contamos-todo-lo-sucedido-en-la-semana-del-3-al-7-de-junio-2.jpg\" alt=\"Manuel Y Curro\"> <noscript><img alt=\"Manuel Y Curro\" class=\"centro_sinmarco\" src=\"http:\/\/hoycordobaweb.com\/wp-content\/uploads\/2024\/06\/si-no-has-podido-ver-la-promesa-te-contamos-todo-lo-sucedido-en-la-semana-del-3-al-7-de-junio-2.jpg\"><\/noscript> <\/div>\n<\/div>\n<p><strong>La tensi\u00f3n entre Alonso y Mar\u00eda Antonia va en aumento y Lorenzo se da cuenta. Con aviesas intenciones, se lo comenta a Cruz.<\/strong> Ayala le pide una oportunidad a Martina para conocerse mejor y esta, para alegr\u00eda de Margarita, se la concede. Catalina parece estar m\u00e1s receptiva hacia Adriano, mientras que <strong>Vera intenta evitar a Santos todo lo que puede.<\/strong><\/p>\n<p><!-- BREAK 5 --><\/p>\n<p><strong>Jana pone a Cruz entre la espada y la pared<\/strong>, pero la Marquesa acudir\u00e1 a su ama de llaves antes de tomar la decisi\u00f3n definitiva. Petra sigue poniendo al servicio bajo su yugo, m\u00e1s a\u00fan tras lo sucedido con P\u00eda. Martina no puede evitar preguntar a Mar\u00eda Fern\u00e1ndez la verdadera raz\u00f3n por la que, tanto ella como el resto del servicio, est\u00e1n tan afectados. \u00bfQu\u00e9 habr\u00e1 ocurrido realmente? Tras una visita de Simona, Catalina se dar\u00e1 cuenta de que su comportamiento no ha sido el adecuado y tratar\u00e1 de enmendar sus errores. <strong>Lorenzo contin\u00faa indagando sobre Mar\u00eda Antonia y Alonso, convencido de que hay algo que ocultan.<\/strong><\/p>\n<p><!-- BREAK 6 --> <\/p>\n<p>Fotos | RTVE<\/p>\n<p>En Trendencias | <a href=\"https:\/\/www.trendencias.com\/sneakers\/nuevo-lanzamiento-nike-que-promete-agotarse-segundos-unas-air-max-1-color-vibrante-2024\" data-id=\"noopener noreferrer\">El nuevo lanzamiento de Nike que promete agotarse en segundos: unas Air Max 1 con el color m\u00e1s vibrante de 2024<\/a><\/p>\n<p>En Trendencias | <a href=\"https:\/\/www.trendencias.com\/belleza\/mejores-calendarios-adviento-belleza-maquillaje-donde-comprarlos\" data-id=\"noopener noreferrer\">Los mejores calendarios de adviento de belleza y maquillaje 2023: d\u00f3nde comprarlos<\/a><\/p>\n<p>En Trendencias | <a href=\"https:\/\/www.trendencias.com\/propuestas-y-consejos\/chaquetas-que-tendencia-este-otono-invierno-2022-2023-larga-vida-a-bomber-a-cazadora-vaquera\" data-id=\"noopener noreferrer\">Chaquetas que son tendencia: larga vida a la bomber y a la cazadora vaquera<\/a><\/p>\n","protected":false},"excerpt":{"rendered":"<p>Desde que \u00abLa Promesa\u00bb comenz\u00f3 con su nueva era, todo est\u00e1 siendo un caos y un esc\u00e1ndalo. Manuel y Curro se marcharon a la guerra, los personajes han cambiado sus roles, y por si fuera poco, P\u00eda ha decidido quitarse la vida. Este \u00faltimo suceso ha marcado esta semana al serial de \u00e9poca de TVE, [&hellip;]<\/p>\n","protected":false},"author":1,"featured_media":78633,"comment_status":"closed","ping_status":"closed","sticky":false,"template":"","format":"standard","meta":[],"categories":[],"tags":[],"_links":{"self":[{"href":"http:\/\/hoycordobaweb.com\/index.php\/wp-json\/wp\/v2\/posts\/78632"}],"collection":[{"href":"http:\/\/hoycordobaweb.com\/index.php\/wp-json\/wp\/v2\/posts"}],"about":[{"href":"http:\/\/hoycordobaweb.com\/index.php\/wp-json\/wp\/v2\/types\/post"}],"author":[{"embeddable":true,"href":"http:\/\/hoycordobaweb.com\/index.php\/wp-json\/wp\/v2\/users\/1"}],"replies":[{"embeddable":true,"href":"http:\/\/hoycordobaweb.com\/index.php\/wp-json\/wp\/v2\/comments?post=78632"}],"version-history":[{"count":0,"href":"http:\/\/hoycordobaweb.com\/index.php\/wp-json\/wp\/v2\/posts\/78632\/revisions"}],"wp:featuredmedia":[{"embeddable":true,"href":"http:\/\/hoycordobaweb.com\/index.php\/wp-json\/wp\/v2\/media\/78633"}],"wp:attachment":[{"href":"http:\/\/hoycordobaweb.com\/index.php\/wp-json\/wp\/v2\/media?parent=78632"}],"wp:term":[{"taxonomy":"category","embeddable":true,"href":"http:\/\/hoycordobaweb.com\/index.php\/wp-json\/wp\/v2\/categories?post=78632"},{"taxonomy":"post_tag","embeddable":true,"href":"http:\/\/hoycordobaweb.com\/index.php\/wp-json\/wp\/v2\/tags?post=78632"}],"curies":[{"name":"wp","href":"https:\/\/api.w.org\/{rel}","templated":true}]}}