{"id":78622,"date":"2024-06-07T00:58:00","date_gmt":"2024-06-07T00:58:00","guid":{"rendered":"http:\/\/hoycordobaweb.com\/index.php\/2024\/06\/07\/guillermo-francos-continuo-la-ronda-de-reuniones-con-gobernadores-con-el-tucumano-osvaldo-jaldo\/"},"modified":"2024-06-07T00:58:00","modified_gmt":"2024-06-07T00:58:00","slug":"guillermo-francos-continuo-la-ronda-de-reuniones-con-gobernadores-con-el-tucumano-osvaldo-jaldo","status":"publish","type":"post","link":"http:\/\/hoycordobaweb.com\/index.php\/2024\/06\/07\/guillermo-francos-continuo-la-ronda-de-reuniones-con-gobernadores-con-el-tucumano-osvaldo-jaldo\/","title":{"rendered":"Guillermo Francos continu\u00f3 la ronda de reuniones con gobernadores con el tucumano Osvaldo Jaldo"},"content":{"rendered":"<div class=\"media_block\"><\/div>\n<p>En el marco de su ronda de reuniones con gobernadores, con la intenci\u00f3n de destrabar las negociaciones para conquistar los apoyos necesarios en el Senado para la ley de Bases, <strong>este jueves el jefe de Gabinete, <a target=\"_blank\" href=\"https:\/\/www.perfil.com\/noticias\/politica\/guillermo-francos-anticipo-que-habra-mas-recortes-si-el-congreso-insiste-con-la-formula-jubilatoria-no-tenemos-los-recursos.phtml\" rel=\"noopener noreferrer\">Guillermo Francos<\/a>, recibi\u00f3 al peronista <a target=\"_blank\" href=\"https:\/\/www.perfil.com\/noticias\/politica\/jaldo-honremos-a-nuestros-proceres-con-la-unidad-de-los-tucumanos-y-argentinos.phtml\" rel=\"noopener noreferrer\">Osvaldo Jaldo<\/a>, mandatario de Tucum\u00e1n<\/strong>. Juntos firmaron el traspaso de obras de infraestructura para que sean finalizadas por la provincia.&nbsp;<\/p>\n<p><strong>Se trat\u00f3 de la tercera jornada consecutiva en la que Francos protagoniz\u00f3 reuniones con gobernadores<\/strong> con el objetivo de lograr la sanci\u00f3n de la ley de Bases y esta vez fue el turno con uno de los pocos mandatarios provinciales del peronismo que se est\u00e1 mostrando con un perfil dialoguista con la gesti\u00f3n libertaria.&nbsp;<\/p>\n<p>En ese marco, Jaldo firm\u00f3 este jueves <strong>\u00abdos acuerdos marco de colaboraci\u00f3n en materia de obras p\u00fablicas y de vivienda que contemplan el traspaso a la provincia de diversas obras que hasta el momento se encontraban a cargo del Gobierno nacional\u00bb<\/strong>, inform\u00f3 Jefatura de Gabinete. De esta forma, la provincia asume la financiaci\u00f3n y\/o la ejecuci\u00f3n de una serie obras de vivienda, viales, h\u00eddricas, de saneamiento y mejoramiento urbano, as\u00ed como de rutas y caminos, entre otras.<\/p>\n<div class=\"subscription\" readability=\"6.683257918552\">\n<p>\nEsto no les gusta a los autoritarios\n<\/p>\n<div class=\"subscription__container\" readability=\"6.1467391304348\">\n<div class=\"subscription__text-wrapper\" readability=\"31.20652173913\">\n<p>\nEl ejercicio del periodismo profesional y cr\u00edtico es un pilar fundamental de la democracia. Por eso molesta a quienes creen ser los due\u00f1os de la verdad.\n<\/p>\n<\/p><\/div>\n<\/div><\/div>\n<div>\n<figure class=\"image\"><img alt=\"Guillermo Francos Martin Llaryora 20240605\" src=\"http:\/\/hoycordobaweb.com\/wp-content\/uploads\/2024\/06\/guillermo-francos-continuo-la-ronda-de-reuniones-con-gobernadores-con-el-tucumano-osvaldo-jaldo.jpg\" loading=\"lazy\"><figcaption>Mart\u00edn Llaryora y Guillermo Francos no firmaron un convenio, pero s\u00ed dialogaron sobre las obras de infraestructura<\/figcaption><\/figure>\n<\/p><\/div>\n<p>De muy buena relaci\u00f3n con el Poder Ejecutivo, <strong>fuentes del entorno de Jaldo anticiparon que apuestan a darle continuidad a las obras p\u00fablicas <\/strong>que se encuentran suspendidas y operativizar el traspaso de Naci\u00f3n a la administraci\u00f3n provincial. <strong>Tucum\u00e1n se sum\u00f3 a Entre R\u00edos, Jujuy, Chaco, Chubut y Neuqu\u00e9n<\/strong>, cuyos gobernadores d\u00edas atr\u00e1s tambi\u00e9n suscribieron acuerdos similares por los cuales dichas provincias aceptaron la cesi\u00f3n de un conjunto de obras p\u00fablicas a cargo hasta entonces del Gobierno nacional.<\/p>\n<p><strong>Jaldo se mostr\u00f3 en afinada sinton\u00eda con el gobierno de Javier Milei<\/strong>. Sus tres diputados nacionales \u2014Agust\u00edn Fern\u00e1ndez, Gladys del Valle Medina y Elia Fern\u00e1ndez de Mansilla\u2014 se ausentaron en la votaci\u00f3n de la nueva f\u00f3rmula de movilidad jubilatoria fuertemente cuestionada por el oficialismo y, a los pocos d\u00edas de asumir, el gobernador hab\u00eda impulsado fuertes recortes en la planta estatal que incluy\u00f3 un ajuste de m\u00e1s de 220 millones de pesos en las arcas provinciales.&nbsp;<\/p>\n<p>\u201c<strong>No forma parte del Gobierno nacional, pero apoya cada iniciativa que considere necesaria. <\/strong>La gente est\u00e1 aguantando porque no tiene otra alternativa\u201d, dijeron en el entorno de Jaldo.&nbsp;<\/p>\n<p class=\"destacadoNota\"><a target=\"_blank\" href=\"https:\/\/www.perfil.com\/noticias\/politica\/el-escandalo-de-los-alimentos-suma-otra-denuncia-acusan-a-pettovello-y-otros-funcionarios-de-negociaciones-espurias-y-lavado-de-dinero.phtml\" rel=\"noopener noreferrer\">El esc\u00e1ndalo de los alimentos suma otra denuncia: acusan a Pettovello y otros funcionarios por negociaciones espurias y lavado de dinero<\/a><\/p>\n<p>Francos es el negociador pol\u00edtico con mayor experiencia en el Gabinete de Milei, algo que ya ven\u00eda demostrando desde su previo rol, como ministro del Interior. Si bien sostienen que <strong>en la reuni\u00f3n de este jueves junto a Jaldo no estuvo en la mesa de negociaciones el apoyo a la ley de Bases<\/strong>, estos encuentros son en definitiva un acercamiento de posiciones para terminar de convencer a los m\u00e1s reacios.<\/p>\n<p><strong>Mart\u00edn Llaryora<\/strong> estuvo con el jefe de Gabinete este mi\u00e9rcoles. <strong>No se firm\u00f3 un convenio respecto a obras de infraestructura, pero s\u00ed se habl\u00f3 del \u00abfuturo traspaso<\/strong> de obras p\u00fablicas al Gobierno de C\u00f3rdoba, as\u00ed como a tem\u00e1ticas relacionadas con el desarrollo econ\u00f3mico y productivo provincial\u00bb, inform\u00f3 Jefatura de Gabinete en un comunicado, a la par que el propio funcionario public\u00f3 en su cuenta de X (antes Twitter) que dicho acuerdo se firmar\u00e1 \u00aben los pr\u00f3ximos d\u00edas\u00bb.&nbsp;<\/p>\n<p>En el resto de las reuniones<strong> les cedi\u00f3 14 obras a Jujuy, 39 a Chaco y 27 a Entre R\u00edos<\/strong>. Rolando Figueroa, de Neuqu\u00e9n, anunci\u00f3: \u201cEstamos reactivando obras en todas las regiones priorizando la salud, educaci\u00f3n, seguridad, servicios y conectividad vial\u201d. Para los pr\u00f3ximos d\u00edas <strong>otro mandatario provincial que podr\u00eda agregarse a esta lista ser\u00eda <a target=\"_blank\" href=\"https:\/\/www.perfil.com\/noticias\/modo-fontevecchia\/maximiliano-pullaro-kicillof-aporto-recursos-en-un-momento-dificil-para-santa-fe-modof.phtml\" rel=\"noopener noreferrer\">Maximiliano Pullaro<\/a><\/strong>, de Santa Fe, adelant\u00f3 <em>Infobae<\/em>.&nbsp;<\/p>\n<p class=\"destacadoNota\"><a target=\"_blank\" href=\"https:\/\/www.perfil.com\/noticias\/politica\/guillermo-francos-apunto-contra-el-kirchnerismo-por-la-cantidad-de-pensiones-por-invalidez-es-una-irresponsabilidad.phtml\" rel=\"noopener noreferrer\">Guillermo Francos apunt\u00f3 contra el kirchnerismo por la cantidad de pensiones por invalidez: \u00abEs una irresponsabilidad\u00bb<\/a><\/p>\n<h2>Francos cuestion\u00f3 al juez Casanello por la distribuci\u00f3n de alimentos: \u201c\u00bfQui\u00e9n se cree?\u201d<\/h2>\n<p>El jefe de Gabinete, <strong>Guillermo Francos, volvi\u00f3 a respaldar hoy a la ministra de Capital Humano, <a target=\"_blank\" href=\"https:\/\/www.perfil.com\/noticias\/politica\/sandra-pettovello-fue-convocada-a-diputados-para-dar-respuestas-sobre-el-escandalo-de-alimentos-almacenados.phtml\" rel=\"noopener noreferrer\">Sandra Pettovello<\/a>, y cuestion\u00f3 el accionar del juez federal Sebasti\u00e1n Casanello<\/strong> y la C\u00e1mara Federal porte\u00f1a respecto de las medidas adoptadas por la distribuci\u00f3n de alimentos para los comedores. \u00ab<strong>Ella est\u00e1 viviendo un momento complicado<\/strong>, porque, para ponerlo claro, \u00bfa vos te parece que un juez federal de la Naci\u00f3n y una C\u00e1mara le puede decir al Poder Ejecutivo: \u2018mandenme el plan de distribuci\u00f3n de alimentos\u2019?\u00bb, aleg\u00f3 Francos.&nbsp;<\/p>\n<p>En este sentido, el ministro coordinador, interrog\u00f3: \u00ab<strong>\u00bfQui\u00e9n se cree que es la Justicia? \u00bfNo hay separaci\u00f3n de poderes?<\/strong> La administraci\u00f3n es del Ejecutivo\u00bb. A su vez, Francos afirm\u00f3 en di\u00e1logo con radio <em>Rivadavia <\/em>que la Justicia debe actuar en caso de existir \u00abdelito\u00bb, pero no puede decirle al Ejecutivo lo que tiene que hacer en materia de distribuci\u00f3n alimentaria. \u201c\u00bfC\u00f3mo pueden decirle al Ejecutivo \u2018en 24 horas presenten un plan para la distribuci\u00f3n de alimentos\u2019? <strong>\u00bfY si la pol\u00edtica del Gobierno no es esa? \u00bfY si esos alimentos est\u00e1n para situaciones de emergencia?<\/strong>\u00ab, pregunt\u00f3.<\/p>\n<p>El funcionario tambi\u00e9n se refiri\u00f3 a la causa por los contratos del Ministerio de Capital Humano con la Organizaci\u00f3n de Estados Iberoamericanos (OEI) y explic\u00f3 que se utilizan para <strong>financiar \u00abpersonal en el sector p\u00fablico mientras todav\u00eda no est\u00e1 designado\u00bb<\/strong>. \u00abHubo una denuncia sobre ese tema y eso fue a la oficina anticorrupci\u00f3n. Ese organismo le dijo a Pettovello que ten\u00eda que presentarla en la Justicia y fue lo que hizo. <strong>No hay ah\u00ed, hasta el momento, la demostraci\u00f3n de un il\u00edcito<\/strong>\u00ab, argument\u00f3 Francos.<\/p>\n<p>ML \/ Gi<\/p>\n<div class=\"article__tags\">\n<p>En esta Nota<\/p>\n<\/p><\/div>\n","protected":false},"excerpt":{"rendered":"<p>En el marco de su ronda de reuniones con gobernadores, con la intenci\u00f3n de destrabar las negociaciones para conquistar los apoyos necesarios en el Senado para la ley de Bases, este jueves el jefe de Gabinete, Guillermo Francos, recibi\u00f3 al peronista Osvaldo Jaldo, mandatario de Tucum\u00e1n. Juntos firmaron el traspaso de obras de infraestructura para [&hellip;]<\/p>\n","protected":false},"author":1,"featured_media":78623,"comment_status":"closed","ping_status":"closed","sticky":false,"template":"","format":"standard","meta":[],"categories":[19],"tags":[170,108,257,256],"_links":{"self":[{"href":"http:\/\/hoycordobaweb.com\/index.php\/wp-json\/wp\/v2\/posts\/78622"}],"collection":[{"href":"http:\/\/hoycordobaweb.com\/index.php\/wp-json\/wp\/v2\/posts"}],"about":[{"href":"http:\/\/hoycordobaweb.com\/index.php\/wp-json\/wp\/v2\/types\/post"}],"author":[{"embeddable":true,"href":"http:\/\/hoycordobaweb.com\/index.php\/wp-json\/wp\/v2\/users\/1"}],"replies":[{"embeddable":true,"href":"http:\/\/hoycordobaweb.com\/index.php\/wp-json\/wp\/v2\/comments?post=78622"}],"version-history":[{"count":0,"href":"http:\/\/hoycordobaweb.com\/index.php\/wp-json\/wp\/v2\/posts\/78622\/revisions"}],"wp:featuredmedia":[{"embeddable":true,"href":"http:\/\/hoycordobaweb.com\/index.php\/wp-json\/wp\/v2\/media\/78623"}],"wp:attachment":[{"href":"http:\/\/hoycordobaweb.com\/index.php\/wp-json\/wp\/v2\/media?parent=78622"}],"wp:term":[{"taxonomy":"category","embeddable":true,"href":"http:\/\/hoycordobaweb.com\/index.php\/wp-json\/wp\/v2\/categories?post=78622"},{"taxonomy":"post_tag","embeddable":true,"href":"http:\/\/hoycordobaweb.com\/index.php\/wp-json\/wp\/v2\/tags?post=78622"}],"curies":[{"name":"wp","href":"https:\/\/api.w.org\/{rel}","templated":true}]}}