{"id":78569,"date":"2024-06-05T23:18:48","date_gmt":"2024-06-05T23:18:48","guid":{"rendered":"https:\/\/www.ole.com.ar\/futbol-internacional\/italia\/roma-campeon-mundo-seleccion-argentino-refuerzo-mercado-pases_0_yixXD2u5O7.html"},"modified":"2024-06-05T23:18:48","modified_gmt":"2024-06-05T23:18:48","slug":"la-roma-va-por-un-campeon-del-mundo-con-la-seleccion-argentina-para-reforzar-su-defensa","status":"publish","type":"post","link":"http:\/\/hoycordobaweb.com\/index.php\/2024\/06\/05\/la-roma-va-por-un-campeon-del-mundo-con-la-seleccion-argentina-para-reforzar-su-defensa\/","title":{"rendered":"La Roma va por un campe\u00f3n del mundo con la Selecci\u00f3n Argentina para reforzar su defensa"},"content":{"rendered":"<p><img src=\"http:\/\/hoycordobaweb.com\/wp-content\/uploads\/2024\/06\/la-roma-va-por-un-campeon-del-mundo-con-la-seleccion-argentina-para-reforzar-su-defensa.jpg\"><\/p>\n<p><time class=\"createDate\" datetime=\"2024-06-05T20:18:48-03:00\">05\/06\/2024 20:18hs.<\/time><\/p>\n<div id=\"storyBody\">\n<div class=\"custom-text \" readability=\"34.878865979381\">\n<p>Todos los equipos empiezan a mover sus fichas de cara al mercado de pases y hay varios argentinos que podr\u00edan vestir nuevas camisetas. De hecho, hay uno de ellos, <strong>campe\u00f3n del mundo con la <a href=\"https:\/\/www.ole.com.ar\/tema\/seleccion-argentina.html\" title=\"Selecci\u00f3n Argentina\" alt=\"Selecci\u00f3n Argentina\" class=\"slug\">Selecci\u00f3n<\/a> en el Mundial de Qatar 2022, que le interesar\u00eda y mucho a la <a href=\"https:\/\/www.ole.com.ar\/tema\/roma.html\" title=\"Roma\" alt=\"Roma\" class=\"slug\">Roma <\/a>de <a href=\"https:\/\/www.ole.com.ar\/tema\/leandro-paredes.html\" title=\"Leandro Paredes\" alt=\"Leandro Paredes\" class=\"slug\">Leandro Paredes<\/a> y <a href=\"https:\/\/www.ole.com.ar\/tema\/paulo-dybala.html\" title=\"Paulo Dybala\" alt=\"Paulo Dybala\" class=\"slug\">Paulo Dybala<\/a>.<\/strong> Incluso, la Loba lo tendr\u00eda como prioridad entre sus fichajes. <strong>\u00bfDe qui\u00e9n se trata?<\/strong><\/p>\n<\/div>\n<div class=\"custom-text \" readability=\"38.146341463415\">\n<p>El futbolista por el que podr\u00eda ir fuerte la Roma, seg\u00fan inform\u00f3 La Gazzetta dello Sport, <strong>es <a href=\"https:\/\/www.ole.com.ar\/tema\/nicolas-tagliafico.html\" title=\"Nicol\u00e1s Tagliafico\" alt=\"Nicol\u00e1s Tagliafico\" class=\"slug\">Nicol\u00e1s Tagliafico<\/a>. <\/strong>El lateral izquierdo de la Selecci\u00f3n, que disputar\u00e1 la Copa Am\u00e9rica 2024, tiene contrato con el Olympique de Lyon hasta junio del pr\u00f3ximo a\u00f1o, <strong>pero desde la Loba tienen el inter\u00e9s de llev\u00e1rselo en este mismo mercado de pases para reforzar un puesto en el que solo cuentan con Angeli\u00f1o. <\/strong><\/p>\n<\/div>\n<div class=\"custom-text \" readability=\"45\">\n<p><strong>La elecci\u00f3n de Tagliafico, de 31 a\u00f1os, pasa principalmente por el nuevo director deportivo de la Roma, el franc\u00e9s Florent Ghisolfi,<\/strong> quien viene de trabajar en el Niza de su pa\u00eds natal y que, claro, tiene muy bien visto al argentino. Si bien todav\u00eda no hubo contactos de manera oficial, se espera que en los pr\u00f3ximos d\u00edas Ghisolfi, quien acaba de asumir en la Loba, <strong>empiece a moverse para gestionar la llegada del defensor, al que intentar\u00edan fichar por 6.000.000 de euros. <\/strong><\/p>\n<\/div>\n<div class=\"custom-text \" readability=\"41\">\n<p>De hecho, Tagliafico no es el \u00fanico jugador de la liga de Francia por el que Ghisolfi ir\u00eda. El director deportivo tambi\u00e9n piensa en un sustituto para Romelu Lukaku, quien dejar\u00e1 la Roma en este mercado de pases. <strong>Y el nombre que se perfila como favorito es el de Arnaud Kalimuendo, 9 del Rennes,<\/strong> que ya llam\u00f3 la atenci\u00f3n de varios equipos y que, con 22 a\u00f1os, disputar\u00e1 los Juegos Ol\u00edmpicos de Par\u00eds con la selecci\u00f3n francesa.<\/p>\n<\/div>\n<div class=\"custom-text \" readability=\"43\">\n<p>Adem\u00e1s de \u00e9l, <strong>Ghisolfi tambi\u00e9n habr\u00eda puesto sus ojos en Andy Diouf, volante del Lens, para mejorar el mediocampo.<\/strong> Y fuera de Francia, intentar\u00eda hacer posible la llegada de Federico Chiesa, de la Juventus, (jugador que, dicen, le encanta a Daniele De Rossi, DT de la Loba).<\/p>\n<\/div>\n<div class=\"sc-e7b891c4-0 jPbnQF\"><img alt=\"Tagliafico, en el Olympique de Lyon. (Foto: AP)\" src=\"http:\/\/hoycordobaweb.com\/wp-content\/uploads\/2024\/06\/la-roma-va-por-un-campeon-del-mundo-con-la-seleccion-argentina-para-reforzar-su-defensa-2.jpg\" width=\"720\" height=\"100\" decoding=\"async\" data-nimg=\"future\" loading=\"lazy\"><span class=\"epigraphe\">Tagliafico, en el Olympique de Lyon. (Foto: AP)<\/span><\/div>\n<p><h2><strong>La temporada de Nicol\u00e1s Tagliafico<\/strong><\/h2>\n<\/p>\n<div class=\"custom-text \" readability=\"35\">\n<p>Tagliafico fue un titular importante esta temporada con el Olympique de Lyon, equipo con el que disput\u00f3 <strong>31 partidos, marc\u00f3 tres goles y reparti\u00f3 dos asistencias esta campa\u00f1a. <\/strong><\/p>\n<\/div>\n<div class=\"custom-text \" readability=\"37\">\n<p>Vale recordar que, ahora, el jugador ya se encuentra junto a la Selecci\u00f3n Argentina en Estados Unidos para afrontar la Copa Am\u00e9rica 2024, donde la Albiceleste har\u00e1 su debut el pr\u00f3ximo 20 de junio ante Canad\u00e1. <\/p>\n<\/div>\n<div type=\"embed\" class=\"sc-3f46f5ae-0 djVTgz\">\n<div class=\"sc-3f46f5ae-1 fTjZec videoText\" id=\"contentTitleembed3Kd4adVy\" type=\"embed\"><svg fill=\"#ffffff\"><symbol id=\"play\" viewBox=\"0 0 512 512\"><path d=\"M512 256C512 397.4 397.4 512 256 512C114.6 512 0 397.4 0 256C0 114.6 114.6 0 256 0C397.4 0 512 114.6 512 256zM176 168V344C176 352.7 180.7 360.7 188.3 364.9C195.8 369.2 205.1 369 212.5 364.5L356.5 276.5C363.6 272.1 368 264.4 368 256C368 247.6 363.6 239.9 356.5 235.5L212.5 147.5C205.1 142.1 195.8 142.8 188.3 147.1C180.7 151.3 176 159.3 176 168V168z\" \/><\/symbol><use xlink:href=\"#play\" \/><\/svg><\/p>\n<div class=\"right\">\n<p>Ligue 1<!-- --> &#8211;<!-- --> <span>&nbsp;<\/span><\/p>\n<h2 class=\"title-vid\">El tremendo golazo de Tagliafico para la victoria del Lyon<\/h2>\n<\/div>\n<\/div>\n<p><span class=\"back\" id=\"spanBackembed3Kd4adVy\"><\/span><\/div>\n<div type=\"embed\" class=\"sc-3f46f5ae-0 djVTgz\">\n<div class=\"sc-3f46f5ae-1 fTjZec videoText\" id=\"contentTitleembed30EjyGy7\" type=\"embed\"><svg fill=\"#ffffff\"><symbol id=\"play\" viewBox=\"0 0 512 512\"><path d=\"M512 256C512 397.4 397.4 512 256 512C114.6 512 0 397.4 0 256C0 114.6 114.6 0 256 0C397.4 0 512 114.6 512 256zM176 168V344C176 352.7 180.7 360.7 188.3 364.9C195.8 369.2 205.1 369 212.5 364.5L356.5 276.5C363.6 272.1 368 264.4 368 256C368 247.6 363.6 239.9 356.5 235.5L212.5 147.5C205.1 142.1 195.8 142.8 188.3 147.1C180.7 151.3 176 159.3 176 168V168z\" \/><\/symbol><use xlink:href=\"#play\" \/><\/svg><\/p>\n<div class=\"right\">\n<p>Nicol\u00e1s Tagliafico<!-- --> &#8211;<!-- --> <span>&nbsp;<\/span><\/p>\n<h2 class=\"title-vid\">Cort\u00f3 Tagliafico y 3 a 0 del Lyon<\/h2>\n<\/div>\n<\/div>\n<p><span class=\"back\" id=\"spanBackembed30EjyGy7\"><\/span><\/div>\n<div type=\"embed\" class=\"sc-3f46f5ae-0 djVTgz\">\n<div class=\"sc-3f46f5ae-1 fTjZec videoText\" id=\"contentTitleembed9Bvp66pN\" type=\"embed\"><svg fill=\"#ffffff\"><symbol id=\"play\" viewBox=\"0 0 512 512\"><path d=\"M512 256C512 397.4 397.4 512 256 512C114.6 512 0 397.4 0 256C0 114.6 114.6 0 256 0C397.4 0 512 114.6 512 256zM176 168V344C176 352.7 180.7 360.7 188.3 364.9C195.8 369.2 205.1 369 212.5 364.5L356.5 276.5C363.6 272.1 368 264.4 368 256C368 247.6 363.6 239.9 356.5 235.5L212.5 147.5C205.1 142.1 195.8 142.8 188.3 147.1C180.7 151.3 176 159.3 176 168V168z\" \/><\/symbol><use xlink:href=\"#play\" \/><\/svg><\/p>\n<div class=\"right\">\n<p>Nicol\u00e1s Tagliafico<!-- --> &#8211;<!-- --> <span>&nbsp;<\/span><\/p>\n<h2 class=\"title-vid\">El gol de Tagliafico para Olympique de Lyon ante el Racing de Estrasburgo<\/h2>\n<\/div>\n<\/div>\n<p><span class=\"back\" id=\"spanBackembed9Bvp66pN\"><\/span><\/div>\n<\/div>\n","protected":false},"excerpt":{"rendered":"<p>05\/06\/2024 20:18hs. Todos los equipos empiezan a mover sus fichas de cara al mercado de pases y hay varios argentinos que podr\u00edan vestir nuevas camisetas. De hecho, hay uno de ellos, campe\u00f3n del mundo con la Selecci\u00f3n en el Mundial de Qatar 2022, que le interesar\u00eda y mucho a la Roma de Leandro Paredes y [&hellip;]<\/p>\n","protected":false},"author":1,"featured_media":78570,"comment_status":"open","ping_status":"closed","sticky":false,"template":"","format":"standard","meta":[],"categories":[16],"tags":[],"_links":{"self":[{"href":"http:\/\/hoycordobaweb.com\/index.php\/wp-json\/wp\/v2\/posts\/78569"}],"collection":[{"href":"http:\/\/hoycordobaweb.com\/index.php\/wp-json\/wp\/v2\/posts"}],"about":[{"href":"http:\/\/hoycordobaweb.com\/index.php\/wp-json\/wp\/v2\/types\/post"}],"author":[{"embeddable":true,"href":"http:\/\/hoycordobaweb.com\/index.php\/wp-json\/wp\/v2\/users\/1"}],"replies":[{"embeddable":true,"href":"http:\/\/hoycordobaweb.com\/index.php\/wp-json\/wp\/v2\/comments?post=78569"}],"version-history":[{"count":0,"href":"http:\/\/hoycordobaweb.com\/index.php\/wp-json\/wp\/v2\/posts\/78569\/revisions"}],"wp:featuredmedia":[{"embeddable":true,"href":"http:\/\/hoycordobaweb.com\/index.php\/wp-json\/wp\/v2\/media\/78570"}],"wp:attachment":[{"href":"http:\/\/hoycordobaweb.com\/index.php\/wp-json\/wp\/v2\/media?parent=78569"}],"wp:term":[{"taxonomy":"category","embeddable":true,"href":"http:\/\/hoycordobaweb.com\/index.php\/wp-json\/wp\/v2\/categories?post=78569"},{"taxonomy":"post_tag","embeddable":true,"href":"http:\/\/hoycordobaweb.com\/index.php\/wp-json\/wp\/v2\/tags?post=78569"}],"curies":[{"name":"wp","href":"https:\/\/api.w.org\/{rel}","templated":true}]}}