{"id":78537,"date":"2024-06-05T18:01:29","date_gmt":"2024-06-05T18:01:29","guid":{"rendered":"https:\/\/www.trendencias.com\/complementos-ellas\/colgantes-ideales-tous-estan-rebajas-perfectos-para-completar-tus-looks-verano"},"modified":"2024-06-05T18:01:29","modified_gmt":"2024-06-05T18:01:29","slug":"los-colgantes-mas-ideales-de-tous-estan-en-rebajas-y-son-perfectos-para-completar-tus-looks-de-verano","status":"publish","type":"post","link":"http:\/\/hoycordobaweb.com\/index.php\/2024\/06\/05\/los-colgantes-mas-ideales-de-tous-estan-en-rebajas-y-son-perfectos-para-completar-tus-looks-de-verano\/","title":{"rendered":"Los colgantes m\u00e1s ideales de Tous est\u00e1n en rebajas y son perfectos para completar tus looks de verano"},"content":{"rendered":"<p>Con la llegada de las temperaturas altas, lucimos m\u00e1s escote gracias a camisetas, tops y blusas estivales, que nos acompa\u00f1an ya durante todo el verano. Y el accesorio ideal para completar un look estival son los <strong>collares y colgantes,<\/strong> tanto para lucirlos solos como combinados.<\/p>\n<p><!-- BREAK 1 --> <\/p>\n<div class=\"article-asset article-asset-normal article-asset-center\">\n<div class=\"desvio-container\">\n<div class=\"desvio\">\n<div class=\"desvio-figure js-desvio-figure\"> <a href=\"https:\/\/www.trendencias.com\/complementos-ellas\/seis-pulseras-tous-rebajas-perfectas-para-lucir-verano\"> <img loading=\"lazy\" alt=\"Seis pulseras de Tous en rebajas perfectas para lucir en verano\" width=\"375\" height=\"142\" src=\"http:\/\/hoycordobaweb.com\/wp-content\/uploads\/2024\/06\/los-colgantes-mas-ideales-de-tous-estan-en-rebajas-y-son-perfectos-para-completar-tus-looks-de-verano.jpg\"> <\/a> <\/div><\/div><\/div>\n<\/div>\n<p>Las joyitas se han convertido en complementos esenciales en nuestros <em>outfits, <\/em>en nuestro d\u00eda a d\u00eda, por eso las marcas cada vez m\u00e1s nos sorprenden con piezas ideales. Y ahora que lucen mucho m\u00e1s que durante el invierno, las marcas nos sorprenden con dise\u00f1os ideales.<\/p>\n<p><!-- BREAK 2 --><\/p>\n<p><strong>Tous<\/strong> siempre nos sorprende con piezas ideales para llenar de estilo y tendencia nuestro joyero y estilismos, pero adem\u00e1s tiene descuentos muy apetecibles. Yo he fichado estos colgantes tan monos con un 40% de descuento perfectos para estrenar desde ya y no quitarme en todo el verano.<\/p>\n<p><!-- BREAK 3 --> <\/p>\n<div class=\"article-asset-image article-asset-normal article-asset-center\">\n<div class=\"asset-content\"> <img class=\"centro_sinmarco\" height=\"600\" width=\"1157\" loading=\"lazy\" decoding=\"async\" sizes=\"100vw\" fetchpriority=\"high\" srcset=\"http:\/\/hoycordobaweb.com\/wp-content\/uploads\/2024\/06\/los-colgantes-mas-ideales-de-tous-estan-en-rebajas-y-son-perfectos-para-completar-tus-looks-de-verano.png 450w, http:\/\/hoycordobaweb.com\/wp-content\/uploads\/2024\/06\/los-colgantes-mas-ideales-de-tous-estan-en-rebajas-y-son-perfectos-para-completar-tus-looks-de-verano-4.png 681w, http:\/\/hoycordobaweb.com\/wp-content\/uploads\/2024\/06\/los-colgantes-mas-ideales-de-tous-estan-en-rebajas-y-son-perfectos-para-completar-tus-looks-de-verano-5.png 1024w, http:\/\/hoycordobaweb.com\/wp-content\/uploads\/2024\/06\/los-colgantes-mas-ideales-de-tous-estan-en-rebajas-y-son-perfectos-para-completar-tus-looks-de-verano-6.png 1366w\" src=\"http:\/\/hoycordobaweb.com\/wp-content\/uploads\/2024\/06\/los-colgantes-mas-ideales-de-tous-estan-en-rebajas-y-son-perfectos-para-completar-tus-looks-de-verano.png\" alt=\"Colgante de Tous\"> <noscript><img alt=\"Colgante de Tous\" class=\"centro_sinmarco\" src=\"http:\/\/hoycordobaweb.com\/wp-content\/uploads\/2024\/06\/los-colgantes-mas-ideales-de-tous-estan-en-rebajas-y-son-perfectos-para-completar-tus-looks-de-verano.png\"><\/noscript> <\/div>\n<\/div>\n<p>Colgante en forma de gusano, un colgante con ba\u00f1o de oro 18 kt sobre plata y calcedonias de la colecci\u00f3n Virtual Garden, que recrea con sus joyas un jard\u00edn fant\u00e1stico en una uni\u00f3n del mundo urbano con el rural. Su precio era de 79 euros y ahora es de <a rel=\"noopener, noreferrer\" href=\"https:\/\/www.tous.com\/es-es\/colgante-con-bano-de-oro-18-kt-sobre-plata-y-calcedonia-tratada-virtual-garden\/p\/211524530\">47 euros.<\/a><\/p>\n<p><!-- BREAK 4 --><\/p>\n<div class=\"article-asset-image article-asset-normal article-asset-center\">\n<div class=\"asset-content\"> <img class=\"centro_sinmarco\" height=\"447\" width=\"1170\" loading=\"lazy\" decoding=\"async\" sizes=\"100vw\" fetchpriority=\"high\" srcset=\"http:\/\/hoycordobaweb.com\/wp-content\/uploads\/2024\/06\/los-colgantes-mas-ideales-de-tous-estan-en-rebajas-y-son-perfectos-para-completar-tus-looks-de-verano-1.png 450w, http:\/\/hoycordobaweb.com\/wp-content\/uploads\/2024\/06\/los-colgantes-mas-ideales-de-tous-estan-en-rebajas-y-son-perfectos-para-completar-tus-looks-de-verano-7.png 681w, http:\/\/hoycordobaweb.com\/wp-content\/uploads\/2024\/06\/los-colgantes-mas-ideales-de-tous-estan-en-rebajas-y-son-perfectos-para-completar-tus-looks-de-verano-8.png 1024w, http:\/\/hoycordobaweb.com\/wp-content\/uploads\/2024\/06\/los-colgantes-mas-ideales-de-tous-estan-en-rebajas-y-son-perfectos-para-completar-tus-looks-de-verano-9.png 1366w\" src=\"http:\/\/hoycordobaweb.com\/wp-content\/uploads\/2024\/06\/los-colgantes-mas-ideales-de-tous-estan-en-rebajas-y-son-perfectos-para-completar-tus-looks-de-verano-1.png\" alt=\"Colgante de Tous\"> <noscript><img alt=\"Colgante de Tous\" class=\"centro_sinmarco\" src=\"http:\/\/hoycordobaweb.com\/wp-content\/uploads\/2024\/06\/los-colgantes-mas-ideales-de-tous-estan-en-rebajas-y-son-perfectos-para-completar-tus-looks-de-verano-1.png\"><\/noscript> <\/div>\n<\/div>\n<p>Colgante con ba\u00f1o de oro 18 kt sobre plata y lapisl\u00e1zuli y esmalte azul de la colecci\u00f3n Vibrant Colors de forma redondeada. Su precio era de 69 euros y ahora es de <a rel=\"noopener, noreferrer\" href=\"https:\/\/www.tous.com\/es-es\/colgante-con-lapislazuli-y-esmalte-de-color-tous-vibrant-colors\/p\/211434530\">41 euros.<\/a><\/p>\n<p><!-- BREAK 5 --><\/p>\n<div class=\"article-asset-image article-asset-normal article-asset-center\">\n<div class=\"asset-content\"> <img class=\"centro_sinmarco\" height=\"652\" width=\"1117\" loading=\"lazy\" decoding=\"async\" sizes=\"100vw\" fetchpriority=\"high\" srcset=\"http:\/\/hoycordobaweb.com\/wp-content\/uploads\/2024\/06\/los-colgantes-mas-ideales-de-tous-estan-en-rebajas-y-son-perfectos-para-completar-tus-looks-de-verano-2.png 450w, http:\/\/hoycordobaweb.com\/wp-content\/uploads\/2024\/06\/los-colgantes-mas-ideales-de-tous-estan-en-rebajas-y-son-perfectos-para-completar-tus-looks-de-verano-10.png 681w, http:\/\/hoycordobaweb.com\/wp-content\/uploads\/2024\/06\/los-colgantes-mas-ideales-de-tous-estan-en-rebajas-y-son-perfectos-para-completar-tus-looks-de-verano-11.png 1024w, http:\/\/hoycordobaweb.com\/wp-content\/uploads\/2024\/06\/los-colgantes-mas-ideales-de-tous-estan-en-rebajas-y-son-perfectos-para-completar-tus-looks-de-verano-12.png 1366w\" src=\"http:\/\/hoycordobaweb.com\/wp-content\/uploads\/2024\/06\/los-colgantes-mas-ideales-de-tous-estan-en-rebajas-y-son-perfectos-para-completar-tus-looks-de-verano-2.png\" alt=\"Colgante de Tous\"> <noscript><img alt=\"Colgante de Tous\" class=\"centro_sinmarco\" src=\"http:\/\/hoycordobaweb.com\/wp-content\/uploads\/2024\/06\/los-colgantes-mas-ideales-de-tous-estan-en-rebajas-y-son-perfectos-para-completar-tus-looks-de-verano-2.png\"><\/noscript> <\/div>\n<\/div>\n<p>Colgante con ba\u00f1o de oro 18 kt sobre plata y prasolita de la colecci\u00f3n Alma Motif, con piedra en color blanco aunque ha disponibilidad de gemas de colores. Su precio era de 49 euros y ahora es de <a rel=\"noopener, noreferrer\" href=\"https:\/\/www.tous.com\/es-es\/colgante-con-bano-de-oro-18-kt-sobre-plata-y-prasolita-alma-motif\/p\/311674500\">29 euros.<\/a><\/p>\n<p><!-- BREAK 6 --> <\/p>\n<div class=\"article-asset-image article-asset-normal article-asset-center\">\n<div class=\"asset-content\"> <img class=\"centro_sinmarco\" height=\"702\" width=\"1126\" loading=\"lazy\" decoding=\"async\" sizes=\"100vw\" fetchpriority=\"high\" srcset=\"http:\/\/hoycordobaweb.com\/wp-content\/uploads\/2024\/06\/los-colgantes-mas-ideales-de-tous-estan-en-rebajas-y-son-perfectos-para-completar-tus-looks-de-verano-3.png 450w, http:\/\/hoycordobaweb.com\/wp-content\/uploads\/2024\/06\/los-colgantes-mas-ideales-de-tous-estan-en-rebajas-y-son-perfectos-para-completar-tus-looks-de-verano-13.png 681w, http:\/\/hoycordobaweb.com\/wp-content\/uploads\/2024\/06\/los-colgantes-mas-ideales-de-tous-estan-en-rebajas-y-son-perfectos-para-completar-tus-looks-de-verano-14.png 1024w, http:\/\/hoycordobaweb.com\/wp-content\/uploads\/2024\/06\/los-colgantes-mas-ideales-de-tous-estan-en-rebajas-y-son-perfectos-para-completar-tus-looks-de-verano-15.png 1366w\" src=\"http:\/\/hoycordobaweb.com\/wp-content\/uploads\/2024\/06\/los-colgantes-mas-ideales-de-tous-estan-en-rebajas-y-son-perfectos-para-completar-tus-looks-de-verano-3.png\" alt=\"Colgante de Tous\"> <noscript><img alt=\"Colgante de Tous\" class=\"centro_sinmarco\" src=\"http:\/\/hoycordobaweb.com\/wp-content\/uploads\/2024\/06\/los-colgantes-mas-ideales-de-tous-estan-en-rebajas-y-son-perfectos-para-completar-tus-looks-de-verano-3.png\"><\/noscript> <\/div>\n<\/div>\n<p>Las formas org\u00e1nicas de la naturaleza, sus animales y plantas, inspiran el dise\u00f1o de este colgante con ba\u00f1o de oro 18 kt sobre plata y rodonita de la colecci\u00f3n Virtual Garden. Ideal este colgante que simula una mariquita en color rosa. Su precio era de 89 euros y ahora es de<a rel=\"noopener, noreferrer\" href=\"https:\/\/www.tous.com\/es-es\/colgante-con-bano-de-oro-18-kt-sobre-plata-y-rodonita-virtual-garden\/p\/211524590\"> 53 euros.<\/a><\/p>\n<p><!-- BREAK 7 --><\/p>\n<p>Fotos | <a rel=\"noopener, noreferrer\" href=\"https:\/\/www.tous.com\/es-es\/colgante-con-bano-de-oro-18-kt-sobre-plata-y-rodonita-virtual-garden\/p\/211524590\">Tous, <\/a><a rel=\"noopener, noreferrer\" href=\"https:\/\/www.instagram.com\/p\/C7e3KQJMz56\/?hl=es&amp;img_index=5\">@albadiazmartin<\/a><\/p>\n<p>En Trendencias | <a href=\"https:\/\/www.trendencias.com\/tendencias\/estos-colores-tendencia-primavera-verano-2024-preparate-para-dosis-extra-color\">Estos son los colores en tendencia de la primavera-verano 2024: prep\u00e1rate para una dosis extra de energ\u00eda<\/a><\/p>\n<p>En Trendencias |<a href=\"https:\/\/www.trendencias.com\/eventos\/cuando-empiezan-rebajas-verano-zara\"> Cu\u00e1ndo empiezan las rebajas de verano de Zara 2024<\/a><\/p>\n<p>En Trendencias | <a href=\"https:\/\/www.trendencias.com\/propuestas-y-consejos\/blusas-que-tendencia-este-otono-invierno-2022-2023-todo-a-transparencias-volantes\">Doce blusas de moda que son tendencia en 2024: todo a las transparencias, los volantes y los plisados<\/a>.<\/p>\n","protected":false},"excerpt":{"rendered":"<p>Con la llegada de las temperaturas altas, lucimos m\u00e1s escote gracias a camisetas, tops y blusas estivales, que nos acompa\u00f1an ya durante todo el verano. Y el accesorio ideal para completar un look estival son los collares y colgantes, tanto para lucirlos solos como combinados. Las joyitas se han convertido en complementos esenciales en nuestros [&hellip;]<\/p>\n","protected":false},"author":1,"featured_media":78538,"comment_status":"closed","ping_status":"closed","sticky":false,"template":"","format":"standard","meta":[],"categories":[],"tags":[],"_links":{"self":[{"href":"http:\/\/hoycordobaweb.com\/index.php\/wp-json\/wp\/v2\/posts\/78537"}],"collection":[{"href":"http:\/\/hoycordobaweb.com\/index.php\/wp-json\/wp\/v2\/posts"}],"about":[{"href":"http:\/\/hoycordobaweb.com\/index.php\/wp-json\/wp\/v2\/types\/post"}],"author":[{"embeddable":true,"href":"http:\/\/hoycordobaweb.com\/index.php\/wp-json\/wp\/v2\/users\/1"}],"replies":[{"embeddable":true,"href":"http:\/\/hoycordobaweb.com\/index.php\/wp-json\/wp\/v2\/comments?post=78537"}],"version-history":[{"count":0,"href":"http:\/\/hoycordobaweb.com\/index.php\/wp-json\/wp\/v2\/posts\/78537\/revisions"}],"wp:featuredmedia":[{"embeddable":true,"href":"http:\/\/hoycordobaweb.com\/index.php\/wp-json\/wp\/v2\/media\/78538"}],"wp:attachment":[{"href":"http:\/\/hoycordobaweb.com\/index.php\/wp-json\/wp\/v2\/media?parent=78537"}],"wp:term":[{"taxonomy":"category","embeddable":true,"href":"http:\/\/hoycordobaweb.com\/index.php\/wp-json\/wp\/v2\/categories?post=78537"},{"taxonomy":"post_tag","embeddable":true,"href":"http:\/\/hoycordobaweb.com\/index.php\/wp-json\/wp\/v2\/tags?post=78537"}],"curies":[{"name":"wp","href":"https:\/\/api.w.org\/{rel}","templated":true}]}}