{"id":78535,"date":"2024-06-05T19:23:29","date_gmt":"2024-06-05T19:23:29","guid":{"rendered":"https:\/\/www.trendencias.com\/diseno\/esta-tumbona-plegable-comoda-lidl-perfecta-para-ahorrar-espacio-terraza"},"modified":"2024-06-05T19:23:29","modified_gmt":"2024-06-05T19:23:29","slug":"esta-es-la-tumbona-plegable-mas-comoda-de-lidl-y-es-perfecta-para-ahorrar-espacio-en-la-terraza","status":"publish","type":"post","link":"http:\/\/hoycordobaweb.com\/index.php\/2024\/06\/05\/esta-es-la-tumbona-plegable-mas-comoda-de-lidl-y-es-perfecta-para-ahorrar-espacio-en-la-terraza\/","title":{"rendered":"Esta es la tumbona plegable m\u00e1s c\u00f3moda de Lidl y es perfecta para ahorrar espacio en la terraza"},"content":{"rendered":"<p>Con la llegada del buen tiempo, del sol y del calor, es el momento de estrenar los muebles del jard\u00edn y de la terraza. Si eres de los afortunados que tienen en casa un espacio al aire libre, sin duda es la mejor zona para disfrutar de comidas, cenar al aire libre y momentos de relax para tomar el sol, leer o escuchar m\u00fasica. Para ello se necesitan piezas especiales y as\u00ed convertirlo en tu nuevo espacio de desconexi\u00f3n.<\/p>\n<p><!-- BREAK 1 --> <\/p>\n<div class=\"article-asset article-asset-normal article-asset-center\">\n<div class=\"desvio-container\">\n<div class=\"desvio\">\n<div class=\"desvio-figure js-desvio-figure\"> <a href=\"https:\/\/www.trendencias.com\/diseno\/lidl-tiene-sombrilla-fashion-este-verano-gracias-a-detalle-que-marca-diferencia\"> <img loading=\"lazy\" alt=\"Lidl tiene la sombrilla m\u00e1s fashion de este verano gracias a un detalle que marca la diferencia\" width=\"375\" height=\"142\" src=\"http:\/\/hoycordobaweb.com\/wp-content\/uploads\/2024\/06\/esta-es-la-tumbona-plegable-mas-comoda-de-lidl-y-es-perfecta-para-ahorrar-espacio-en-la-terraza.png\"> <\/a> <\/div><\/div><\/div>\n<\/div>\n<div class=\"article-asset-image article-asset-normal article-asset-center\">\n<div class=\"asset-content\"> <img class=\"centro_sinmarco\" height=\"1125\" width=\"1500\" loading=\"lazy\" decoding=\"async\" sizes=\"100vw\" fetchpriority=\"high\" srcset=\"http:\/\/hoycordobaweb.com\/wp-content\/uploads\/2024\/06\/esta-es-la-tumbona-plegable-mas-comoda-de-lidl-y-es-perfecta-para-ahorrar-espacio-en-la-terraza-1.png 450w, http:\/\/hoycordobaweb.com\/wp-content\/uploads\/2024\/06\/esta-es-la-tumbona-plegable-mas-comoda-de-lidl-y-es-perfecta-para-ahorrar-espacio-en-la-terraza-3.png 681w, http:\/\/hoycordobaweb.com\/wp-content\/uploads\/2024\/06\/esta-es-la-tumbona-plegable-mas-comoda-de-lidl-y-es-perfecta-para-ahorrar-espacio-en-la-terraza-4.png 1024w, http:\/\/hoycordobaweb.com\/wp-content\/uploads\/2024\/06\/esta-es-la-tumbona-plegable-mas-comoda-de-lidl-y-es-perfecta-para-ahorrar-espacio-en-la-terraza-5.png 1366w\" src=\"http:\/\/hoycordobaweb.com\/wp-content\/uploads\/2024\/06\/esta-es-la-tumbona-plegable-mas-comoda-de-lidl-y-es-perfecta-para-ahorrar-espacio-en-la-terraza-1.png\" alt=\"Tumbona Plegable Con Cojin Zoom\"> <noscript><img alt=\"Tumbona Plegable Con Cojin Zoom\" class=\"centro_sinmarco\" src=\"http:\/\/hoycordobaweb.com\/wp-content\/uploads\/2024\/06\/esta-es-la-tumbona-plegable-mas-comoda-de-lidl-y-es-perfecta-para-ahorrar-espacio-en-la-terraza-1.png\"><\/noscript> <\/div>\n<\/div>\n<p>Una decoraci\u00f3n bonita es esencial para convertir este espacio en el lugar preferido de la casa, pero si se acompa\u00f1a de sillas y hamacas bonitas y c\u00f3modas para disfrutar de todos los momentos, mucho mejor.<\/p>\n<p><!-- BREAK 2 --><\/p>\n<p>Lidl siempre nos sorprende cada temporada con piezas especiales que arrasan en ventas. Y no es para menos, ya que siempre vienen acompa\u00f1adas de detalles que marcan la diferencia.<\/p>\n<p><!-- BREAK 3 --> <\/p>\n<div class=\"article-asset-image article-asset-normal article-asset-center\">\n<div class=\"asset-content\"> <img class=\"centro_sinmarco\" height=\"1125\" width=\"1500\" loading=\"lazy\" decoding=\"async\" sizes=\"100vw\" fetchpriority=\"high\" srcset=\"http:\/\/hoycordobaweb.com\/wp-content\/uploads\/2024\/06\/esta-es-la-tumbona-plegable-mas-comoda-de-lidl-y-es-perfecta-para-ahorrar-espacio-en-la-terraza-2.png 450w, http:\/\/hoycordobaweb.com\/wp-content\/uploads\/2024\/06\/esta-es-la-tumbona-plegable-mas-comoda-de-lidl-y-es-perfecta-para-ahorrar-espacio-en-la-terraza-6.png 681w, http:\/\/hoycordobaweb.com\/wp-content\/uploads\/2024\/06\/esta-es-la-tumbona-plegable-mas-comoda-de-lidl-y-es-perfecta-para-ahorrar-espacio-en-la-terraza-7.png 1024w, http:\/\/hoycordobaweb.com\/wp-content\/uploads\/2024\/06\/esta-es-la-tumbona-plegable-mas-comoda-de-lidl-y-es-perfecta-para-ahorrar-espacio-en-la-terraza-8.png 1366w\" src=\"http:\/\/hoycordobaweb.com\/wp-content\/uploads\/2024\/06\/esta-es-la-tumbona-plegable-mas-comoda-de-lidl-y-es-perfecta-para-ahorrar-espacio-en-la-terraza-2.png\" alt=\"Tumbona Plegable Con Cojin Zoom\"> <noscript><img alt=\"Tumbona Plegable Con Cojin Zoom\" class=\"centro_sinmarco\" src=\"http:\/\/hoycordobaweb.com\/wp-content\/uploads\/2024\/06\/esta-es-la-tumbona-plegable-mas-comoda-de-lidl-y-es-perfecta-para-ahorrar-espacio-en-la-terraza-2.png\"><\/noscript> <\/div>\n<\/div>\n<p>Y hoy os muestro la tumbona que he fichado para llevarme a la playa. Una tumbona plegable, que la hace especialmente c\u00f3moda para el ahorro de espacio, con coj\u00edn negro acolchado y muelles resistentes alrededor de todo el armaz\u00f3n. Una pieza con pies protectores que no rayan el suelo y funda de algod\u00f3n puro. Un dise\u00f1o cuyo precio es de <a rel=\"nofollow, sponsored, noopener, noreferrer noopener\" target=\"_blank\" class=\"js-ecommerce\" href=\"https:\/\/www.trendencias.com\/redirect?url=https%3A%2F%2Fwww.lidl.es%2Fes%2Ftumbona-plegable-con-cojin-negro%2Fp37795%3FsearchTrackingQuery%3Dtumbona%26searchTrackingId%3DProduct.37795%26searchTrackingPos%3D13%26searchTrackingOrigPos%3D13%26searchTrackingRelevancy%3D%26searchTrackingPage%3D1%26searchTrackingPageSize%3D24%26searchTrackingOrigPageSize%3D24&amp;category=diseno&amp;ecomPostExpiration=perish&amp;postId=627820\" data-vars-affiliate-url=\"https:\/\/www.trendencias.com\/redirect?url=https%3A%2F%2Fwww.lidl.es%2Fes%2Ftumbona-plegable-con-cojin-negro%2Fp37795%3FsearchTrackingQuery%3Dtumbona%26searchTrackingId%3DProduct.37795%26searchTrackingPos%3D13%26searchTrackingOrigPos%3D13%26searchTrackingRelevancy%3D%26searchTrackingPage%3D1%26searchTrackingPageSize%3D24%26searchTrackingOrigPageSize%3D24&amp;category=diseno&amp;ecomPostExpiration=perish&amp;postId=627820\">54,99 euros.<\/a><\/p>\n<p><!-- BREAK 4 --><\/p>\n<p>Fotos | <a rel=\"noopener, noreferrer\" href=\"https:\/\/www.instagram.com\/p\/C5xqntxMpOj\/?hl=es\">@zarahome, <\/a><a rel=\"nofollow, sponsored, noopener, noreferrer noopener\" target=\"_blank\" class=\"js-ecommerce\" href=\"https:\/\/www.trendencias.com\/redirect?url=https%3A%2F%2Fwww.lidl.es%2Fes%2Ftumbona-plegable-con-cojin-negro%2Fp37795%3FsearchTrackingQuery%3Dtumbona%26searchTrackingId%3DProduct.37795%26searchTrackingPos%3D13%26searchTrackingOrigPos%3D13%26searchTrackingRelevancy%3D%26searchTrackingPage%3D1%26searchTrackingPageSize%3D24%26searchTrackingOrigPageSize%3D24&amp;category=diseno&amp;ecomPostExpiration=perish&amp;postId=627820\" data-vars-affiliate-url=\"https:\/\/www.trendencias.com\/redirect?url=https%3A%2F%2Fwww.lidl.es%2Fes%2Ftumbona-plegable-con-cojin-negro%2Fp37795%3FsearchTrackingQuery%3Dtumbona%26searchTrackingId%3DProduct.37795%26searchTrackingPos%3D13%26searchTrackingOrigPos%3D13%26searchTrackingRelevancy%3D%26searchTrackingPage%3D1%26searchTrackingPageSize%3D24%26searchTrackingOrigPageSize%3D24&amp;category=diseno&amp;ecomPostExpiration=perish&amp;postId=627820\">Lidl<\/a><\/p>\n<p>En Trendencias | <a href=\"https:\/\/www.trendencias.com\/propuestas-y-consejos\/gafas-graduadas-que-seran-tendencia-2023-modelos-retro-marcaran-pauta\">Gafas graduadas que son tendencia en 2024: los modelos retro marcan la pauta<\/a>.<\/p>\n<p>En Trendencias | <a href=\"https:\/\/www.trendencias.com\/shopping\/dyson-airwrap-vs-cecotec-bamba-que-secador-moldeador-comprar-dependiendo-tus-necesidades\">Dyson Airwrap Vs Cecotec Bamba: qu\u00e9 secador moldeador comprar dependiendo de tus necesidades<\/a><\/p>\n","protected":false},"excerpt":{"rendered":"<p>Con la llegada del buen tiempo, del sol y del calor, es el momento de estrenar los muebles del jard\u00edn y de la terraza. Si eres de los afortunados que tienen en casa un espacio al aire libre, sin duda es la mejor zona para disfrutar de comidas, cenar al aire libre y momentos de [&hellip;]<\/p>\n","protected":false},"author":1,"featured_media":78536,"comment_status":"closed","ping_status":"closed","sticky":false,"template":"","format":"standard","meta":[],"categories":[],"tags":[],"_links":{"self":[{"href":"http:\/\/hoycordobaweb.com\/index.php\/wp-json\/wp\/v2\/posts\/78535"}],"collection":[{"href":"http:\/\/hoycordobaweb.com\/index.php\/wp-json\/wp\/v2\/posts"}],"about":[{"href":"http:\/\/hoycordobaweb.com\/index.php\/wp-json\/wp\/v2\/types\/post"}],"author":[{"embeddable":true,"href":"http:\/\/hoycordobaweb.com\/index.php\/wp-json\/wp\/v2\/users\/1"}],"replies":[{"embeddable":true,"href":"http:\/\/hoycordobaweb.com\/index.php\/wp-json\/wp\/v2\/comments?post=78535"}],"version-history":[{"count":0,"href":"http:\/\/hoycordobaweb.com\/index.php\/wp-json\/wp\/v2\/posts\/78535\/revisions"}],"wp:featuredmedia":[{"embeddable":true,"href":"http:\/\/hoycordobaweb.com\/index.php\/wp-json\/wp\/v2\/media\/78536"}],"wp:attachment":[{"href":"http:\/\/hoycordobaweb.com\/index.php\/wp-json\/wp\/v2\/media?parent=78535"}],"wp:term":[{"taxonomy":"category","embeddable":true,"href":"http:\/\/hoycordobaweb.com\/index.php\/wp-json\/wp\/v2\/categories?post=78535"},{"taxonomy":"post_tag","embeddable":true,"href":"http:\/\/hoycordobaweb.com\/index.php\/wp-json\/wp\/v2\/tags?post=78535"}],"curies":[{"name":"wp","href":"https:\/\/api.w.org\/{rel}","templated":true}]}}