{"id":78483,"date":"2024-06-04T15:30:26","date_gmt":"2024-06-04T15:30:26","guid":{"rendered":"https:\/\/www.mujerhoy.com\/moda\/no-te-pierdas\/conjuntos-bordados-blancos-bonitos-favorecedores-verano-hym-zara-20240604172901-nt.html"},"modified":"2024-06-04T15:30:26","modified_gmt":"2024-06-04T15:30:26","slug":"los-conjuntos-bordados-mas-bonitos-del-verano","status":"publish","type":"post","link":"http:\/\/hoycordobaweb.com\/index.php\/2024\/06\/04\/los-conjuntos-bordados-mas-bonitos-del-verano\/","title":{"rendered":"Los conjuntos bordados m\u00e1s bonitos del verano"},"content":{"rendered":"<p><!-- AUTHOR --> <\/p>\n<div class=\"voc-author-timesocial \"> <!-- AUTHOR --> <\/p>\n<div class=\"voc-author-timesocial__signature \">\n<div class=\"voc-author-timesocial__img-c\"> <!-- IMAGE AUTHOR --> <picture class=\"voc-image-signature\"> <img class=\"voc-image-signature__img\" src=\"http:\/\/hoycordobaweb.com\/wp-content\/uploads\/2024\/06\/los-conjuntos-bordados-mas-bonitos-del-verano.jpg\" alt=\"Elena Olivero\"> <\/picture> <\/div>\n<p> <!-- INFO AUTHOR --> <\/div><\/div>\n<p> <!-- COMPONENTS --> <\/p>\n<p class=\"voc-paragraph\">El estilo rom\u00e1ntico m\u00e1s femenino y delicado y la <strong>est\u00e9tica ibicenca veraniega<\/strong> confluyen esta temporada. Por eso, los <a data-voc-vtm-id=\"in-text-traffic\" href=\"https:\/\/www.mujerhoy.com\/moda\/no-te-pierdas\/vestidos-blancos-compraria-temporada-primavera-verano-20240419071947-nt.html\">vestidos blancos m\u00e1s bonitos<\/a> son lo m\u00e1s para lucir en verano. Pero, la versi\u00f3n que realmente triunfa en Instagram son los conjuntos. Es la forma m\u00e1s f\u00e1cil de vestir favorecida durante el verano, con la piel bronceada. Y, adem\u00e1s es un look c\u00f3modo y fresquito con el que combinar las <a data-voc-vtm-id=\"in-text-traffic\" href=\"https:\/\/www.mujerhoy.com\/moda\/no-te-pierdas\/sandalias-planas-verano-lowcost-parfois-zara-mango-20240514180801-nt.html\">sandalias planas de moda<\/a> o tus alpargatas con cu\u00f1a favoritas.\n<\/p>\n<p class=\"voc-paragraph\">El protagonista de este outfit es el bordado, bien sean detalles de encaje, puntillas, troquelados, <a data-voc-vtm-id=\"in-text-traffic\" href=\"https:\/\/www.mujerhoy.com\/moda\/no-te-pierdas\/vestidos-bordado-ingles-primavera-20240428133659-nt.html\">bordado ingl\u00e9s o suizo<\/a>. Y, por supuesto, se acompa\u00f1an del tono blanco que mejor sienta durante los meses de calor. Por eso, para ir a la moda sin tener que arriesgar y verte guap\u00edsima, estos <strong>conjuntos bordados<\/strong> son la opci\u00f3n favorita de las influencers que te resolver\u00e1 las crisis de vestuario.\n<\/p>\n<div class=\"voc-detail-photo-zoom\"> <picture data-toggle=\"modal\" data-target=\"#photoZoomModal-763\" target=\"modal\">\n<div class=\"voc-img-icon-link\"> <img loading=\"lazy\" src=\"http:\/\/hoycordobaweb.com\/wp-content\/uploads\/2024\/06\/los-conjuntos-bordados-mas-bonitos-del-verano.webp\" width=\"650\" height=\"900\" alt=\"Conjunto bordado de estilo pijamero\"> <noscript> <img src=\"http:\/\/hoycordobaweb.com\/wp-content\/uploads\/2024\/06\/los-conjuntos-bordados-mas-bonitos-del-verano.webp\" alt=\"Conjunto bordado de estilo pijamero\"> <\/noscript> <i class=\"voc-icons zoom voc-multimedia-box voc-ico-l\"><\/i> <\/div><figcaption class=\"figure-caption\">Conjunto bordado de estilo pijamero<\/figcaption><\/picture>\n<\/div>\n<div id=\"photoZoomModal-763\" class=\"voc-lightbox modal fade voc-lightbox--photo-zoom\" role=\"dialog\" data-voc-photozoom-lightbox>\n<div class=\"voc-lightbox__dialog\" role=\"document\">\n<div class=\"voc-lightbox__content\"> <!-- Modal header --> <!-- Modal content --> <\/p>\n<div class=\"voc-lightbox__photo-container\"> <picture class> <img loading=\"lazy\" src=\"http:\/\/hoycordobaweb.com\/wp-content\/uploads\/2024\/06\/los-conjuntos-bordados-mas-bonitos-del-verano.webp\" alt=\"Conjunto bordado de estilo pijamero\"> <noscript> <img src=\"http:\/\/hoycordobaweb.com\/wp-content\/uploads\/2024\/06\/los-conjuntos-bordados-mas-bonitos-del-verano.webp\" alt=\"Conjunto bordado de estilo pijamero\"> <\/noscript> <\/picture> <\/div><\/div><\/div>\n<\/div>\n<p><h3 class=\"voc-detail__title\"> Pijamero:<br \/>\n<\/h3>\n<\/p>\n<p class=\"voc-paragraph\">Conjunto bordado con detalles calados en color blanco, de Zara. Se compone de una camisa oversize de manga larga y un pantal\u00f3n pijamero con forro y cintura el\u00e1stica. C\u00f3mpralo a <strong>29,95 euros y 35,95 euros<\/strong>, de la XS a la XL.\n<\/p>\n<div class=\"voc-detail-photo-zoom\"> <picture data-toggle=\"modal\" data-target=\"#photoZoomModal-676\" target=\"modal\">\n<div class=\"voc-img-icon-link\"> <img loading=\"lazy\" src=\"http:\/\/hoycordobaweb.com\/wp-content\/uploads\/2024\/06\/los-conjuntos-bordados-mas-bonitos-del-verano-1.jpg\" width=\"650\" height=\"900\" alt=\"Conjunto bordado con camisa y falda de volante\"> <noscript> <img src=\"http:\/\/hoycordobaweb.com\/wp-content\/uploads\/2024\/06\/los-conjuntos-bordados-mas-bonitos-del-verano-1.jpg\" alt=\"Conjunto bordado con camisa y falda de volante\"> <\/noscript> <i class=\"voc-icons zoom voc-multimedia-box voc-ico-l\"><\/i> <\/div><figcaption class=\"figure-caption\">Conjunto bordado con camisa y falda de volante<\/figcaption><\/picture>\n<\/div>\n<div id=\"photoZoomModal-676\" class=\"voc-lightbox modal fade voc-lightbox--photo-zoom\" role=\"dialog\" data-voc-photozoom-lightbox>\n<div class=\"voc-lightbox__dialog\" role=\"document\">\n<div class=\"voc-lightbox__content\"> <!-- Modal header --> <!-- Modal content --> <\/p>\n<div class=\"voc-lightbox__photo-container\"> <picture class> <img loading=\"lazy\" src=\"http:\/\/hoycordobaweb.com\/wp-content\/uploads\/2024\/06\/los-conjuntos-bordados-mas-bonitos-del-verano-1.jpg\" alt=\"Conjunto bordado con camisa y falda de volante\"> <noscript> <img src=\"http:\/\/hoycordobaweb.com\/wp-content\/uploads\/2024\/06\/los-conjuntos-bordados-mas-bonitos-del-verano-1.jpg\" alt=\"Conjunto bordado con camisa y falda de volante\"> <\/noscript> <\/picture> <\/div><\/div><\/div>\n<\/div>\n<p><h3 class=\"voc-detail__title\"> Con volante:<br \/>\n<\/h3>\n<\/p>\n<p class=\"voc-paragraph\">Conjunto en tejido bordado con perforados en color blanco, de Zara. Cuenta con una camisa de manga larga con bajo festoneado y una falda pantal\u00f3n corta de volantes. Lo encontrar\u00e1s a <strong>29,95 euros y 25,95 euros<\/strong>, de la XS a la XL.\n<\/p>\n<div class=\"voc-detail-photo-zoom\"> <picture data-toggle=\"modal\" data-target=\"#photoZoomModal-678\" target=\"modal\">\n<div class=\"voc-img-icon-link\"> <img loading=\"lazy\" src=\"http:\/\/hoycordobaweb.com\/wp-content\/uploads\/2024\/06\/los-conjuntos-bordados-mas-bonitos-del-verano-1.webp\" width=\"650\" height=\"900\" alt=\"Conjunto bordado floral con shorts y camisa\"> <noscript> <img src=\"http:\/\/hoycordobaweb.com\/wp-content\/uploads\/2024\/06\/los-conjuntos-bordados-mas-bonitos-del-verano-1.webp\" alt=\"Conjunto bordado floral con shorts y camisa\"> <\/noscript> <i class=\"voc-icons zoom voc-multimedia-box voc-ico-l\"><\/i> <\/div><figcaption class=\"figure-caption\">Conjunto bordado floral con shorts y camisa<\/figcaption><\/picture>\n<\/div>\n<div id=\"photoZoomModal-678\" class=\"voc-lightbox modal fade voc-lightbox--photo-zoom\" role=\"dialog\" data-voc-photozoom-lightbox>\n<div class=\"voc-lightbox__dialog\" role=\"document\">\n<div class=\"voc-lightbox__content\"> <!-- Modal header --> <!-- Modal content --> <\/p>\n<div class=\"voc-lightbox__photo-container\"> <picture class> <img loading=\"lazy\" src=\"http:\/\/hoycordobaweb.com\/wp-content\/uploads\/2024\/06\/los-conjuntos-bordados-mas-bonitos-del-verano-1.webp\" alt=\"Conjunto bordado floral con shorts y camisa\"> <noscript> <img src=\"http:\/\/hoycordobaweb.com\/wp-content\/uploads\/2024\/06\/los-conjuntos-bordados-mas-bonitos-del-verano-1.webp\" alt=\"Conjunto bordado floral con shorts y camisa\"> <\/noscript> <\/picture> <\/div><\/div><\/div>\n<\/div>\n<p><h3 class=\"voc-detail__title\"> Festoneado:<br \/>\n<\/h3>\n<\/p>\n<p class=\"voc-paragraph\">Conjunto con bordado floral en color blanco, de Zara. Est\u00e1 compuesto por una camisa de manga corta y unos shorts, ambos con terminaciones festoneadas. Cuesta <strong>39,95 euros y 29,95 euros<\/strong>, de la XS a la XL.\n<\/p>\n<div class=\"voc-detail-photo-zoom\"> <picture data-toggle=\"modal\" data-target=\"#photoZoomModal-119\" target=\"modal\">\n<div class=\"voc-img-icon-link\"> <img loading=\"lazy\" src=\"http:\/\/hoycordobaweb.com\/wp-content\/uploads\/2024\/06\/los-conjuntos-bordados-mas-bonitos-del-verano-2.webp\" width=\"650\" height=\"900\" alt=\"Conjunto bordado de popel\u00edn con top y falda midi\"> <noscript> <img src=\"http:\/\/hoycordobaweb.com\/wp-content\/uploads\/2024\/06\/los-conjuntos-bordados-mas-bonitos-del-verano-2.webp\" alt=\"Conjunto bordado de popel\u00edn con top y falda midi\"> <\/noscript> <i class=\"voc-icons zoom voc-multimedia-box voc-ico-l\"><\/i> <\/div><figcaption class=\"figure-caption\">Conjunto bordado de popel\u00edn con top y falda midi<\/figcaption><\/picture>\n<\/div>\n<div id=\"photoZoomModal-119\" class=\"voc-lightbox modal fade voc-lightbox--photo-zoom\" role=\"dialog\" data-voc-photozoom-lightbox>\n<div class=\"voc-lightbox__dialog\" role=\"document\">\n<div class=\"voc-lightbox__content\"> <!-- Modal header --> <!-- Modal content --> <\/p>\n<div class=\"voc-lightbox__photo-container\"> <picture class> <img loading=\"lazy\" src=\"http:\/\/hoycordobaweb.com\/wp-content\/uploads\/2024\/06\/los-conjuntos-bordados-mas-bonitos-del-verano-2.webp\" alt=\"Conjunto bordado de popel\u00edn con top y falda midi\"> <noscript> <img src=\"http:\/\/hoycordobaweb.com\/wp-content\/uploads\/2024\/06\/los-conjuntos-bordados-mas-bonitos-del-verano-2.webp\" alt=\"Conjunto bordado de popel\u00edn con top y falda midi\"> <\/noscript> <\/picture> <\/div><\/div><\/div>\n<\/div>\n<p><h3 class=\"voc-detail__title\"> De popel\u00edn:<br \/>\n<\/h3>\n<\/p>\n<p class=\"voc-paragraph\">Conjunto de popel\u00edn blanco con bordado ingl\u00e9s, de H&amp;M. Incorpora un cropped top de manga sisa y una falda midi de vuelo acabada en volante ancho. Su precio es de <strong>25,99 euros y 49,99 euros<\/strong>.\n<\/p>\n<div class=\"voc-detail-photo-zoom\"> <picture data-toggle=\"modal\" data-target=\"#photoZoomModal-224\" target=\"modal\">\n<div class=\"voc-img-icon-link\"> <img loading=\"lazy\" src=\"http:\/\/hoycordobaweb.com\/wp-content\/uploads\/2024\/06\/los-conjuntos-bordados-mas-bonitos-del-verano-3.webp\" width=\"650\" height=\"900\" alt=\"Conjunto bordado con top corsetero y falda corta\"> <noscript> <img src=\"http:\/\/hoycordobaweb.com\/wp-content\/uploads\/2024\/06\/los-conjuntos-bordados-mas-bonitos-del-verano-3.webp\" alt=\"Conjunto bordado con top corsetero y falda corta\"> <\/noscript> <i class=\"voc-icons zoom voc-multimedia-box voc-ico-l\"><\/i> <\/div><figcaption class=\"figure-caption\">Conjunto bordado con top corsetero y falda corta<\/figcaption><\/picture>\n<\/div>\n<div id=\"photoZoomModal-224\" class=\"voc-lightbox modal fade voc-lightbox--photo-zoom\" role=\"dialog\" data-voc-photozoom-lightbox>\n<div class=\"voc-lightbox__dialog\" role=\"document\">\n<div class=\"voc-lightbox__content\"> <!-- Modal header --> <!-- Modal content --> <\/p>\n<div class=\"voc-lightbox__photo-container\"> <picture class> <img loading=\"lazy\" src=\"http:\/\/hoycordobaweb.com\/wp-content\/uploads\/2024\/06\/los-conjuntos-bordados-mas-bonitos-del-verano-3.webp\" alt=\"Conjunto bordado con top corsetero y falda corta\"> <noscript> <img src=\"http:\/\/hoycordobaweb.com\/wp-content\/uploads\/2024\/06\/los-conjuntos-bordados-mas-bonitos-del-verano-3.webp\" alt=\"Conjunto bordado con top corsetero y falda corta\"> <\/noscript> <\/picture> <\/div><\/div><\/div>\n<\/div>\n<p><h3 class=\"voc-detail__title\"> Corsetero:<br \/>\n<\/h3>\n<\/p>\n<p class=\"voc-paragraph\">Conjunto de algod\u00f3n bordado blanco, de H&amp;M. Tiene un top corsetero de tirantes con cordones entrelazados y una falda corta de paneles con cintura el\u00e1stica ajustable. Lo conseguir\u00e1s a <strong>29,99 euros, cada prenda<\/strong>.\n<\/p>\n<div class=\"voc-detail-photo-zoom\"> <picture data-toggle=\"modal\" data-target=\"#photoZoomModal-833\" target=\"modal\">\n<div class=\"voc-img-icon-link\"> <img loading=\"lazy\" src=\"http:\/\/hoycordobaweb.com\/wp-content\/uploads\/2024\/06\/los-conjuntos-bordados-mas-bonitos-del-verano-4.webp\" width=\"650\" height=\"900\" alt=\"Conjunto bordado con detalle de semitransparencias\"> <noscript> <img src=\"http:\/\/hoycordobaweb.com\/wp-content\/uploads\/2024\/06\/los-conjuntos-bordados-mas-bonitos-del-verano-4.webp\" alt=\"Conjunto bordado con detalle de semitransparencias\"> <\/noscript> <i class=\"voc-icons zoom voc-multimedia-box voc-ico-l\"><\/i> <\/div><figcaption class=\"figure-caption\">Conjunto bordado con detalle de semitransparencias<\/figcaption><\/picture>\n<\/div>\n<div id=\"photoZoomModal-833\" class=\"voc-lightbox modal fade voc-lightbox--photo-zoom\" role=\"dialog\" data-voc-photozoom-lightbox>\n<div class=\"voc-lightbox__dialog\" role=\"document\">\n<div class=\"voc-lightbox__content\"> <!-- Modal header --> <!-- Modal content --> <\/p>\n<div class=\"voc-lightbox__photo-container\"> <picture class> <img loading=\"lazy\" src=\"http:\/\/hoycordobaweb.com\/wp-content\/uploads\/2024\/06\/los-conjuntos-bordados-mas-bonitos-del-verano-4.webp\" alt=\"Conjunto bordado con detalle de semitransparencias\"> <noscript> <img src=\"http:\/\/hoycordobaweb.com\/wp-content\/uploads\/2024\/06\/los-conjuntos-bordados-mas-bonitos-del-verano-4.webp\" alt=\"Conjunto bordado con detalle de semitransparencias\"> <\/noscript> <\/picture> <\/div><\/div><\/div>\n<\/div>\n<p><h3 class=\"voc-detail__title\"> Semitransparente:<br \/>\n<\/h3>\n<\/p>\n<p class=\"voc-paragraph\">Conjunto blanco en tejido ligero con bordados, de H&amp;M. Incluye un top de volantes con escote de pico y un pantal\u00f3n largo de perneras anchas con semitransparencias. Hazte con \u00e9l por <strong>25,99 euros y 35,99 euros<\/strong>.\n<\/p>\n<div class=\"voc-detail-photo-zoom\"> <picture data-toggle=\"modal\" data-target=\"#photoZoomModal-757\" target=\"modal\">\n<div class=\"voc-img-icon-link\"> <img loading=\"lazy\" src=\"http:\/\/hoycordobaweb.com\/wp-content\/uploads\/2024\/06\/los-conjuntos-bordados-mas-bonitos-del-verano-2.jpg\" width=\"650\" height=\"900\" alt=\"Conjunto bordado con encaje en tejido fluido\"> <noscript> <img src=\"http:\/\/hoycordobaweb.com\/wp-content\/uploads\/2024\/06\/los-conjuntos-bordados-mas-bonitos-del-verano-2.jpg\" alt=\"Conjunto bordado con encaje en tejido fluido\"> <\/noscript> <i class=\"voc-icons zoom voc-multimedia-box voc-ico-l\"><\/i> <\/div><figcaption class=\"figure-caption\">Conjunto bordado con encaje en tejido fluido<\/figcaption><\/picture>\n<\/div>\n<div id=\"photoZoomModal-757\" class=\"voc-lightbox modal fade voc-lightbox--photo-zoom\" role=\"dialog\" data-voc-photozoom-lightbox>\n<div class=\"voc-lightbox__dialog\" role=\"document\">\n<div class=\"voc-lightbox__content\"> <!-- Modal header --> <!-- Modal content --> <\/p>\n<div class=\"voc-lightbox__photo-container\"> <picture class> <img loading=\"lazy\" src=\"http:\/\/hoycordobaweb.com\/wp-content\/uploads\/2024\/06\/los-conjuntos-bordados-mas-bonitos-del-verano-2.jpg\" alt=\"Conjunto bordado con encaje en tejido fluido\"> <noscript> <img src=\"http:\/\/hoycordobaweb.com\/wp-content\/uploads\/2024\/06\/los-conjuntos-bordados-mas-bonitos-del-verano-2.jpg\" alt=\"Conjunto bordado con encaje en tejido fluido\"> <\/noscript> <\/picture> <\/div><\/div><\/div>\n<\/div>\n<p><h3 class=\"voc-detail__title\"> En tejido bambula:<br \/>\n<\/h3>\n<\/p>\n<p class=\"voc-paragraph\">Conjunto bordado en tejido fluido con detalles de puntilla combinados, color blanco, de Lefties. Cuenta con un top de tirantes amplio y una maxifalda amplia con cintura el\u00e1stica tipo nido de abeja. Est\u00e1 disponible a <strong>8,99 euros y 15,99 euros<\/strong>.\n<\/p>\n<div class=\"voc-detail-photo-zoom\"> <picture data-toggle=\"modal\" data-target=\"#photoZoomModal-45\" target=\"modal\">\n<div class=\"voc-img-icon-link\"> <img loading=\"lazy\" src=\"http:\/\/hoycordobaweb.com\/wp-content\/uploads\/2024\/06\/los-conjuntos-bordados-mas-bonitos-del-verano-3.jpg\" width=\"650\" height=\"900\" alt=\"Conjunto bordado con camisa y culottes\"> <noscript> <img src=\"http:\/\/hoycordobaweb.com\/wp-content\/uploads\/2024\/06\/los-conjuntos-bordados-mas-bonitos-del-verano-3.jpg\" alt=\"Conjunto bordado con camisa y culottes\"> <\/noscript> <i class=\"voc-icons zoom voc-multimedia-box voc-ico-l\"><\/i> <\/div><figcaption class=\"figure-caption\">Conjunto bordado con camisa y culottes<\/figcaption><\/picture>\n<\/div>\n<div id=\"photoZoomModal-45\" class=\"voc-lightbox modal fade voc-lightbox--photo-zoom\" role=\"dialog\" data-voc-photozoom-lightbox>\n<div class=\"voc-lightbox__dialog\" role=\"document\">\n<div class=\"voc-lightbox__content\"> <!-- Modal header --> <!-- Modal content --> <\/p>\n<div class=\"voc-lightbox__photo-container\"> <picture class> <img loading=\"lazy\" src=\"http:\/\/hoycordobaweb.com\/wp-content\/uploads\/2024\/06\/los-conjuntos-bordados-mas-bonitos-del-verano-3.jpg\" alt=\"Conjunto bordado con camisa y culottes\"> <noscript> <img src=\"http:\/\/hoycordobaweb.com\/wp-content\/uploads\/2024\/06\/los-conjuntos-bordados-mas-bonitos-del-verano-3.jpg\" alt=\"Conjunto bordado con camisa y culottes\"> <\/noscript> <\/picture> <\/div><\/div><\/div>\n<\/div>\n<p><h3 class=\"voc-detail__title\"> Con culottes:<br \/>\n<\/h3>\n<\/p>\n<p class=\"voc-paragraph\">Conjunto bordado blanco 100% algod\u00f3n, de Sfera. Est\u00e1 compuesto por una camisa oversize de manga larga y unos pantalones de estilo culotte con tiro alto y forro a tono. Puedes encontrarlo a <strong>39,99 euros y 35,99 euros<\/strong>.\n<\/p>\n<div class=\"voc-detail-photo-zoom\"> <picture data-toggle=\"modal\" data-target=\"#photoZoomModal-789\" target=\"modal\">\n<div class=\"voc-img-icon-link\"> <img loading=\"lazy\" src=\"http:\/\/hoycordobaweb.com\/wp-content\/uploads\/2024\/06\/los-conjuntos-bordados-mas-bonitos-del-verano-5.webp\" width=\"650\" height=\"900\" alt=\"Conjunto bordado calado\"> <noscript> <img src=\"http:\/\/hoycordobaweb.com\/wp-content\/uploads\/2024\/06\/los-conjuntos-bordados-mas-bonitos-del-verano-5.webp\" alt=\"Conjunto bordado calado\"> <\/noscript> <i class=\"voc-icons zoom voc-multimedia-box voc-ico-l\"><\/i> <\/div><figcaption class=\"figure-caption\">Conjunto bordado calado<\/figcaption><\/picture>\n<\/div>\n<div id=\"photoZoomModal-789\" class=\"voc-lightbox modal fade voc-lightbox--photo-zoom\" role=\"dialog\" data-voc-photozoom-lightbox>\n<div class=\"voc-lightbox__dialog\" role=\"document\">\n<div class=\"voc-lightbox__content\"> <!-- Modal header --> <!-- Modal content --> <\/p>\n<div class=\"voc-lightbox__photo-container\"> <picture class> <img loading=\"lazy\" src=\"http:\/\/hoycordobaweb.com\/wp-content\/uploads\/2024\/06\/los-conjuntos-bordados-mas-bonitos-del-verano-5.webp\" alt=\"Conjunto bordado calado\"> <noscript> <img src=\"http:\/\/hoycordobaweb.com\/wp-content\/uploads\/2024\/06\/los-conjuntos-bordados-mas-bonitos-del-verano-5.webp\" alt=\"Conjunto bordado calado\"> <\/noscript> <\/picture> <\/div><\/div><\/div>\n<\/div>\n<p><h3 class=\"voc-detail__title\"> Calado:<br \/>\n<\/h3>\n<\/p>\n<p class=\"voc-paragraph\">Conjunto de algod\u00f3n blanco con perforados y bordado ingl\u00e9s, de Sfera. La parte de arriba es un top corto con volantes y abajo tiene un pantal\u00f3n cropped con bajo festoneado. Lo comprar\u00e1s a <strong>25,99 euros y 35,99 euros<\/strong>.\n<\/p>\n<div class=\"voc-detail-photo-zoom\"> <picture data-toggle=\"modal\" data-target=\"#photoZoomModal-156\" target=\"modal\">\n<div class=\"voc-img-icon-link\"> <img loading=\"lazy\" src=\"http:\/\/hoycordobaweb.com\/wp-content\/uploads\/2024\/06\/los-conjuntos-bordados-mas-bonitos-del-verano-6.webp\" width=\"650\" height=\"900\" alt=\"Conjunto bordado con detalle de lazos\"> <noscript> <img src=\"http:\/\/hoycordobaweb.com\/wp-content\/uploads\/2024\/06\/los-conjuntos-bordados-mas-bonitos-del-verano-6.webp\" alt=\"Conjunto bordado con detalle de lazos\"> <\/noscript> <i class=\"voc-icons zoom voc-multimedia-box voc-ico-l\"><\/i> <\/div><figcaption class=\"figure-caption\">Conjunto bordado con detalle de lazos<\/figcaption><\/picture>\n<\/div>\n<div id=\"photoZoomModal-156\" class=\"voc-lightbox modal fade voc-lightbox--photo-zoom\" role=\"dialog\" data-voc-photozoom-lightbox>\n<div class=\"voc-lightbox__dialog\" role=\"document\">\n<div class=\"voc-lightbox__content\"> <!-- Modal header --> <!-- Modal content --> <\/p>\n<div class=\"voc-lightbox__photo-container\"> <picture class> <img loading=\"lazy\" src=\"http:\/\/hoycordobaweb.com\/wp-content\/uploads\/2024\/06\/los-conjuntos-bordados-mas-bonitos-del-verano-6.webp\" alt=\"Conjunto bordado con detalle de lazos\"> <noscript> <img src=\"http:\/\/hoycordobaweb.com\/wp-content\/uploads\/2024\/06\/los-conjuntos-bordados-mas-bonitos-del-verano-6.webp\" alt=\"Conjunto bordado con detalle de lazos\"> <\/noscript> <\/picture> <\/div><\/div><\/div>\n<\/div>\n<p><h3 class=\"voc-detail__title\"> Con lazos:<br \/>\n<\/h3>\n<\/p>\n<p class=\"voc-paragraph\">Conjunto en tejido bordado ingl\u00e9s blanco, de Kiabi. Cuenta con una blusa con lazos y manga corta y una falda larga dividida en paneles con vuelo. Te costar\u00e1 <strong>18 euros y 22 euros<\/strong> cada pieza.\n<\/p>\n<p> <!-- TOPICS --> <\/p>\n","protected":false},"excerpt":{"rendered":"<p>El estilo rom\u00e1ntico m\u00e1s femenino y delicado y la est\u00e9tica ibicenca veraniega confluyen esta temporada. Por eso, los vestidos blancos m\u00e1s bonitos son lo m\u00e1s para lucir en verano. Pero, la versi\u00f3n que realmente triunfa en Instagram son los conjuntos. Es la forma m\u00e1s f\u00e1cil de vestir favorecida durante el verano, con la piel bronceada. [&hellip;]<\/p>\n","protected":false},"author":1,"featured_media":78484,"comment_status":"closed","ping_status":"closed","sticky":false,"template":"","format":"standard","meta":[],"categories":[],"tags":[],"_links":{"self":[{"href":"http:\/\/hoycordobaweb.com\/index.php\/wp-json\/wp\/v2\/posts\/78483"}],"collection":[{"href":"http:\/\/hoycordobaweb.com\/index.php\/wp-json\/wp\/v2\/posts"}],"about":[{"href":"http:\/\/hoycordobaweb.com\/index.php\/wp-json\/wp\/v2\/types\/post"}],"author":[{"embeddable":true,"href":"http:\/\/hoycordobaweb.com\/index.php\/wp-json\/wp\/v2\/users\/1"}],"replies":[{"embeddable":true,"href":"http:\/\/hoycordobaweb.com\/index.php\/wp-json\/wp\/v2\/comments?post=78483"}],"version-history":[{"count":0,"href":"http:\/\/hoycordobaweb.com\/index.php\/wp-json\/wp\/v2\/posts\/78483\/revisions"}],"wp:featuredmedia":[{"embeddable":true,"href":"http:\/\/hoycordobaweb.com\/index.php\/wp-json\/wp\/v2\/media\/78484"}],"wp:attachment":[{"href":"http:\/\/hoycordobaweb.com\/index.php\/wp-json\/wp\/v2\/media?parent=78483"}],"wp:term":[{"taxonomy":"category","embeddable":true,"href":"http:\/\/hoycordobaweb.com\/index.php\/wp-json\/wp\/v2\/categories?post=78483"},{"taxonomy":"post_tag","embeddable":true,"href":"http:\/\/hoycordobaweb.com\/index.php\/wp-json\/wp\/v2\/tags?post=78483"}],"curies":[{"name":"wp","href":"https:\/\/api.w.org\/{rel}","templated":true}]}}