{"id":78461,"date":"2024-06-03T22:31:14","date_gmt":"2024-06-03T22:31:14","guid":{"rendered":"http:\/\/hoycordobaweb.com\/index.php\/2024\/06\/03\/pienso-mas-en-velez-que-en-mi-familia-velez-sarsfield\/"},"modified":"2024-06-03T22:31:14","modified_gmt":"2024-06-03T22:31:14","slug":"pienso-mas-en-velez-que-en-mi-familia-velez-sarsfield","status":"publish","type":"post","link":"http:\/\/hoycordobaweb.com\/index.php\/2024\/06\/03\/pienso-mas-en-velez-que-en-mi-familia-velez-sarsfield\/","title":{"rendered":"Pienso m\u00e1s en V\u00e9lez que en mi familia &#8211; V\u00e9lez Sarsfield"},"content":{"rendered":"<p>En un a\u00f1o de consolidaci\u00f3n profesional en el once de un V\u00e9lez que volvi\u00f3 a disputar una final en el <b>f\u00fatbol argentino<\/b> &#8230; equipo con Thiago Almada, con&nbsp;&#8230; <\/p>\n","protected":false},"excerpt":{"rendered":"<p>En un a\u00f1o de consolidaci\u00f3n profesional en el once de un V\u00e9lez que volvi\u00f3 a disputar una final en el f\u00fatbol argentino &#8230; equipo con Thiago Almada, con&nbsp;&#8230;<\/p>\n","protected":false},"author":1,"featured_media":0,"comment_status":"closed","ping_status":"closed","sticky":false,"template":"","format":"standard","meta":[],"categories":[22],"tags":[],"_links":{"self":[{"href":"http:\/\/hoycordobaweb.com\/index.php\/wp-json\/wp\/v2\/posts\/78461"}],"collection":[{"href":"http:\/\/hoycordobaweb.com\/index.php\/wp-json\/wp\/v2\/posts"}],"about":[{"href":"http:\/\/hoycordobaweb.com\/index.php\/wp-json\/wp\/v2\/types\/post"}],"author":[{"embeddable":true,"href":"http:\/\/hoycordobaweb.com\/index.php\/wp-json\/wp\/v2\/users\/1"}],"replies":[{"embeddable":true,"href":"http:\/\/hoycordobaweb.com\/index.php\/wp-json\/wp\/v2\/comments?post=78461"}],"version-history":[{"count":0,"href":"http:\/\/hoycordobaweb.com\/index.php\/wp-json\/wp\/v2\/posts\/78461\/revisions"}],"wp:attachment":[{"href":"http:\/\/hoycordobaweb.com\/index.php\/wp-json\/wp\/v2\/media?parent=78461"}],"wp:term":[{"taxonomy":"category","embeddable":true,"href":"http:\/\/hoycordobaweb.com\/index.php\/wp-json\/wp\/v2\/categories?post=78461"},{"taxonomy":"post_tag","embeddable":true,"href":"http:\/\/hoycordobaweb.com\/index.php\/wp-json\/wp\/v2\/tags?post=78461"}],"curies":[{"name":"wp","href":"https:\/\/api.w.org\/{rel}","templated":true}]}}