{"id":78448,"date":"2024-06-03T16:29:07","date_gmt":"2024-06-03T16:29:07","guid":{"rendered":"https:\/\/ambiente.cba.gov.ar\/?p=23299"},"modified":"2024-06-03T16:29:07","modified_gmt":"2024-06-03T16:29:07","slug":"ciencia-y-ambiente-investigadores-del-conicet-presentaron-proyectos-para-proteger-la-biodiversidad-en-cordoba","status":"publish","type":"post","link":"http:\/\/hoycordobaweb.com\/index.php\/2024\/06\/03\/ciencia-y-ambiente-investigadores-del-conicet-presentaron-proyectos-para-proteger-la-biodiversidad-en-cordoba\/","title":{"rendered":"Ciencia y Ambiente: investigadores del CONICET presentaron proyectos para proteger la biodiversidad en C\u00f3rdoba"},"content":{"rendered":"<ul>\n<li><strong>El encuentro se llev\u00f3 a cabo con el objetivo de promover la construcci\u00f3n de alianzas entre el sector acad\u00e9mico y el gobierno provincial.<\/strong><\/li>\n<\/ul>\n<p>En la sede del Ministerio de Ambiente y Econom\u00eda Circular se llev\u00f3 a cabo el Encuentro VinculAR \u201cCiencia y Ambiente\u201d, donde se presentaron trabajos que viene desarrollando el Consejo Nacional de Investigaciones Cient\u00edficas y T\u00e9cnicas (CONICET), en relaci\u00f3n al cuidado del ambiente y la conservaci\u00f3n de la biodiversidad.<\/p>\n<p>El encuentro fue organizado por la Subsecretar\u00eda de Biodiversidad de la cartera ambiental, a cargo de Miguel Magnasco, y la oficina de Vinculaci\u00f3n Tecnol\u00f3gica CCT CONICET C\u00f3rdoba, a cargo de Daniel Majul; y se realiz\u00f3 bajo la consigna \u201c<strong>Un di\u00e1logo crucial para la construcci\u00f3n de un futuro sostenible<\/strong>\u201d.<\/p>\n<p>Esta iniciativa forma parte de una estrategia del Ministerio de Ambiente y Econom\u00eda Circular que propone la <strong>construcci\u00f3n de alianzas con el sector acad\u00e9mico<\/strong>, para que las experiencias y el conocimiento generado en las universidades puedan ser aplicados en el dise\u00f1o de instrumentos de gesti\u00f3n p\u00fablica.<\/p>\n<p>Durante la presentaci\u00f3n del evento, la ministra Victoria Flores sostuvo que \u201c<em>estos encuentros son fundamentales para formar redes, y para promover mecanismos de colaboraci\u00f3n con la comunidad cient\u00edfico-tecnol\u00f3gica.\u201d<\/em><\/p>\n<p><em>\u201cPorque necesitamos que las investigaciones cient\u00edficas generen respuestas para las demandas socio-productivas y desaf\u00edos concretos que tiene nuestra provincia<\/em>\u201d, agreg\u00f3 la funcionaria.<\/p>\n<div id=\"gallery-1\" class=\"gallery galleryid-23299 gallery-columns-2 gallery-size-full\">\n<figure class=\"gallery-item\">\n<div class=\"gallery-icon landscape\"> <a href=\"https:\/\/ambiente.cba.gov.ar\/ciencia-y-ambiente-investigadores-del-conicet-presentaron-proyectos-para-proteger-la-biodiversidad-en-cordoba\/dsc_1066\/\"><img width=\"4928\" height=\"3264\" src=\"http:\/\/hoycordobaweb.com\/wp-content\/uploads\/2024\/06\/ciencia-y-ambiente-investigadores-del-conicet-presentaron-proyectos-para-proteger-la-biodiversidad-en-cordoba.jpg\" class=\"attachment-full size-full\" alt loading=\"lazy\"><\/a> <\/div>\n<\/figure>\n<figure class=\"gallery-item\">\n<div class=\"gallery-icon landscape\"> <a href=\"https:\/\/ambiente.cba.gov.ar\/ciencia-y-ambiente-investigadores-del-conicet-presentaron-proyectos-para-proteger-la-biodiversidad-en-cordoba\/dsc_1045\/\"><img width=\"4928\" height=\"3264\" src=\"http:\/\/hoycordobaweb.com\/wp-content\/uploads\/2024\/06\/ciencia-y-ambiente-investigadores-del-conicet-presentaron-proyectos-para-proteger-la-biodiversidad-en-cordoba-1.jpg\" class=\"attachment-full size-full\" alt loading=\"lazy\"><\/a> <\/div>\n<\/figure><\/div>\n<p>Por su parte, la directora del CONICET C\u00f3rdoba M\u00f3nica Balzarini, expres\u00f3 la necesidad de vincular los saberes del CONICET con organismos gubernamentales, ONGs, empresas y la comunidad en general. Adem\u00e1s agreg\u00f3 que en C\u00f3rdoba tenemos una de las comunidades cient\u00edficas m\u00e1s grandes de argentina, que pueden realizar muchos aportes, no solo para la toma de decisiones pol\u00edticas sino tambi\u00e9n colaborar con el sector socio-productivo.<\/p>\n<p>Entre las principales l\u00edneas de investigaci\u00f3n que fueron presentadas, se encuentran algunas relacionadas con la conservaci\u00f3n de la biodiversidad, la restauraci\u00f3n de especies de flora nativa, la fauna aut\u00f3ctona y sus relaciones con las poblaciones humanas, estrategias de manejo para la conservaci\u00f3n de la vida silvestre amenazada, entre otros contenidos.<\/p>\n<p>Tambi\u00e9n se expusieron trabajos que abordan la sostenibilidad en sistemas socio-productivos agrarios, la revalorizaci\u00f3n de pasivos ambientales como residuos, y la producci\u00f3n y restauraci\u00f3n de suelos con enmiendas org\u00e1nicas.<\/p>\n","protected":false},"excerpt":{"rendered":"<p>El encuentro se llev\u00f3 a cabo con el objetivo de promover la construcci\u00f3n de alianzas entre el sector acad\u00e9mico y el gobierno provincial. En la sede del Ministerio de Ambiente y Econom\u00eda Circular se llev\u00f3 a cabo el Encuentro VinculAR \u201cCiencia y Ambiente\u201d, donde se presentaron trabajos que viene desarrollando el Consejo Nacional de Investigaciones [&hellip;]<\/p>\n","protected":false},"author":1,"featured_media":78449,"comment_status":"closed","ping_status":"closed","sticky":false,"template":"","format":"standard","meta":[],"categories":[2,19],"tags":[],"_links":{"self":[{"href":"http:\/\/hoycordobaweb.com\/index.php\/wp-json\/wp\/v2\/posts\/78448"}],"collection":[{"href":"http:\/\/hoycordobaweb.com\/index.php\/wp-json\/wp\/v2\/posts"}],"about":[{"href":"http:\/\/hoycordobaweb.com\/index.php\/wp-json\/wp\/v2\/types\/post"}],"author":[{"embeddable":true,"href":"http:\/\/hoycordobaweb.com\/index.php\/wp-json\/wp\/v2\/users\/1"}],"replies":[{"embeddable":true,"href":"http:\/\/hoycordobaweb.com\/index.php\/wp-json\/wp\/v2\/comments?post=78448"}],"version-history":[{"count":0,"href":"http:\/\/hoycordobaweb.com\/index.php\/wp-json\/wp\/v2\/posts\/78448\/revisions"}],"wp:featuredmedia":[{"embeddable":true,"href":"http:\/\/hoycordobaweb.com\/index.php\/wp-json\/wp\/v2\/media\/78449"}],"wp:attachment":[{"href":"http:\/\/hoycordobaweb.com\/index.php\/wp-json\/wp\/v2\/media?parent=78448"}],"wp:term":[{"taxonomy":"category","embeddable":true,"href":"http:\/\/hoycordobaweb.com\/index.php\/wp-json\/wp\/v2\/categories?post=78448"},{"taxonomy":"post_tag","embeddable":true,"href":"http:\/\/hoycordobaweb.com\/index.php\/wp-json\/wp\/v2\/tags?post=78448"}],"curies":[{"name":"wp","href":"https:\/\/api.w.org\/{rel}","templated":true}]}}