{"id":78398,"date":"2024-06-02T20:42:58","date_gmt":"2024-06-02T20:42:58","guid":{"rendered":"https:\/\/www.trendencias.com\/celebrities\/miseria-para-terelu-dineral-para-belen-esteban-negociaciones-contratos-nuevo-salvame"},"modified":"2024-06-02T20:42:58","modified_gmt":"2024-06-02T20:42:58","slug":"una-miseria-para-terelu-y-un-dineral-para-belen-esteban-las-negociaciones-y-contratos-del-nuevo-salvame","status":"publish","type":"post","link":"http:\/\/hoycordobaweb.com\/index.php\/2024\/06\/02\/una-miseria-para-terelu-y-un-dineral-para-belen-esteban-las-negociaciones-y-contratos-del-nuevo-salvame\/","title":{"rendered":"Una \u00abmiseria\u00bb para Terelu y un dineral para Bel\u00e9n Esteban: las negociaciones y contratos del nuevo &#8216;S\u00e1lvame&#8217;"},"content":{"rendered":"<p>Contin\u00faa la guerra ente la Campos y la Esteban. Desde hace unos d\u00edas, las que fueran compa\u00f1eras de plat\u00f3 en Mediaset viven enfrentadas. Una habla desde TVE y la otra contesta desde el nuevo &#8216;S\u00e1lvame&#8217;. El motivo inicial de la disputa fueron las declaraciones que Bel\u00e9n hizo sobre Terelu en el programa de Marc Gir\u00f3, donde asegur\u00f3 que a la hermana de Carmen Borrego <strong>\u00abni est\u00e1, ni se la espera\u00bb<\/strong>.<\/p>\n<p><!-- BREAK 1 --> <\/p>\n<div class=\"article-asset article-asset-normal article-asset-center\">\n<div class=\"desvio-container\">\n<div class=\"desvio\">\n<div class=\"desvio-figure js-desvio-figure\"> <a href=\"https:\/\/www.trendencias.com\/celebrities\/maria-patino-se-va-de-la-lengua-y-desvela-el-motivo-del-enfado-entre-belen-esteban-y-terelu-campos\"> <img loading=\"lazy\" alt=\"Mar\u00eda Pati\u00f1o se va de la lengua y desvela el motivo del enfado entre Bel\u00e9n Esteban y Terelu Campos\" width=\"375\" height=\"142\" src=\"http:\/\/hoycordobaweb.com\/wp-content\/uploads\/2024\/06\/una-miseria-para-terelu-y-un-dineral-para-belen-esteban-las-negociaciones-y-contratos-del-nuevo-salvame.jpg\"> <\/a> <\/div><\/div><\/div>\n<\/div>\n<p>As\u00ed de contundente se mostr\u00f3 la de Paracuellos cuando el presentador pregunt\u00f3 por la hermana de Carmen Borrego. Con sus palabras, <strong>Bel\u00e9n dej\u00f3 caer que Terelu hab\u00eda rechazado la oferta de &#8216;Ni que fu\u00e9ramos shhh&#8217; porque el sueldo era escaso<\/strong>, y estaba en lo cierto. Tal y como aseguran desde <a rel=\"noopener, noreferrer\" href=\"https:\/\/informalia.eleconomista.es\/television\/noticias\/12844607\/06\/24\/terelu-pasa-del-nuevo-salvame-porque-pagan-una-miseria-negocia-con-mediaset-y-pelea-con-la-esteban.html\">Informalia<\/a>, se le ofrecieron <strong>\u00abalrededor de 150 euros al d\u00eda\u00bb<\/strong>.<\/p>\n<p><!-- BREAK 2 --><\/p>\n<p>Al escuchar dicha cantidad, la hija de Mar\u00eda Teresa Campos colg\u00f3 el tel\u00e9fono. Consider\u00f3 aquello \u00abuna miseria\u00bb y decidi\u00f3 mantenerse en &#8216;Ma\u00f1aneros&#8217; con un cach\u00e9 que rondar\u00eda los 600 euros por programa. Pero la cosa no quedo ah\u00ed. Terelu se enter\u00f3 de las ventajas contractuales de su compa\u00f1era para ese mismo formato y se pill\u00f3 un buen rebote.<\/p>\n<p><!-- BREAK 3 --> <\/p>\n<div class=\"article-asset-image article-asset-normal article-asset-center\">\n<div class=\"asset-content\">\n<div class=\"caption-img \"> <img class=\"centro_sinmarco\" height=\"1125\" width=\"1920\" loading=\"lazy\" decoding=\"async\" sizes=\"100vw\" fetchpriority=\"high\" srcset=\"http:\/\/hoycordobaweb.com\/wp-content\/uploads\/2024\/06\/una-miseria-para-terelu-y-un-dineral-para-belen-esteban-las-negociaciones-y-contratos-del-nuevo-salvame-1.jpg 450w, http:\/\/hoycordobaweb.com\/wp-content\/uploads\/2024\/06\/una-miseria-para-terelu-y-un-dineral-para-belen-esteban-las-negociaciones-y-contratos-del-nuevo-salvame-3.jpg 681w, http:\/\/hoycordobaweb.com\/wp-content\/uploads\/2024\/06\/una-miseria-para-terelu-y-un-dineral-para-belen-esteban-las-negociaciones-y-contratos-del-nuevo-salvame-4.jpg 1024w, http:\/\/hoycordobaweb.com\/wp-content\/uploads\/2024\/06\/una-miseria-para-terelu-y-un-dineral-para-belen-esteban-las-negociaciones-y-contratos-del-nuevo-salvame-5.jpg 1366w\" src=\"http:\/\/hoycordobaweb.com\/wp-content\/uploads\/2024\/06\/una-miseria-para-terelu-y-un-dineral-para-belen-esteban-las-negociaciones-y-contratos-del-nuevo-salvame-1.jpg\" alt=\"Terelu Campos en RTVE\"> <noscript><img alt=\"Terelu Campos en RTVE\" class=\"centro_sinmarco\" src=\"http:\/\/hoycordobaweb.com\/wp-content\/uploads\/2024\/06\/una-miseria-para-terelu-y-un-dineral-para-belen-esteban-las-negociaciones-y-contratos-del-nuevo-salvame-1.jpg\"><\/noscript> <span>Terelu Campos en RTVE<\/span> <\/div><\/div>\n<\/div>\n<p>Al parecer, Bel\u00e9n tiene un trato especial en su productora. \u00d3scar Cornejo y Adri\u00e1n Madrid saben que necesitan a la Esteban a su lado, y si para ello tienen que soltar la pasta, lo hacen. <strong>\u00abCobra m\u00e1s que los dem\u00e1s colaboradores&#8230; ella tiene contrato con Fabricantes Studio desde el mismo d\u00eda que finaliz\u00f3 S\u00e1lvame\u00bb<\/strong>, cuentan desde el citado medio.<\/p>\n<p><!-- BREAK 4 --><\/p>\n<p><strong>\u00abTiene un sueldo fijo mensual que supera con creces los 150 euros al d\u00eda<\/strong> que cobran sus compa\u00f1eros. Dir\u00eda que dobla esa cifra y sin ir todos los d\u00edas. Y eso, claro, le puede doler a Terelu, que sigue crey\u00e9ndose por encima del resto\u00bb, relata alguien a Informalia.<\/p>\n<p><!-- BREAK 5 --><\/p>\n<p>Fotos | RTVE y Mediaset<\/p>\n<p>En Trendencias | <a href=\"https:\/\/www.trendencias.com\/celebrities\/ha-sido-catarsis-mensaje-marta-riesco-anunciarse-su-entrevista-que-fueramos-shhh\">El mensaje de Marta Riesco tras anunciarse su fichaje por &#8216;Ni que fu\u00e9ramos Shhh&#8217;<\/a><\/p>\n<p>En Trendencias | <a href=\"https:\/\/www.trendencias.com\/celebrities\/enfermedad-que-padece-terelu-campos-cuerdas-vocales-voz-trabajo\">Esta es la enfermedad que padece Terelu Campos en las cuerdas vocales<\/a><\/p>\n","protected":false},"excerpt":{"rendered":"<p>Contin\u00faa la guerra ente la Campos y la Esteban. Desde hace unos d\u00edas, las que fueran compa\u00f1eras de plat\u00f3 en Mediaset viven enfrentadas. Una habla desde TVE y la otra contesta desde el nuevo &#8216;S\u00e1lvame&#8217;. El motivo inicial de la disputa fueron las declaraciones que Bel\u00e9n hizo sobre Terelu en el programa de Marc Gir\u00f3, [&hellip;]<\/p>\n","protected":false},"author":1,"featured_media":78399,"comment_status":"closed","ping_status":"closed","sticky":false,"template":"","format":"standard","meta":[],"categories":[],"tags":[],"_links":{"self":[{"href":"http:\/\/hoycordobaweb.com\/index.php\/wp-json\/wp\/v2\/posts\/78398"}],"collection":[{"href":"http:\/\/hoycordobaweb.com\/index.php\/wp-json\/wp\/v2\/posts"}],"about":[{"href":"http:\/\/hoycordobaweb.com\/index.php\/wp-json\/wp\/v2\/types\/post"}],"author":[{"embeddable":true,"href":"http:\/\/hoycordobaweb.com\/index.php\/wp-json\/wp\/v2\/users\/1"}],"replies":[{"embeddable":true,"href":"http:\/\/hoycordobaweb.com\/index.php\/wp-json\/wp\/v2\/comments?post=78398"}],"version-history":[{"count":0,"href":"http:\/\/hoycordobaweb.com\/index.php\/wp-json\/wp\/v2\/posts\/78398\/revisions"}],"wp:featuredmedia":[{"embeddable":true,"href":"http:\/\/hoycordobaweb.com\/index.php\/wp-json\/wp\/v2\/media\/78399"}],"wp:attachment":[{"href":"http:\/\/hoycordobaweb.com\/index.php\/wp-json\/wp\/v2\/media?parent=78398"}],"wp:term":[{"taxonomy":"category","embeddable":true,"href":"http:\/\/hoycordobaweb.com\/index.php\/wp-json\/wp\/v2\/categories?post=78398"},{"taxonomy":"post_tag","embeddable":true,"href":"http:\/\/hoycordobaweb.com\/index.php\/wp-json\/wp\/v2\/tags?post=78398"}],"curies":[{"name":"wp","href":"https:\/\/api.w.org\/{rel}","templated":true}]}}