{"id":78372,"date":"2024-06-01T21:21:21","date_gmt":"2024-06-01T21:21:21","guid":{"rendered":"http:\/\/hoycordobaweb.com\/index.php\/2024\/06\/01\/nico-paz-puede-convertirse-en-el-23er-argentino-en-levantar-la-orejona-santa-fe-deportivo\/"},"modified":"2024-06-01T21:21:21","modified_gmt":"2024-06-01T21:21:21","slug":"nico-paz-puede-convertirse-en-el-23er-argentino-en-levantar-la-orejona-santa-fe-deportivo","status":"publish","type":"post","link":"http:\/\/hoycordobaweb.com\/index.php\/2024\/06\/01\/nico-paz-puede-convertirse-en-el-23er-argentino-en-levantar-la-orejona-santa-fe-deportivo\/","title":{"rendered":"Nico Paz puede convertirse en el 23er <b>argentino<\/b> en levantar la &#039;Orejona&#039; &#8211; Santa Fe Deportivo"},"content":{"rendered":"<p>Paz se sum\u00f3 en esta temporada al primer equipo del Real Madrid, con el que ya gan\u00f3 la Supercopa de Espa\u00f1a y LaLiga. El 8 de noviembre del a\u00f1o pasado&nbsp;&#8230; <\/p>\n","protected":false},"excerpt":{"rendered":"<p>Paz se sum\u00f3 en esta temporada al primer equipo del Real Madrid, con el que ya gan\u00f3 la Supercopa de Espa\u00f1a y LaLiga. El 8 de noviembre del a\u00f1o pasado&nbsp;&#8230;<\/p>\n","protected":false},"author":1,"featured_media":0,"comment_status":"closed","ping_status":"closed","sticky":false,"template":"","format":"standard","meta":[],"categories":[22],"tags":[],"_links":{"self":[{"href":"http:\/\/hoycordobaweb.com\/index.php\/wp-json\/wp\/v2\/posts\/78372"}],"collection":[{"href":"http:\/\/hoycordobaweb.com\/index.php\/wp-json\/wp\/v2\/posts"}],"about":[{"href":"http:\/\/hoycordobaweb.com\/index.php\/wp-json\/wp\/v2\/types\/post"}],"author":[{"embeddable":true,"href":"http:\/\/hoycordobaweb.com\/index.php\/wp-json\/wp\/v2\/users\/1"}],"replies":[{"embeddable":true,"href":"http:\/\/hoycordobaweb.com\/index.php\/wp-json\/wp\/v2\/comments?post=78372"}],"version-history":[{"count":0,"href":"http:\/\/hoycordobaweb.com\/index.php\/wp-json\/wp\/v2\/posts\/78372\/revisions"}],"wp:attachment":[{"href":"http:\/\/hoycordobaweb.com\/index.php\/wp-json\/wp\/v2\/media?parent=78372"}],"wp:term":[{"taxonomy":"category","embeddable":true,"href":"http:\/\/hoycordobaweb.com\/index.php\/wp-json\/wp\/v2\/categories?post=78372"},{"taxonomy":"post_tag","embeddable":true,"href":"http:\/\/hoycordobaweb.com\/index.php\/wp-json\/wp\/v2\/tags?post=78372"}],"curies":[{"name":"wp","href":"https:\/\/api.w.org\/{rel}","templated":true}]}}