{"id":78331,"date":"2024-05-31T11:44:35","date_gmt":"2024-05-31T11:44:35","guid":{"rendered":"https:\/\/ladecimaweb.com\/?p=27243"},"modified":"2024-05-31T11:44:35","modified_gmt":"2024-05-31T11:44:35","slug":"recuperan-en-un-descampado-de-comercial-auto-robado-a-repartidor-en-villa-el-libertador","status":"publish","type":"post","link":"http:\/\/hoycordobaweb.com\/index.php\/2024\/05\/31\/recuperan-en-un-descampado-de-comercial-auto-robado-a-repartidor-en-villa-el-libertador\/","title":{"rendered":"Recuperan en un descampado de Comercial auto robado a repartidor en Villa El Libertador"},"content":{"rendered":"<div class=\"boldgrid-section\">\n<div class=\"container\">\n<div class=\"row\">\n<div class=\"col-md-12 col-xs-12 col-sm-12\">\n<p class>En las \u00faltimas horas, en calle Sobremonte s\/n de B\u00ba Comercial, recuper\u00f3 un veh\u00edculo Fiat Qubo, conteniendo en su interior una aspiradora, cubiertas y \u00f3pticas entre otros elementos que fueron sustra\u00eddos a un repartidor de una empresa de encomiendas.<\/p>\n<p class>Momentos antes, personal policial fue advertido sobre la sustracci\u00f3n del veh\u00edculo en calles Rio Grande y Tumbes de B\u00ba Villa El Libertador, por lo que inmediatamente se realiz\u00f3 un operativo que culmin\u00f3 en un descampado de B\u00ba Comercial con los secuestros mencionados.<\/p>\n<p class>Posteriormente, el veh\u00edculo y los elementos secuestrados fue trasladado a sede policial para ser puesto a disposici\u00f3n del magistrado interviniente.<\/p>\n<p>&nbsp;<\/p>\n<div class=\"ubm_banner\"><a href=\"https:\/\/www.cba.gov.ar\/desafio-ruta-40-llega-por-primera-vez-a-cordoba\/\" target=\"_blank\" rel=\"dofollow noopener noreferrer\"><img src=\"http:\/\/hoycordobaweb.com\/wp-content\/uploads\/2024\/06\/recuperan-en-un-descampado-de-comercial-auto-robado-a-repartidor-en-villa-el-libertador.gif\" width=\"900\" alt><\/a><\/div>\n<\/div>\n<\/div>\n<\/div>\n<\/div>\n<p>La entrada <a rel=\"nofollow\" href=\"https:\/\/ladecimaweb.com\/recuperan-en-comercial-auto-robado-a-repartidor-en-villa-el-libertador\/\">Recuperan en un descampado de Comercial auto robado a repartidor en Villa El Libertador<\/a> se public\u00f3 primero en <a rel=\"nofollow\" href=\"https:\/\/ladecimaweb.com\">LaDecima<\/a>.<\/p>\n","protected":false},"excerpt":{"rendered":"<p>En las \u00faltimas horas, en calle Sobremonte s\/n de B\u00ba Comercial, recuper\u00f3 un veh\u00edculo Fiat Qubo, conteniendo en su interior una aspiradora, cubiertas y \u00f3pticas entre otros elementos que fueron sustra\u00eddos a un repartidor de una empresa de encomiendas. Momentos antes, personal policial fue advertido sobre la sustracci\u00f3n del veh\u00edculo en calles Rio Grande y [&hellip;]<\/p>\n","protected":false},"author":1,"featured_media":0,"comment_status":"closed","ping_status":"closed","sticky":false,"template":"","format":"standard","meta":[],"categories":[32],"tags":[],"_links":{"self":[{"href":"http:\/\/hoycordobaweb.com\/index.php\/wp-json\/wp\/v2\/posts\/78331"}],"collection":[{"href":"http:\/\/hoycordobaweb.com\/index.php\/wp-json\/wp\/v2\/posts"}],"about":[{"href":"http:\/\/hoycordobaweb.com\/index.php\/wp-json\/wp\/v2\/types\/post"}],"author":[{"embeddable":true,"href":"http:\/\/hoycordobaweb.com\/index.php\/wp-json\/wp\/v2\/users\/1"}],"replies":[{"embeddable":true,"href":"http:\/\/hoycordobaweb.com\/index.php\/wp-json\/wp\/v2\/comments?post=78331"}],"version-history":[{"count":0,"href":"http:\/\/hoycordobaweb.com\/index.php\/wp-json\/wp\/v2\/posts\/78331\/revisions"}],"wp:attachment":[{"href":"http:\/\/hoycordobaweb.com\/index.php\/wp-json\/wp\/v2\/media?parent=78331"}],"wp:term":[{"taxonomy":"category","embeddable":true,"href":"http:\/\/hoycordobaweb.com\/index.php\/wp-json\/wp\/v2\/categories?post=78331"},{"taxonomy":"post_tag","embeddable":true,"href":"http:\/\/hoycordobaweb.com\/index.php\/wp-json\/wp\/v2\/tags?post=78331"}],"curies":[{"name":"wp","href":"https:\/\/api.w.org\/{rel}","templated":true}]}}