{"id":78309,"date":"2024-05-31T22:20:56","date_gmt":"2024-05-31T22:20:56","guid":{"rendered":"https:\/\/www.trendencias.com\/mexico\/peso-pluma-se-corto-cabello-aqui-evidencia-que-imagen-fue-hecha-inteligencia-artificial"},"modified":"2024-05-31T22:20:56","modified_gmt":"2024-05-31T22:20:56","slug":"peso-pluma-se-corto-el-cabello-aqui-la-evidencia-de-que-la-imagen-fue-hecha-con-inteligencia-artificial","status":"publish","type":"post","link":"http:\/\/hoycordobaweb.com\/index.php\/2024\/05\/31\/peso-pluma-se-corto-el-cabello-aqui-la-evidencia-de-que-la-imagen-fue-hecha-con-inteligencia-artificial\/","title":{"rendered":"\u00bfPeso Pluma se cort\u00f3 el cabello? Aqu\u00ed la evidencia de que la imagen fue hecha con inteligencia artificial"},"content":{"rendered":"<p>Hay celebridades a las que, con s\u00f3lo imaginar si nombre, se nos viene a la cabeza un rasgo caracter\u00edstico de su f\u00edsico m\u00e1s all\u00e1 de la personalidad, y mucho antes que una canci\u00f3n, por ello, cuando en internet comenz\u00f3 a surgir una supuesta foto <strong>del nuevo corte de cabello de Peso Pluma<\/strong>, todo el mundo perdi\u00f3 la cabeza, y es que, como afirman algunos, luce tan bien que incluso podr\u00eda comenzar con una faceta de modelo.<\/p>\n<p><!-- BREAK 1 --> <\/p>\n<p>El cl\u00e1sico corte <em>mullet<\/em> con el que es conocido el cantante Peso Pluma al parecer ya qued\u00f3 en el olvido, y es que, aunque ha sido el peinado caracter\u00edstico de otros artistas como David Bowie y hasta Miley Cyrus, <strong>Peso Pluma lo ha convertido en su sello de identidad.<\/strong><\/p>\n<p><!-- BREAK 2 --><\/p>\n<p>A trav\u00e9s de varias cuentas de redes sociales, se ha dado a conocer una supuesta imagen del nuevo corte del cantante, en donde ahora ya no luce el cabello largo en la parte trasera de la cabeza, sino que apuesta ahora <strong>por un estilo m\u00e1s refinado y elegante.<\/strong><\/p>\n<p><!-- BREAK 3 --> <\/p>\n<p>Las reacciones en internet por parte de sus seguidores no se hicieron esperar, y es que, tanto memes como halagos hacia &#8216;Doble P&#8217; se vieron en los comentarios de las publicaciones que compartieron la fotograf\u00eda, misma que fue analizada por expertos en imagen corporal y que, seg\u00fan opinan, <strong>da un mejor aspecto al cantante.<\/strong><\/p>\n<p><!-- BREAK 4 --><\/p>\n<blockquote class=\"tiktok-embed\" cite=\"https:\/\/www.tiktok.com\/@maryfercentenom\/video\/7375045870225460485\" data-video-id=\"7375045870225460485\" data-embed-from=\"oembed\" readability=\"0.63157894736842\">\n<section readability=\"0.31578947368421\"> <a target=\"_blank\" title=\"@maryfercentenom\" href=\"https:\/\/www.tiktok.com\/@maryfercentenom?refer=embed\" rel=\"noopener noreferrer\">@maryfercentenom<\/a> <\/p>\n<p><a title=\"pesopluma\" target=\"_blank\" href=\"https:\/\/www.tiktok.com\/tag\/pesopluma?refer=embed\" rel=\"noopener noreferrer\">#pesopluma<\/a> nuevo corte <a title=\"lenguajecorporal\" target=\"_blank\" href=\"https:\/\/www.tiktok.com\/tag\/lenguajecorporal?refer=embed\" rel=\"noopener noreferrer\">#lenguajecorporal<\/a> <\/p>\n<p> <a target=\"_blank\" title=\"\u266c sonido original - Maryfer Centeno\" href=\"https:\/\/www.tiktok.com\/music\/sonido-original-7375045907445811974?refer=embed\" rel=\"noopener noreferrer\">\u266c sonido original &#8211; Maryfer Centeno<\/a> <\/section>\n<\/blockquote>\n<h3>De publicidad al comienzo de una era<\/h3>\n<p>Una fotograf\u00eda que comparti\u00f3, y despu\u00e9s elimin\u00f3 de sus historias de Instagram lo dejaban ver con el cabello m\u00e1s corto de lo normal, aunque no mostr\u00e1ndolo del todo ya que se cubr\u00eda el rostro con el tel\u00e9fono y un enlace <strong>para pre-guardar su nuevo disco &#8216;\u00c9xodo&#8217;<\/strong>.<\/p>\n<p><!-- BREAK 5 --><\/p>\n<p>Seg\u00fan varios fans, esta es s\u00f3lo una estrategia publicitaria para dar a conocer su nuevo material, ya que como se ha afirmado tambi\u00e9n <a rel=\"noopener, noreferrer\" href=\"https:\/\/www.milenio.com\/espectaculos\/famosos\/conductores-de-hoy-senalan-el-look-de-peso-pluma-fue-creado-por-ia\">en algunos programas de televisi\u00f3n en M\u00e9xico<\/a>, la imagen <strong>en realidad est\u00e1 alterada,<\/strong> y aqu\u00ed est\u00e1 la prueba: la imagen original corresponde a la cuenta de Instagram de <a rel=\"noopener, noreferrer\" href=\"https:\/\/www.instagram.com\/aviatorgokhan\/\">Gokhan Gokcay<\/a>, un productor, director y aviador de origen turco.<\/p>\n<p><!-- BREAK 6 --> <\/p>\n<div class=\"article-asset-image article-asset-normal article-asset-center\">\n<div class=\"asset-content\"> <img class=\"centro_sinmarco\" height=\"2880\" width=\"5120\" loading=\"lazy\" decoding=\"async\" sizes=\"100vw\" fetchpriority=\"high\" srcset=\"http:\/\/hoycordobaweb.com\/wp-content\/uploads\/2024\/05\/peso-pluma-se-corto-el-cabello-aqui-la-evidencia-de-que-la-imagen-fue-hecha-con-inteligencia-artificial.jpg 450w, http:\/\/hoycordobaweb.com\/wp-content\/uploads\/2024\/05\/peso-pluma-se-corto-el-cabello-aqui-la-evidencia-de-que-la-imagen-fue-hecha-con-inteligencia-artificial-2.jpg 681w, http:\/\/hoycordobaweb.com\/wp-content\/uploads\/2024\/05\/peso-pluma-se-corto-el-cabello-aqui-la-evidencia-de-que-la-imagen-fue-hecha-con-inteligencia-artificial-3.jpg 1024w, http:\/\/hoycordobaweb.com\/wp-content\/uploads\/2024\/05\/peso-pluma-se-corto-el-cabello-aqui-la-evidencia-de-que-la-imagen-fue-hecha-con-inteligencia-artificial-4.jpg 1366w\" src=\"http:\/\/hoycordobaweb.com\/wp-content\/uploads\/2024\/05\/peso-pluma-se-corto-el-cabello-aqui-la-evidencia-de-que-la-imagen-fue-hecha-con-inteligencia-artificial.jpg\" alt=\"Desktop\"> <noscript><img alt=\"Desktop\" class=\"centro_sinmarco\" src=\"http:\/\/hoycordobaweb.com\/wp-content\/uploads\/2024\/05\/peso-pluma-se-corto-el-cabello-aqui-la-evidencia-de-que-la-imagen-fue-hecha-con-inteligencia-artificial.jpg\"><\/noscript> <\/div>\n<\/div>\n<p>Al parecer, los fans s\u00f3lo fueron v\u00edctima de un enga\u00f1o publicitario. Si bien no se sabe cu\u00e1l fue el origen de la foto manipulada, lo cierto es que a Peso Pluma <strong>no le caer\u00eda nada mal adoptar este corte a partir de ahora<\/strong>.<\/p>\n<p><!-- BREAK 7 --><\/p>\n<p>Foto de portada <a rel=\"noopener, noreferrer\" href=\"https:\/\/www.instagram.com\/p\/C7CWTWrO3Eg\/?img_index=3\">de Instagram<\/a><\/p>\n<p>En Trendencias | <a href=\"https:\/\/www.trendencias.com\/celebrities\/inquietante-cambio-bianca-cesori-asi-era-esposa-kanye-west-antes-que-transformara-clon-kim-kardashian\">Qui\u00e9n es Bianca Censori: as\u00ed luc\u00eda la esposa de Kanye West antes de que la transformara en un clon de Kim Kardashian<\/a><\/p>\n<p>En Trendencias | <a href=\"https:\/\/www.trendencias.com\/mexico\/barbie-rinde-homenaje-a-gimnasta-mexicana-alexa-moreno-lanza-gran-mensaje-mejor-no-tener-miedo-a-sonar-aventarte\">Barbie presenta una mu\u00f1eca que homenajea a Alexa Moreno y lanza un gran mensaje: \u00abLo mejor es no tener miedo a so\u00f1ar y aventarte\u00bb<\/a><\/p>\n<p>En Trendencias | <a href=\"https:\/\/www.trendencias.com\/festivales\/sonorama-ribera-todos-conciertos-entradas-horarios-confirmados\">Sonorama Ribera 2024: todos los conciertos, entradas y horarios confirmados<\/a><\/p>\n","protected":false},"excerpt":{"rendered":"<p>Hay celebridades a las que, con s\u00f3lo imaginar si nombre, se nos viene a la cabeza un rasgo caracter\u00edstico de su f\u00edsico m\u00e1s all\u00e1 de la personalidad, y mucho antes que una canci\u00f3n, por ello, cuando en internet comenz\u00f3 a surgir una supuesta foto del nuevo corte de cabello de Peso Pluma, todo el mundo [&hellip;]<\/p>\n","protected":false},"author":1,"featured_media":78310,"comment_status":"closed","ping_status":"closed","sticky":false,"template":"","format":"standard","meta":[],"categories":[],"tags":[],"_links":{"self":[{"href":"http:\/\/hoycordobaweb.com\/index.php\/wp-json\/wp\/v2\/posts\/78309"}],"collection":[{"href":"http:\/\/hoycordobaweb.com\/index.php\/wp-json\/wp\/v2\/posts"}],"about":[{"href":"http:\/\/hoycordobaweb.com\/index.php\/wp-json\/wp\/v2\/types\/post"}],"author":[{"embeddable":true,"href":"http:\/\/hoycordobaweb.com\/index.php\/wp-json\/wp\/v2\/users\/1"}],"replies":[{"embeddable":true,"href":"http:\/\/hoycordobaweb.com\/index.php\/wp-json\/wp\/v2\/comments?post=78309"}],"version-history":[{"count":0,"href":"http:\/\/hoycordobaweb.com\/index.php\/wp-json\/wp\/v2\/posts\/78309\/revisions"}],"wp:featuredmedia":[{"embeddable":true,"href":"http:\/\/hoycordobaweb.com\/index.php\/wp-json\/wp\/v2\/media\/78310"}],"wp:attachment":[{"href":"http:\/\/hoycordobaweb.com\/index.php\/wp-json\/wp\/v2\/media?parent=78309"}],"wp:term":[{"taxonomy":"category","embeddable":true,"href":"http:\/\/hoycordobaweb.com\/index.php\/wp-json\/wp\/v2\/categories?post=78309"},{"taxonomy":"post_tag","embeddable":true,"href":"http:\/\/hoycordobaweb.com\/index.php\/wp-json\/wp\/v2\/tags?post=78309"}],"curies":[{"name":"wp","href":"https:\/\/api.w.org\/{rel}","templated":true}]}}