{"id":78307,"date":"2024-05-31T05:49:45","date_gmt":"2024-05-31T05:49:45","guid":{"rendered":"https:\/\/www.mujerhoy.com\/vivir\/ocio\/firmas-feria-del-libro-madrid-2024-mariana-enriquez-richard-ford-20240531074939-nt.html"},"modified":"2024-05-31T05:49:45","modified_gmt":"2024-05-31T05:49:45","slug":"estas-son-las-firmas-de-la-feria-del-libro-por-las-que-merece-la-pena-hacer-cola-este-fin-de-semana","status":"publish","type":"post","link":"http:\/\/hoycordobaweb.com\/index.php\/2024\/05\/31\/estas-son-las-firmas-de-la-feria-del-libro-por-las-que-merece-la-pena-hacer-cola-este-fin-de-semana\/","title":{"rendered":"Estas son las firmas de la Feria del Libro por las que merece la pena hacer cola este fin de semana"},"content":{"rendered":"<p><!-- AUTHOR --> <\/p>\n<div class=\"voc-author-timesocial \"> <!-- AUTHOR --> <\/p>\n<div class=\"voc-author-timesocial__signature\"> <!-- IMAGE AUTHOR --> <picture class=\"voc-image-signature\"> <img class=\"voc-image-signature__img\" src=\"http:\/\/hoycordobaweb.com\/wp-content\/uploads\/2024\/05\/estas-son-las-firmas-de-la-feria-del-libro-por-las-que-merece-la-pena-hacer-cola-este-fin-de-semana.jpg\" alt=\"Alo\u00f1a Fdez. Larrechi\"> <\/picture> <!-- INFO AUTHOR --> <\/div><\/div>\n<p> <!-- COMPONENTS --> <\/p>\n<p class=\"voc-paragraph\">El momento m\u00e1s esperado por todos los amantes de la lectura ha llegado ya y la <a data-voc-vtm-id=\"in-text-traffic\" href=\"https:\/\/www.mujerhoy.com\/vivir\/ocio\/novelas-romanticas-recomendadas-novedad-librerias-feria-del-libro-madrid-20240517211744-nt.html\" title=\"www.mujerhoy.com\">Feria del Libro<\/a> de Madrid est\u00e1 a pleno rendimiento. Tras el fin de semana de estreno, en el que lectoras y lectores ya se han comprado los <a data-voc-vtm-id=\"in-text-traffic\" href=\"https:\/\/www.mujerhoy.com\/vivir\/ocio\/novedades-literarias-mayo-2024-taberna-kamogawa-clara-uson-yolanda-guerrero-20240501201631-nt.html\" title=\"www.mujerhoy.com\">libros<\/a> que tanto deseaban o han conocido a su autor favorito, llega el ecuador de este encuentro literario que nadie se quiere perder. Y como la presencia de escritores est\u00e1 cargada de nombres interesantes, te traemos <strong>las firmas de la Feria del libro<\/strong> por las que merece la pena hacer cola este fin de semana. <\/p>\n<p class=\"voc-paragraph\">Del reconocido escritor norteamericano Richard Ford a la inigualable Alicia Gim\u00e9nez-Bartlet, pasando por <a data-voc-vtm-id=\"in-text-traffic\" href=\"https:\/\/www.mujerhoy.com\/actualidad\/fernando-aramburu-escritor-patria-nueva-novela-el-nino-el-amor-es-cansino-20240421080857-nt.html\" title=\"www.mujerhoy.com\">Fernando Aramburu<\/a>, autor de Patria, o la reina de terror, la argentina <strong>Mariana Enr\u00edquez<\/strong>, los amantes de la literatura tenemos una cita este fin de semana con nuestros autores favoritos. Y por si abrir de 10:30 a 15h y de 17 a 21 horas no fuese suficiente, el viernes 7 estrenan horario nocturno y la Feria del Libro abrir\u00e1 hasta las 23:30 h. <\/p>\n<p class=\"voc-paragraph\">Aunque gracias a la excelente organizaci\u00f3n, en el <strong>parque del Retiro<\/strong> resulta sencillo conocer la caseta y la hora en la que firma cada autor, te recomendamos que visites la p\u00e1gina web de la feria para asegurarte de que coincide con la hora en la que tienes previsto pasarte por all\u00ed. O, simplemente, para ir \u00aba tiro hecho\u00bb y ponerte en la cola cuanto antes. Estos son las firmas favoritas para este fin de semana en la Feria del Libro.\n<\/p>\n<div class=\"voc-detail-photo-zoom\"> <picture data-toggle=\"modal\" data-target=\"#photoZoomModal-143\" target=\"modal\">\n<div class=\"voc-img-icon-link\"> <img loading=\"lazy\" src=\"http:\/\/hoycordobaweb.com\/wp-content\/uploads\/2024\/05\/estas-son-las-firmas-de-la-feria-del-libro-por-las-que-merece-la-pena-hacer-cola-este-fin-de-semana.webp\" width=\"650\" height=\"900\" alt=\"Portada de S\u00e9 m\u00eda, el \u00faltimon libro que ha publicado Anagrama de Richard Ford. \/ Anagrama\"> <noscript> <img src=\"http:\/\/hoycordobaweb.com\/wp-content\/uploads\/2024\/05\/estas-son-las-firmas-de-la-feria-del-libro-por-las-que-merece-la-pena-hacer-cola-este-fin-de-semana.webp\" alt=\"Portada de S\u00e9 m\u00eda, el \u00faltimon libro que ha publicado Anagrama de Richard Ford. \/ Anagrama\"> <\/noscript> <i class=\"voc-icons zoom voc-multimedia-box voc-ico-l\"><\/i> <\/div><figcaption class=\"figure-caption\">Portada de S\u00e9 m\u00eda, el \u00faltimon libro que ha publicado Anagrama de Richard Ford. \/ Anagrama<\/figcaption><\/picture>\n<\/div>\n<div id=\"photoZoomModal-143\" class=\"voc-lightbox modal fade voc-lightbox--photo-zoom\" role=\"dialog\" data-voc-photozoom-lightbox>\n<div class=\"voc-lightbox__dialog\" role=\"document\">\n<div class=\"voc-lightbox__content\"> <!-- Modal header --> <!-- Modal content --> <\/p>\n<div class=\"voc-lightbox__photo-container\"> <picture class> <img loading=\"lazy\" src=\"http:\/\/hoycordobaweb.com\/wp-content\/uploads\/2024\/05\/estas-son-las-firmas-de-la-feria-del-libro-por-las-que-merece-la-pena-hacer-cola-este-fin-de-semana.webp\" alt=\"Portada de S\u00e9 m\u00eda, el \u00faltimon libro que ha publicado Anagrama de Richard Ford. \/ Anagrama\"> <noscript> <img src=\"http:\/\/hoycordobaweb.com\/wp-content\/uploads\/2024\/05\/estas-son-las-firmas-de-la-feria-del-libro-por-las-que-merece-la-pena-hacer-cola-este-fin-de-semana.webp\" alt=\"Portada de S\u00e9 m\u00eda, el \u00faltimon libro que ha publicado Anagrama de Richard Ford. \/ Anagrama\"> <\/noscript> <\/picture> <\/div><\/div><\/div>\n<\/div>\n<p><h3 class=\"voc-detail__title\"> Richard Ford. 8 y 9 de junio.<br \/>\n<\/h3>\n<\/p>\n<p class=\"voc-paragraph\">El Premio Princesa de Asturias de las Letras 2016 acaba de publicar S\u00e9 m\u00eda, el quinto libro de su personaje m\u00e1s emblem\u00e1tico, <strong>Frank Bascombe<\/strong>, al que conocimos en 1986 con El periodista deportivo. Entre ambos libros sus lectores han podido disfrutar de historias, todas ellas publicadas por Anagrama, tan interesantes como Canad\u00e1, o \u00edntimas como Flores en las grietas o Entre ellos. Recuerdos de mis padres, adem\u00e1s de las novelas y los cuentos cortos que nos han permitido conocer en profundidad Bascombe.\n<\/p>\n<div class=\"voc-detail-photo-zoom\"> <picture data-toggle=\"modal\" data-target=\"#photoZoomModal-322\" target=\"modal\">\n<div class=\"voc-img-icon-link\"> <img loading=\"lazy\" src=\"http:\/\/hoycordobaweb.com\/wp-content\/uploads\/2024\/05\/estas-son-las-firmas-de-la-feria-del-libro-por-las-que-merece-la-pena-hacer-cola-este-fin-de-semana-1.webp\" width=\"650\" height=\"900\" alt=\"Portada de Un lugar soleado, el \u00faltimo lubro de cuentos de la escritora argentina Mariana Enr\u00edquez. \/ Anagrama\"> <noscript> <img src=\"http:\/\/hoycordobaweb.com\/wp-content\/uploads\/2024\/05\/estas-son-las-firmas-de-la-feria-del-libro-por-las-que-merece-la-pena-hacer-cola-este-fin-de-semana-1.webp\" alt=\"Portada de Un lugar soleado, el \u00faltimo lubro de cuentos de la escritora argentina Mariana Enr\u00edquez. \/ Anagrama\"> <\/noscript> <i class=\"voc-icons zoom voc-multimedia-box voc-ico-l\"><\/i> <\/div><figcaption class=\"figure-caption\">Portada de Un lugar soleado, el \u00faltimo lubro de cuentos de la escritora argentina Mariana Enr\u00edquez. \/ Anagrama<\/figcaption><\/picture>\n<\/div>\n<div id=\"photoZoomModal-322\" class=\"voc-lightbox modal fade voc-lightbox--photo-zoom\" role=\"dialog\" data-voc-photozoom-lightbox>\n<div class=\"voc-lightbox__dialog\" role=\"document\">\n<div class=\"voc-lightbox__content\"> <!-- Modal header --> <!-- Modal content --> <\/p>\n<div class=\"voc-lightbox__photo-container\"> <picture class> <img loading=\"lazy\" src=\"http:\/\/hoycordobaweb.com\/wp-content\/uploads\/2024\/05\/estas-son-las-firmas-de-la-feria-del-libro-por-las-que-merece-la-pena-hacer-cola-este-fin-de-semana-1.webp\" alt=\"Portada de Un lugar soleado, el \u00faltimo lubro de cuentos de la escritora argentina Mariana Enr\u00edquez. \/ Anagrama\"> <noscript> <img src=\"http:\/\/hoycordobaweb.com\/wp-content\/uploads\/2024\/05\/estas-son-las-firmas-de-la-feria-del-libro-por-las-que-merece-la-pena-hacer-cola-este-fin-de-semana-1.webp\" alt=\"Portada de Un lugar soleado, el \u00faltimo lubro de cuentos de la escritora argentina Mariana Enr\u00edquez. \/ Anagrama\"> <\/noscript> <\/picture> <\/div><\/div><\/div>\n<\/div>\n<p><h3 class=\"voc-detail__title\"> Mariana Enr\u00edquez. 8 y 9 de junio<br \/>\n<\/h3>\n<\/p>\n<p class=\"voc-paragraph\">La autora de Nuestra parte de noche, Premio Herralde de Novela y Premio de la Cr\u00edtica en 2019, ha regresado al cuento con Un lugar soleado para gente sombr\u00eda, que podemos encontrar en librer\u00edas desde hace un par de meses. Referencia para los amantes del <strong>g\u00e9nero del terror y el horror<\/strong>, la escritora argentina es una de las autoras fundamentales de las letras latinoamericanas del siglo XXI. <\/p>\n<div class=\"voc-detail-photo-zoom\"> <picture data-toggle=\"modal\" data-target=\"#photoZoomModal-395\" target=\"modal\">\n<div class=\"voc-img-icon-link\"> <img loading=\"lazy\" src=\"http:\/\/hoycordobaweb.com\/wp-content\/uploads\/2024\/05\/estas-son-las-firmas-de-la-feria-del-libro-por-las-que-merece-la-pena-hacer-cola-este-fin-de-semana-2.webp\" width=\"650\" height=\"900\" alt=\"Portada de El Ni\u00f1o, el \u00faltimo libro del novelista vasco Fernando Araumburu. \/ Tusquets\"> <noscript> <img src=\"http:\/\/hoycordobaweb.com\/wp-content\/uploads\/2024\/05\/estas-son-las-firmas-de-la-feria-del-libro-por-las-que-merece-la-pena-hacer-cola-este-fin-de-semana-2.webp\" alt=\"Portada de El Ni\u00f1o, el \u00faltimo libro del novelista vasco Fernando Araumburu. \/ Tusquets\"> <\/noscript> <i class=\"voc-icons zoom voc-multimedia-box voc-ico-l\"><\/i> <\/div><figcaption class=\"figure-caption\">Portada de El Ni\u00f1o, el \u00faltimo libro del novelista vasco Fernando Araumburu. \/ Tusquets<\/figcaption><\/picture>\n<\/div>\n<div id=\"photoZoomModal-395\" class=\"voc-lightbox modal fade voc-lightbox--photo-zoom\" role=\"dialog\" data-voc-photozoom-lightbox>\n<div class=\"voc-lightbox__dialog\" role=\"document\">\n<div class=\"voc-lightbox__content\"> <!-- Modal header --> <!-- Modal content --> <\/p>\n<div class=\"voc-lightbox__photo-container\"> <picture class> <img loading=\"lazy\" src=\"http:\/\/hoycordobaweb.com\/wp-content\/uploads\/2024\/05\/estas-son-las-firmas-de-la-feria-del-libro-por-las-que-merece-la-pena-hacer-cola-este-fin-de-semana-2.webp\" alt=\"Portada de El Ni\u00f1o, el \u00faltimo libro del novelista vasco Fernando Araumburu. \/ Tusquets\"> <noscript> <img src=\"http:\/\/hoycordobaweb.com\/wp-content\/uploads\/2024\/05\/estas-son-las-firmas-de-la-feria-del-libro-por-las-que-merece-la-pena-hacer-cola-este-fin-de-semana-2.webp\" alt=\"Portada de El Ni\u00f1o, el \u00faltimo libro del novelista vasco Fernando Araumburu. \/ Tusquets\"> <\/noscript> <\/picture> <\/div><\/div><\/div>\n<\/div>\n<p><h3 class=\"voc-detail__title\"> Fernando Aramburu. 7, 8 y 9 de junio. <\/h3>\n<\/p>\n<p class=\"voc-paragraph\">Con El Ni\u00f1o, la emocionante historia de unas vidas trastocadas por una tragedia, <strong>el autor de Patria<\/strong>, ha regresado a las librer\u00edas y lo ha hecho con su maestr\u00eda habitual para mantener al lector pegado al devenir de los protagonistas del libro. Una nueva entrega del friso \u00abGentes Vascas\u00bb en la que sus recursos literarios y el humanismo de sus personajes la han convertido en un libro fundamental en este 2024.\n<\/p>\n<div class=\"voc-detail-photo-zoom\"> <picture data-toggle=\"modal\" data-target=\"#photoZoomModal-43\" target=\"modal\">\n<div class=\"voc-img-icon-link\"> <img loading=\"lazy\" src=\"http:\/\/hoycordobaweb.com\/wp-content\/uploads\/2024\/05\/estas-son-las-firmas-de-la-feria-del-libro-por-las-que-merece-la-pena-hacer-cola-este-fin-de-semana-3.webp\" width=\"650\" height=\"900\" alt=\"Portada de Mirafiori, la \u00faltima novela de Manuel Jabois. \/ Alfaguara\"> <noscript> <img src=\"http:\/\/hoycordobaweb.com\/wp-content\/uploads\/2024\/05\/estas-son-las-firmas-de-la-feria-del-libro-por-las-que-merece-la-pena-hacer-cola-este-fin-de-semana-3.webp\" alt=\"Portada de Mirafiori, la \u00faltima novela de Manuel Jabois. \/ Alfaguara\"> <\/noscript> <i class=\"voc-icons zoom voc-multimedia-box voc-ico-l\"><\/i> <\/div><figcaption class=\"figure-caption\">Portada de Mirafiori, la \u00faltima novela de Manuel Jabois. \/ Alfaguara<\/figcaption><\/picture>\n<\/div>\n<div id=\"photoZoomModal-43\" class=\"voc-lightbox modal fade voc-lightbox--photo-zoom\" role=\"dialog\" data-voc-photozoom-lightbox>\n<div class=\"voc-lightbox__dialog\" role=\"document\">\n<div class=\"voc-lightbox__content\"> <!-- Modal header --> <!-- Modal content --> <\/p>\n<div class=\"voc-lightbox__photo-container\"> <picture class> <img loading=\"lazy\" src=\"http:\/\/hoycordobaweb.com\/wp-content\/uploads\/2024\/05\/estas-son-las-firmas-de-la-feria-del-libro-por-las-que-merece-la-pena-hacer-cola-este-fin-de-semana-3.webp\" alt=\"Portada de Mirafiori, la \u00faltima novela de Manuel Jabois. \/ Alfaguara\"> <noscript> <img src=\"http:\/\/hoycordobaweb.com\/wp-content\/uploads\/2024\/05\/estas-son-las-firmas-de-la-feria-del-libro-por-las-que-merece-la-pena-hacer-cola-este-fin-de-semana-3.webp\" alt=\"Portada de Mirafiori, la \u00faltima novela de Manuel Jabois. \/ Alfaguara\"> <\/noscript> <\/picture> <\/div><\/div><\/div>\n<\/div>\n<p><h3 class=\"voc-detail__title\"> Manuel Jabois. 7, 8 y 9 de junio.<br \/>\n<\/h3>\n<\/p>\n<p class=\"voc-paragraph\">Han pasado nueve meses desde que su \u00faltimo libro llegase a las librer\u00edas, pero el <strong>periodista y escritor gallego<\/strong> no ha dejado de recorrer Espa\u00f1a presentando Mirafiori en todo este tiempo. Y ahora no pod\u00eda faltar a la cita literaria por excelencia en la ciudad que es su casa desde hace unos a\u00f1os, donde firmar\u00e1 sus libros en 8 casetas diferentes en seis d\u00edas a lo largo de toda la feria. Si todav\u00eda queda alguien que no haya le\u00eddo el \u00faltimo libro de <a data-voc-vtm-id=\"in-text-traffic\" href=\"https:\/\/www.mujerhoy.com\/actualidad\/manuel-jabois-entrevista-mirafiori-novela-historia-amor-20231010081550-nt.html\" title=\"www.mujerhoy.com\">Manuel Jabois<\/a>, la Feria del Libro de Madrid es una buena excusa para hacerlo. <\/p>\n<div class=\"voc-detail-photo-zoom\"> <picture data-toggle=\"modal\" data-target=\"#photoZoomModal-883\" target=\"modal\">\n<div class=\"voc-img-icon-link\"> <img loading=\"lazy\" src=\"http:\/\/hoycordobaweb.com\/wp-content\/uploads\/2024\/05\/estas-son-las-firmas-de-la-feria-del-libro-por-las-que-merece-la-pena-hacer-cola-este-fin-de-semana-4.webp\" width=\"650\" height=\"900\" alt=\"Portada de Ensayo general, el \u00faltimo libro de Milena Busquets. \/ Anagrama\"> <noscript> <img src=\"http:\/\/hoycordobaweb.com\/wp-content\/uploads\/2024\/05\/estas-son-las-firmas-de-la-feria-del-libro-por-las-que-merece-la-pena-hacer-cola-este-fin-de-semana-4.webp\" alt=\"Portada de Ensayo general, el \u00faltimo libro de Milena Busquets. \/ Anagrama\"> <\/noscript> <i class=\"voc-icons zoom voc-multimedia-box voc-ico-l\"><\/i> <\/div><figcaption class=\"figure-caption\">Portada de Ensayo general, el \u00faltimo libro de Milena Busquets. \/ Anagrama<\/figcaption><\/picture>\n<\/div>\n<div id=\"photoZoomModal-883\" class=\"voc-lightbox modal fade voc-lightbox--photo-zoom\" role=\"dialog\" data-voc-photozoom-lightbox>\n<div class=\"voc-lightbox__dialog\" role=\"document\">\n<div class=\"voc-lightbox__content\"> <!-- Modal header --> <!-- Modal content --> <\/p>\n<div class=\"voc-lightbox__photo-container\"> <picture class> <img loading=\"lazy\" src=\"http:\/\/hoycordobaweb.com\/wp-content\/uploads\/2024\/05\/estas-son-las-firmas-de-la-feria-del-libro-por-las-que-merece-la-pena-hacer-cola-este-fin-de-semana-4.webp\" alt=\"Portada de Ensayo general, el \u00faltimo libro de Milena Busquets. \/ Anagrama\"> <noscript> <img src=\"http:\/\/hoycordobaweb.com\/wp-content\/uploads\/2024\/05\/estas-son-las-firmas-de-la-feria-del-libro-por-las-que-merece-la-pena-hacer-cola-este-fin-de-semana-4.webp\" alt=\"Portada de Ensayo general, el \u00faltimo libro de Milena Busquets. \/ Anagrama\"> <\/noscript> <\/picture> <\/div><\/div><\/div>\n<\/div>\n<p><h3 class=\"voc-detail__title\"> Milena Busquets. 7, 8 y 9 de junio.<br \/>\n<\/h3>\n<\/p>\n<p class=\"voc-paragraph\">La autora de Tambi\u00e9n esto pasar\u00e1 ha regresado a las librer\u00edas con Ensayo general, un lienzo impresionista de los momentos vitales, piezas breves en las que lo que hemos dejado atr\u00e1s, lo que atesoramos en la memoria y lo que est\u00e1 por venir se unen en <strong>elegantes piezas breves<\/strong>. Su recopilaci\u00f3n de textos period\u00edsticos Hombres elegantes y otros art\u00edculos, el diario Las palabras justas o su novela, Gema, son otras de las obras de la autora catalana que podremos comprar en la Feria.\n<\/p>\n<div class=\"voc-detail-photo-zoom\"> <picture data-toggle=\"modal\" data-target=\"#photoZoomModal-296\" target=\"modal\">\n<div class=\"voc-img-icon-link\"> <img loading=\"lazy\" src=\"http:\/\/hoycordobaweb.com\/wp-content\/uploads\/2024\/05\/estas-son-las-firmas-de-la-feria-del-libro-por-las-que-merece-la-pena-hacer-cola-este-fin-de-semana-5.webp\" width=\"650\" height=\"900\" alt=\"Portada de Castillos de fuego, la \u00faltima novela de Ignacio Mart\u00ednez de Pis\u00f3n. \/ Seix Barral\"> <noscript> <img src=\"http:\/\/hoycordobaweb.com\/wp-content\/uploads\/2024\/05\/estas-son-las-firmas-de-la-feria-del-libro-por-las-que-merece-la-pena-hacer-cola-este-fin-de-semana-5.webp\" alt=\"Portada de Castillos de fuego, la \u00faltima novela de Ignacio Mart\u00ednez de Pis\u00f3n. \/ Seix Barral\"> <\/noscript> <i class=\"voc-icons zoom voc-multimedia-box voc-ico-l\"><\/i> <\/div><figcaption class=\"figure-caption\">Portada de Castillos de fuego, la \u00faltima novela de Ignacio Mart\u00ednez de Pis\u00f3n. \/ Seix Barral<\/figcaption><\/picture>\n<\/div>\n<div id=\"photoZoomModal-296\" class=\"voc-lightbox modal fade voc-lightbox--photo-zoom\" role=\"dialog\" data-voc-photozoom-lightbox>\n<div class=\"voc-lightbox__dialog\" role=\"document\">\n<div class=\"voc-lightbox__content\"> <!-- Modal header --> <!-- Modal content --> <\/p>\n<div class=\"voc-lightbox__photo-container\"> <picture class> <img loading=\"lazy\" src=\"http:\/\/hoycordobaweb.com\/wp-content\/uploads\/2024\/05\/estas-son-las-firmas-de-la-feria-del-libro-por-las-que-merece-la-pena-hacer-cola-este-fin-de-semana-5.webp\" alt=\"Portada de Castillos de fuego, la \u00faltima novela de Ignacio Mart\u00ednez de Pis\u00f3n. \/ Seix Barral\"> <noscript> <img src=\"http:\/\/hoycordobaweb.com\/wp-content\/uploads\/2024\/05\/estas-son-las-firmas-de-la-feria-del-libro-por-las-que-merece-la-pena-hacer-cola-este-fin-de-semana-5.webp\" alt=\"Portada de Castillos de fuego, la \u00faltima novela de Ignacio Mart\u00ednez de Pis\u00f3n. \/ Seix Barral\"> <\/noscript> <\/picture> <\/div><\/div><\/div>\n<\/div>\n<p><h3 class=\"voc-detail__title\"> Ignacio Mart\u00ednez de Pis\u00f3n. 7, 8 y 9 de junio.<br \/>\n<\/h3>\n<\/p>\n<p class=\"voc-paragraph\">Ha pasado un a\u00f1o ya desde que Castillos de fuego, su \u00faltima novela, lleg\u00f3 a las librer\u00edas pero el escritor ma\u00f1o, autor de obras tan importantes en nuestra literatura como <strong>El d\u00eda de ma\u00f1ana<\/strong> o La buena reputaci\u00f3n, estar\u00e1 en la Feria del Libro de Madrid, para alegr\u00eda de sus muchos lectores. En su extensa bibliograf\u00eda encontramos varios libros que se encuentran en lo mejor del a\u00f1o, y es un autor fundamental para disfrutar de historias realistas que recorren la Historia de nuestro pa\u00eds. <\/p>\n<div class=\"voc-detail-photo-zoom\"> <picture data-toggle=\"modal\" data-target=\"#photoZoomModal-35\" target=\"modal\">\n<div class=\"voc-img-icon-link\"> <img loading=\"lazy\" src=\"http:\/\/hoycordobaweb.com\/wp-content\/uploads\/2024\/05\/estas-son-las-firmas-de-la-feria-del-libro-por-las-que-merece-la-pena-hacer-cola-este-fin-de-semana-6.webp\" width=\"650\" height=\"900\" alt=\"Portada de El pa\u00eds de las mujeres, de Gioconda Belli. \/ Seis Barral\"> <noscript> <img src=\"http:\/\/hoycordobaweb.com\/wp-content\/uploads\/2024\/05\/estas-son-las-firmas-de-la-feria-del-libro-por-las-que-merece-la-pena-hacer-cola-este-fin-de-semana-6.webp\" alt=\"Portada de El pa\u00eds de las mujeres, de Gioconda Belli. \/ Seis Barral\"> <\/noscript> <i class=\"voc-icons zoom voc-multimedia-box voc-ico-l\"><\/i> <\/div><figcaption class=\"figure-caption\">Portada de El pa\u00eds de las mujeres, de Gioconda Belli. \/ Seis Barral<\/figcaption><\/picture>\n<\/div>\n<div id=\"photoZoomModal-35\" class=\"voc-lightbox modal fade voc-lightbox--photo-zoom\" role=\"dialog\" data-voc-photozoom-lightbox>\n<div class=\"voc-lightbox__dialog\" role=\"document\">\n<div class=\"voc-lightbox__content\"> <!-- Modal header --> <!-- Modal content --> <\/p>\n<div class=\"voc-lightbox__photo-container\"> <picture class> <img loading=\"lazy\" src=\"http:\/\/hoycordobaweb.com\/wp-content\/uploads\/2024\/05\/estas-son-las-firmas-de-la-feria-del-libro-por-las-que-merece-la-pena-hacer-cola-este-fin-de-semana-6.webp\" alt=\"Portada de El pa\u00eds de las mujeres, de Gioconda Belli. \/ Seis Barral\"> <noscript> <img src=\"http:\/\/hoycordobaweb.com\/wp-content\/uploads\/2024\/05\/estas-son-las-firmas-de-la-feria-del-libro-por-las-que-merece-la-pena-hacer-cola-este-fin-de-semana-6.webp\" alt=\"Portada de El pa\u00eds de las mujeres, de Gioconda Belli. \/ Seis Barral\"> <\/noscript> <\/picture> <\/div><\/div><\/div>\n<\/div>\n<p><h3 class=\"voc-detail__title\"> Gioconda Belli. 8 y 9 de junio.<br \/>\n<\/h3>\n<\/p>\n<p class=\"voc-paragraph\">La edici\u00f3n actualizada de El pa\u00eds bajo mi piel, El pa\u00eds de las mujeres, publicado en 2023 o El pergamino de la seducci\u00f3n, que lleg\u00f3 a las librer\u00edas un a\u00f1o antes, son algunas de las novelas que ha publicado en esta d\u00e9cada la <strong>poeta y novelista<\/strong> de origen nicarag\u00fcense y nacionalidad espa\u00f1ola. Desde sus inicios, en los a\u00f1os 70, su obra se caracteriza por su compromiso pol\u00edtico, el feminismo y la identidad femenina y ha sido traducida a m\u00e1s de 14 idiomas. <\/p>\n<div class=\"voc-detail-photo-zoom\"> <picture data-toggle=\"modal\" data-target=\"#photoZoomModal-866\" target=\"modal\">\n<div class=\"voc-img-icon-link\"> <img loading=\"lazy\" src=\"http:\/\/hoycordobaweb.com\/wp-content\/uploads\/2024\/05\/estas-son-las-firmas-de-la-feria-del-libro-por-las-que-merece-la-pena-hacer-cola-este-fin-de-semana-1.jpg\" width=\"650\" height=\"900\" alt=\"Portada del \u00faltimo libro de Jo\u00ebl Dicker, Un animal salvaje. \/ Alfaguara\"> <noscript> <img src=\"http:\/\/hoycordobaweb.com\/wp-content\/uploads\/2024\/05\/estas-son-las-firmas-de-la-feria-del-libro-por-las-que-merece-la-pena-hacer-cola-este-fin-de-semana-1.jpg\" alt=\"Portada del \u00faltimo libro de Jo\u00ebl Dicker, Un animal salvaje. \/ Alfaguara\"> <\/noscript> <i class=\"voc-icons zoom voc-multimedia-box voc-ico-l\"><\/i> <\/div><figcaption class=\"figure-caption\">Portada del \u00faltimo libro de Jo\u00ebl Dicker, Un animal salvaje. \/ Alfaguara<\/figcaption><\/picture>\n<\/div>\n<div id=\"photoZoomModal-866\" class=\"voc-lightbox modal fade voc-lightbox--photo-zoom\" role=\"dialog\" data-voc-photozoom-lightbox>\n<div class=\"voc-lightbox__dialog\" role=\"document\">\n<div class=\"voc-lightbox__content\"> <!-- Modal header --> <!-- Modal content --> <\/p>\n<div class=\"voc-lightbox__photo-container\"> <picture class> <img loading=\"lazy\" src=\"http:\/\/hoycordobaweb.com\/wp-content\/uploads\/2024\/05\/estas-son-las-firmas-de-la-feria-del-libro-por-las-que-merece-la-pena-hacer-cola-este-fin-de-semana-1.jpg\" alt=\"Portada del \u00faltimo libro de Jo\u00ebl Dicker, Un animal salvaje. \/ Alfaguara\"> <noscript> <img src=\"http:\/\/hoycordobaweb.com\/wp-content\/uploads\/2024\/05\/estas-son-las-firmas-de-la-feria-del-libro-por-las-que-merece-la-pena-hacer-cola-este-fin-de-semana-1.jpg\" alt=\"Portada del \u00faltimo libro de Jo\u00ebl Dicker, Un animal salvaje. \/ Alfaguara\"> <\/noscript> <\/picture> <\/div><\/div><\/div>\n<\/div>\n<p><h3 class=\"voc-detail__title\"> Jo\u00ebl Dicker. 7, 8 y 9 de junio.<br \/>\n<\/h3>\n<\/p>\n<p class=\"voc-paragraph\">Apenas hace unos meses que su \u00faltima obra, Un animal salvaje, lleg\u00f3 a las librer\u00edas y el escritor suizo que arras\u00f3 en 2012 con <strong>La verdad sobre el caso Harry Quebert<\/strong> regresa un a\u00f1o m\u00e1s a las casetas de la Feria del Libro de Madrid para satisfacci\u00f3n de los y las amantes de sus historias, en las que el thriller y el suspense son los ingredientes fundamentales. <\/p>\n<div class=\"voc-detail-photo-zoom\"> <picture data-toggle=\"modal\" data-target=\"#photoZoomModal-848\" target=\"modal\">\n<div class=\"voc-img-icon-link\"> <img loading=\"lazy\" src=\"http:\/\/hoycordobaweb.com\/wp-content\/uploads\/2024\/05\/estas-son-las-firmas-de-la-feria-del-libro-por-las-que-merece-la-pena-hacer-cola-este-fin-de-semana-7.webp\" width=\"650\" height=\"900\" alt=\"Portada de La mujer fugitiva, el \u00faltimo caso de la m\u00edtica Petra Delicado. \/ Destino\"> <noscript> <img src=\"http:\/\/hoycordobaweb.com\/wp-content\/uploads\/2024\/05\/estas-son-las-firmas-de-la-feria-del-libro-por-las-que-merece-la-pena-hacer-cola-este-fin-de-semana-7.webp\" alt=\"Portada de La mujer fugitiva, el \u00faltimo caso de la m\u00edtica Petra Delicado. \/ Destino\"> <\/noscript> <i class=\"voc-icons zoom voc-multimedia-box voc-ico-l\"><\/i> <\/div><figcaption class=\"figure-caption\">Portada de La mujer fugitiva, el \u00faltimo caso de la m\u00edtica Petra Delicado. \/ Destino<\/figcaption><\/picture>\n<\/div>\n<div id=\"photoZoomModal-848\" class=\"voc-lightbox modal fade voc-lightbox--photo-zoom\" role=\"dialog\" data-voc-photozoom-lightbox>\n<div class=\"voc-lightbox__dialog\" role=\"document\">\n<div class=\"voc-lightbox__content\"> <!-- Modal header --> <!-- Modal content --> <\/p>\n<div class=\"voc-lightbox__photo-container\"> <picture class> <img loading=\"lazy\" src=\"http:\/\/hoycordobaweb.com\/wp-content\/uploads\/2024\/05\/estas-son-las-firmas-de-la-feria-del-libro-por-las-que-merece-la-pena-hacer-cola-este-fin-de-semana-7.webp\" alt=\"Portada de La mujer fugitiva, el \u00faltimo caso de la m\u00edtica Petra Delicado. \/ Destino\"> <noscript> <img src=\"http:\/\/hoycordobaweb.com\/wp-content\/uploads\/2024\/05\/estas-son-las-firmas-de-la-feria-del-libro-por-las-que-merece-la-pena-hacer-cola-este-fin-de-semana-7.webp\" alt=\"Portada de La mujer fugitiva, el \u00faltimo caso de la m\u00edtica Petra Delicado. \/ Destino\"> <\/noscript> <\/picture> <\/div><\/div><\/div>\n<\/div>\n<p><h3 class=\"voc-detail__title\"> Alicia Gim\u00e9nez Bartlett 8 y 9 de junio.<br \/>\n<\/h3>\n<\/p>\n<p class=\"voc-paragraph\">La \u00abmadre\u00bb de la serie de novela negra m\u00e1s vendida de los \u00faltimos 30 a\u00f1os y de su protagonista, Petra Delicado, ha regresado en este 2024 con La mujer fugitiva, que en apenas unos meses ha alcanzado su cuarta edici\u00f3n. Autora prol\u00edfica y <strong>referente en el g\u00e9nero del crimen<\/strong>, a lo largo de su carrera ha recibido los prestigiosos premios Grinzane Cavour en Italia y Raymond Chandler en Suiza. Por unos d\u00edas habr\u00e1 que dejar de buscar a los criminales de sus historias para encontrarnos con ella en el Parque del Retiro. <\/p>\n<div class=\"voc-detail-photo-zoom\"> <picture data-toggle=\"modal\" data-target=\"#photoZoomModal-692\" target=\"modal\">\n<div class=\"voc-img-icon-link\"> <img loading=\"lazy\" src=\"http:\/\/hoycordobaweb.com\/wp-content\/uploads\/2024\/05\/estas-son-las-firmas-de-la-feria-del-libro-por-las-que-merece-la-pena-hacer-cola-este-fin-de-semana-8.webp\" width=\"650\" height=\"900\" alt=\"Portada de La \u00faltima funci\u00f3n, la novela m\u00e1s reciente de Luis Landero. \/ Tusquets\"> <noscript> <img src=\"http:\/\/hoycordobaweb.com\/wp-content\/uploads\/2024\/05\/estas-son-las-firmas-de-la-feria-del-libro-por-las-que-merece-la-pena-hacer-cola-este-fin-de-semana-8.webp\" alt=\"Portada de La \u00faltima funci\u00f3n, la novela m\u00e1s reciente de Luis Landero. \/ Tusquets\"> <\/noscript> <i class=\"voc-icons zoom voc-multimedia-box voc-ico-l\"><\/i> <\/div><figcaption class=\"figure-caption\">Portada de La \u00faltima funci\u00f3n, la novela m\u00e1s reciente de Luis Landero. \/ Tusquets<\/figcaption><\/picture>\n<\/div>\n<div id=\"photoZoomModal-692\" class=\"voc-lightbox modal fade voc-lightbox--photo-zoom\" role=\"dialog\" data-voc-photozoom-lightbox>\n<div class=\"voc-lightbox__dialog\" role=\"document\">\n<div class=\"voc-lightbox__content\"> <!-- Modal header --> <!-- Modal content --> <\/p>\n<div class=\"voc-lightbox__photo-container\"> <picture class> <img loading=\"lazy\" src=\"http:\/\/hoycordobaweb.com\/wp-content\/uploads\/2024\/05\/estas-son-las-firmas-de-la-feria-del-libro-por-las-que-merece-la-pena-hacer-cola-este-fin-de-semana-8.webp\" alt=\"Portada de La \u00faltima funci\u00f3n, la novela m\u00e1s reciente de Luis Landero. \/ Tusquets\"> <noscript> <img src=\"http:\/\/hoycordobaweb.com\/wp-content\/uploads\/2024\/05\/estas-son-las-firmas-de-la-feria-del-libro-por-las-que-merece-la-pena-hacer-cola-este-fin-de-semana-8.webp\" alt=\"Portada de La \u00faltima funci\u00f3n, la novela m\u00e1s reciente de Luis Landero. \/ Tusquets\"> <\/noscript> <\/picture> <\/div><\/div><\/div>\n<\/div>\n<p><h3 class=\"voc-detail__title\"> Luis Landero. 8 y 9 de junio.<br \/>\n<\/h3>\n<\/p>\n<p class=\"voc-paragraph\">El escritor extreme\u00f1o, autor de imprescindibles de las letras espa\u00f1olas como Juegos de la edad tard\u00eda o Caballeros de fortuna, y <strong>Premio Nacional de las Letras Espa\u00f1ola<\/strong>s 2022, comenz\u00f3 2024 publicando La \u00faltima funci\u00f3n. Una novela colectiva con un sinf\u00edn de personajes secundarios humor\u00edsticos y admirables y una relaci\u00f3n de amor inesperada. Otra creaci\u00f3n en la que Landero demuestra que la literatura espa\u00f1ola actual no se entiende sin sus fabulosas historias. <\/p>\n<div class=\"voc-detail-photo-zoom\"> <picture data-toggle=\"modal\" data-target=\"#photoZoomModal-994\" target=\"modal\">\n<div class=\"voc-img-icon-link\"> <img loading=\"lazy\" src=\"http:\/\/hoycordobaweb.com\/wp-content\/uploads\/2024\/05\/estas-son-las-firmas-de-la-feria-del-libro-por-las-que-merece-la-pena-hacer-cola-este-fin-de-semana-9.webp\" width=\"650\" height=\"900\" alt=\"Portada de No tocar\u00e1s, la primera novela de Nuria P\u00e9rez. \/ Salamandra\"> <noscript> <img src=\"http:\/\/hoycordobaweb.com\/wp-content\/uploads\/2024\/05\/estas-son-las-firmas-de-la-feria-del-libro-por-las-que-merece-la-pena-hacer-cola-este-fin-de-semana-9.webp\" alt=\"Portada de No tocar\u00e1s, la primera novela de Nuria P\u00e9rez. \/ Salamandra\"> <\/noscript> <i class=\"voc-icons zoom voc-multimedia-box voc-ico-l\"><\/i> <\/div><figcaption class=\"figure-caption\">Portada de No tocar\u00e1s, la primera novela de Nuria P\u00e9rez. \/ Salamandra<\/figcaption><\/picture>\n<\/div>\n<div id=\"photoZoomModal-994\" class=\"voc-lightbox modal fade voc-lightbox--photo-zoom\" role=\"dialog\" data-voc-photozoom-lightbox>\n<div class=\"voc-lightbox__dialog\" role=\"document\">\n<div class=\"voc-lightbox__content\"> <!-- Modal header --> <!-- Modal content --> <\/p>\n<div class=\"voc-lightbox__photo-container\"> <picture class> <img loading=\"lazy\" src=\"http:\/\/hoycordobaweb.com\/wp-content\/uploads\/2024\/05\/estas-son-las-firmas-de-la-feria-del-libro-por-las-que-merece-la-pena-hacer-cola-este-fin-de-semana-9.webp\" alt=\"Portada de No tocar\u00e1s, la primera novela de Nuria P\u00e9rez. \/ Salamandra\"> <noscript> <img src=\"http:\/\/hoycordobaweb.com\/wp-content\/uploads\/2024\/05\/estas-son-las-firmas-de-la-feria-del-libro-por-las-que-merece-la-pena-hacer-cola-este-fin-de-semana-9.webp\" alt=\"Portada de No tocar\u00e1s, la primera novela de Nuria P\u00e9rez. \/ Salamandra\"> <\/noscript> <\/picture> <\/div><\/div><\/div>\n<\/div>\n<p><h3 class=\"voc-detail__title\"> Nuria P\u00e9rez. 9 de junio. <\/h3>\n<\/p>\n<p class=\"voc-paragraph\">La creadora del p\u00f3dcast Gabinete de Curiosidades debuta en la ficci\u00f3n literaria con No Tocar\u00e1s, la historia de tres mujeres excepcionales unidas por sentimientos universales y un edificio, el Alexandra Palace. Una <strong>novela<\/strong> que ya ha vendido sus derechos de traducci\u00f3n en Francia e Italia, en la que P\u00e9rez nos recuerda que no hay mayor libertad que la de ser due\u00f1os de nuestro propio destino.\n<\/p>\n<p> <!-- TOPICS --> <\/p>\n","protected":false},"excerpt":{"rendered":"<p>El momento m\u00e1s esperado por todos los amantes de la lectura ha llegado ya y la Feria del Libro de Madrid est\u00e1 a pleno rendimiento. Tras el fin de semana de estreno, en el que lectoras y lectores ya se han comprado los libros que tanto deseaban o han conocido a su autor favorito, llega [&hellip;]<\/p>\n","protected":false},"author":1,"featured_media":78308,"comment_status":"closed","ping_status":"closed","sticky":false,"template":"","format":"standard","meta":[],"categories":[],"tags":[],"_links":{"self":[{"href":"http:\/\/hoycordobaweb.com\/index.php\/wp-json\/wp\/v2\/posts\/78307"}],"collection":[{"href":"http:\/\/hoycordobaweb.com\/index.php\/wp-json\/wp\/v2\/posts"}],"about":[{"href":"http:\/\/hoycordobaweb.com\/index.php\/wp-json\/wp\/v2\/types\/post"}],"author":[{"embeddable":true,"href":"http:\/\/hoycordobaweb.com\/index.php\/wp-json\/wp\/v2\/users\/1"}],"replies":[{"embeddable":true,"href":"http:\/\/hoycordobaweb.com\/index.php\/wp-json\/wp\/v2\/comments?post=78307"}],"version-history":[{"count":0,"href":"http:\/\/hoycordobaweb.com\/index.php\/wp-json\/wp\/v2\/posts\/78307\/revisions"}],"wp:featuredmedia":[{"embeddable":true,"href":"http:\/\/hoycordobaweb.com\/index.php\/wp-json\/wp\/v2\/media\/78308"}],"wp:attachment":[{"href":"http:\/\/hoycordobaweb.com\/index.php\/wp-json\/wp\/v2\/media?parent=78307"}],"wp:term":[{"taxonomy":"category","embeddable":true,"href":"http:\/\/hoycordobaweb.com\/index.php\/wp-json\/wp\/v2\/categories?post=78307"},{"taxonomy":"post_tag","embeddable":true,"href":"http:\/\/hoycordobaweb.com\/index.php\/wp-json\/wp\/v2\/tags?post=78307"}],"curies":[{"name":"wp","href":"https:\/\/api.w.org\/{rel}","templated":true}]}}