{"id":78297,"date":"2024-05-30T23:24:20","date_gmt":"2024-05-30T23:24:20","guid":{"rendered":"https:\/\/www.ole.com.ar\/futbol-internacional\/libertadores\/palmeiras-san-lorenzo-copa-libertadores-copa-america-endrick-real-madrid_0_XVmtvO3Xrp.html"},"modified":"2024-05-30T23:24:20","modified_gmt":"2024-05-30T23:24:20","slug":"la-emotiva-despedida-de-los-hinchas-de-palmeiras-a-endrick","status":"publish","type":"post","link":"http:\/\/hoycordobaweb.com\/index.php\/2024\/05\/30\/la-emotiva-despedida-de-los-hinchas-de-palmeiras-a-endrick\/","title":{"rendered":"La emotiva despedida de los hinchas de Palmeiras a Endrick"},"content":{"rendered":"<p><img src=\"http:\/\/hoycordobaweb.com\/wp-content\/uploads\/2024\/05\/la-emotiva-despedida-de-los-hinchas-de-palmeiras-a-endrick.jpg\"><\/p>\n<p><time class=\"createDate\" datetime=\"2024-05-30T20:24:20-03:00\">30\/05\/2024 20:24hs.<\/time><\/p>\n<div id=\"storyBody\">\n<div class=\"custom-text \" readability=\"36\">\n<p><strong>No es el adi\u00f3s de un jugador m\u00e1s.<\/strong> La marca de Endrick qued\u00f3 grabada a flor de piel en el sentimiento de los hinchas de Palmeiras. El joven es ni\u00f1o mimado de los hinchas del Verdao y en la antesala de su \u00faltimo partido lo despidieron a lo grande. <strong>Frente a San Lorenzo, el delantero juega su \u00faltimo partido con la camiseta del Verdao antes de partir rumbo a Madrid donde lo espera el Real Madrid luego de la Copa Am\u00e9rica.<\/strong><\/p>\n<\/div>\n<p><h2>Endrick juega su \u00faltimo partido en Palmeiras<\/h2>\n<\/p>\n<div class=\"custom-text \" readability=\"38\">\n<p><strong>Antes del arranque del partido, los hinchas del Verdao desplegaron una pancarta sobre una de las plateas que dec\u00eda: \u00abHasta luego\u00bb<\/strong>, junto con una imagen del crack brasile\u00f1o que jugar\u00e1 la Copa Am\u00e9rica con la Canarinha. Tras el homenaje, el punta de 17 a\u00f1os se vio visiblemente emocionado al punto tal que se le cayeron un par de l\u00e1grimas. <\/p>\n<\/div>\n<div class=\"sc-e7b891c4-0 jPbnQF\"><img alt=\"La pancarta de los hinchas para Endrick. (Photo by NELSON ALMEIDA \/ AFP)\" src=\"http:\/\/hoycordobaweb.com\/wp-content\/uploads\/2024\/05\/la-emotiva-despedida-de-los-hinchas-de-palmeiras-a-endrick-2.jpg\" width=\"720\" height=\"100\" decoding=\"async\" data-nimg=\"future\" loading=\"lazy\"><span class=\"epigraphe\">La pancarta de los hinchas para Endrick. (Photo by NELSON ALMEIDA \/ AFP)<\/span><\/div>\n<div class=\"custom-text \" readability=\"39\">\n<p>Ante San Lorenzo, el delantero juega su \u00faltimo partido antes de partir al Real Madrid.<strong> El Merengue compr\u00f3 la ficha del punta en 60 millones de euros a mediados de 2023 (35 ya fueron abonados al Palmeiras, pero el acuerdo estima unos 25 millones extras en materia de distintas variables),<\/strong> pero el delantero reci\u00e9n se sumar\u00e1 al equipo de Carlo Ancelotti luego de la Copa Am\u00e9rica, ya que cumplir\u00e1 18 a\u00f1os el pr\u00f3ximo 21 de julio.<\/p>\n<\/div>\n<p><h2>Los n\u00fameros en Palmeiras<\/h2>\n<\/p>\n<div class=\"custom-text \" readability=\"37\">\n<p><strong>Desde su debut en 2021, la joven estrella del f\u00fatbol paulista disput\u00f3 97 encuentros con la camiseta de Palmeiras y convirti\u00f3 30 goles.<\/strong> Adem\u00e1s, fue campe\u00f3n del Brasileirao en 2022 y 2023 a lo que se suma la Supercopa de Brasil que consigui\u00f3 a fines del a\u00f1o pasado y un par de campeonatos paulistas.<\/p>\n<\/div>\n<div class=\"custom-text \" readability=\"37\">\n<p>Antes de su salida del Palmeiras, el delantero charl\u00f3 mano a mano con Ol\u00e9 y asegur\u00f3: <strong>\u00abEn dos a\u00f1os en el equipo principal gan\u00e9 cinco t\u00edtulos, tres de los cuales fueron nacionales. Falta uno internacional. <\/strong>Voy a alentar a mis compa\u00f1eros para que ganen esta edici\u00f3n de la Copa Libertadores y poder venir a buscar mi medalla\u00bb<\/p>\n<\/div>\n<div class=\"custom-text \" readability=\"36\">\n<p>Un adi\u00f3s a tono, Palmeiras despide a uno de sus hijos pr\u00f3digos que seguramente no habr\u00e1 vestido por \u00faltima vez la camiseta del Verdao.<strong> Con la Copa Am\u00e9rica en el horizonte y el Real Madrid a la vuelta de la esquina, Endrick cierra la primera etapa de una carrera que promete y mucho. <\/strong><\/p>\n<\/div>\n<div class=\"sc-e7b891c4-0 jPbnQF\"><img alt=\"Mucho amor para Endrick en su despedida de Palmeiras. REUTERS\/Carla Carniel\" src=\"http:\/\/hoycordobaweb.com\/wp-content\/uploads\/2024\/05\/la-emotiva-despedida-de-los-hinchas-de-palmeiras-a-endrick-3.jpg\" width=\"720\" height=\"100\" decoding=\"async\" data-nimg=\"future\" loading=\"lazy\"><span class=\"epigraphe\">Mucho amor para Endrick en su despedida de Palmeiras. REUTERS\/Carla Carniel<\/span><\/div>\n<div class=\"sc-a7166897-0 exHLBh\" readability=\"6\">\n<section readability=\"2\"><picture><img alt=\"Mbapp\u00e9 ya sonri\u00f3 con la camiseta del Real Madrid\" src=\"http:\/\/hoycordobaweb.com\/wp-content\/uploads\/2024\/05\/la-emotiva-despedida-de-los-hinchas-de-palmeiras-a-endrick-4.jpg\" width=\"290\" height=\"290\" decoding=\"async\" data-nimg=\"future\" loading=\"lazy\"><\/picture>\n<p><span>Mir\u00e1 tambi\u00e9n<\/span><\/p>\n<hr>\n<h3>Mbapp\u00e9 ya sonri\u00f3 con la camiseta del Real Madrid<\/h3>\n<\/p>\n<\/section>\n<\/div>\n<div class=\"sc-a7166897-0 exHLBh\" readability=\"6\">\n<section readability=\"2\"><picture><img alt=\"Baja para V\u00e9lez: \u00bfqui\u00e9n deja el equipo de Liniers?\" src=\"http:\/\/hoycordobaweb.com\/wp-content\/uploads\/2024\/05\/la-emotiva-despedida-de-los-hinchas-de-palmeiras-a-endrick-5.jpg\" width=\"290\" height=\"290\" decoding=\"async\" data-nimg=\"future\" loading=\"lazy\"><\/picture>\n<p><span>Mir\u00e1 tambi\u00e9n<\/span><\/p>\n<hr>\n<h3>Baja para V\u00e9lez: \u00bfqui\u00e9n deja el equipo de Liniers?<\/h3>\n<\/p>\n<\/section>\n<\/div>\n<div class=\"sc-a7166897-0 exHLBh\" readability=\"6\">\n<section readability=\"2\"><picture><img alt=\"Zaf\u00f3 San Lorenzo en el primer tiempo: el gol que le anularon a Palmeiras por VAR\" src=\"http:\/\/hoycordobaweb.com\/wp-content\/uploads\/2024\/05\/la-emotiva-despedida-de-los-hinchas-de-palmeiras-a-endrick-6.jpg\" width=\"290\" height=\"290\" decoding=\"async\" data-nimg=\"future\" loading=\"lazy\"><\/picture>\n<p><span>Mir\u00e1 tambi\u00e9n<\/span><\/p>\n<hr>\n<h3>Zaf\u00f3 San Lorenzo en el primer tiempo: el gol que le anularon a Palmeiras por VAR<\/h3>\n<\/p>\n<\/section>\n<\/div>\n<\/div>\n","protected":false},"excerpt":{"rendered":"<p>30\/05\/2024 20:24hs. No es el adi\u00f3s de un jugador m\u00e1s. La marca de Endrick qued\u00f3 grabada a flor de piel en el sentimiento de los hinchas de Palmeiras. El joven es ni\u00f1o mimado de los hinchas del Verdao y en la antesala de su \u00faltimo partido lo despidieron a lo grande. Frente a San Lorenzo, [&hellip;]<\/p>\n","protected":false},"author":1,"featured_media":78298,"comment_status":"open","ping_status":"closed","sticky":false,"template":"","format":"standard","meta":[],"categories":[16],"tags":[],"_links":{"self":[{"href":"http:\/\/hoycordobaweb.com\/index.php\/wp-json\/wp\/v2\/posts\/78297"}],"collection":[{"href":"http:\/\/hoycordobaweb.com\/index.php\/wp-json\/wp\/v2\/posts"}],"about":[{"href":"http:\/\/hoycordobaweb.com\/index.php\/wp-json\/wp\/v2\/types\/post"}],"author":[{"embeddable":true,"href":"http:\/\/hoycordobaweb.com\/index.php\/wp-json\/wp\/v2\/users\/1"}],"replies":[{"embeddable":true,"href":"http:\/\/hoycordobaweb.com\/index.php\/wp-json\/wp\/v2\/comments?post=78297"}],"version-history":[{"count":0,"href":"http:\/\/hoycordobaweb.com\/index.php\/wp-json\/wp\/v2\/posts\/78297\/revisions"}],"wp:featuredmedia":[{"embeddable":true,"href":"http:\/\/hoycordobaweb.com\/index.php\/wp-json\/wp\/v2\/media\/78298"}],"wp:attachment":[{"href":"http:\/\/hoycordobaweb.com\/index.php\/wp-json\/wp\/v2\/media?parent=78297"}],"wp:term":[{"taxonomy":"category","embeddable":true,"href":"http:\/\/hoycordobaweb.com\/index.php\/wp-json\/wp\/v2\/categories?post=78297"},{"taxonomy":"post_tag","embeddable":true,"href":"http:\/\/hoycordobaweb.com\/index.php\/wp-json\/wp\/v2\/tags?post=78297"}],"curies":[{"name":"wp","href":"https:\/\/api.w.org\/{rel}","templated":true}]}}