{"id":78285,"date":"2024-05-28T09:40:00","date_gmt":"2024-05-28T09:40:00","guid":{"rendered":"https:\/\/fm-comunicar.com.ar\/contenido\/21803\/quedo-inaugurado-el-nuevo-edificio-municipal-en-colonia-caroya"},"modified":"2024-05-28T09:40:00","modified_gmt":"2024-05-28T09:40:00","slug":"quedo-inaugurado-el-nuevo-edificio-municipal-en-colonia-caroya","status":"publish","type":"post","link":"http:\/\/hoycordobaweb.com\/index.php\/2024\/05\/28\/quedo-inaugurado-el-nuevo-edificio-municipal-en-colonia-caroya\/","title":{"rendered":"Qued\u00f3 inaugurado el nuevo edificio municipal en Colonia Caroya"},"content":{"rendered":"<p>Este nuevo Centro C\u00edvico est\u00e1 ubicado en calle Italia Sur N\u00ba 54, frente a Plaza Nicol\u00e1s Avellaneda y ofrece a los caroyenses la posibilidad de realizar m\u00faltiples gestiones en un solo lugar, incluyendo la atenci\u00f3n de Ciudadano Digital, el sistema del Gobierno de la provincia de C\u00f3rdoba.<img src=\"http:\/\/hoycordobaweb.com\/wp-content\/uploads\/2024\/05\/quedo-inaugurado-el-nuevo-edificio-municipal-en-colonia-caroya.jpg\"><\/p>\n","protected":false},"excerpt":{"rendered":"<p>Este nuevo Centro C\u00edvico est\u00e1 ubicado en calle Italia Sur N\u00ba 54, frente a Plaza Nicol\u00e1s Avellaneda y ofrece a los caroyenses la posibilidad de realizar m\u00faltiples gestiones en un solo lugar, incluyendo la atenci\u00f3n de Ciudadano Digital, el sistema del Gobierno de la provincia de C\u00f3rdoba.<\/p>\n","protected":false},"author":1,"featured_media":78286,"comment_status":"closed","ping_status":"closed","sticky":false,"template":"","format":"standard","meta":[],"categories":[18],"tags":[],"_links":{"self":[{"href":"http:\/\/hoycordobaweb.com\/index.php\/wp-json\/wp\/v2\/posts\/78285"}],"collection":[{"href":"http:\/\/hoycordobaweb.com\/index.php\/wp-json\/wp\/v2\/posts"}],"about":[{"href":"http:\/\/hoycordobaweb.com\/index.php\/wp-json\/wp\/v2\/types\/post"}],"author":[{"embeddable":true,"href":"http:\/\/hoycordobaweb.com\/index.php\/wp-json\/wp\/v2\/users\/1"}],"replies":[{"embeddable":true,"href":"http:\/\/hoycordobaweb.com\/index.php\/wp-json\/wp\/v2\/comments?post=78285"}],"version-history":[{"count":0,"href":"http:\/\/hoycordobaweb.com\/index.php\/wp-json\/wp\/v2\/posts\/78285\/revisions"}],"wp:featuredmedia":[{"embeddable":true,"href":"http:\/\/hoycordobaweb.com\/index.php\/wp-json\/wp\/v2\/media\/78286"}],"wp:attachment":[{"href":"http:\/\/hoycordobaweb.com\/index.php\/wp-json\/wp\/v2\/media?parent=78285"}],"wp:term":[{"taxonomy":"category","embeddable":true,"href":"http:\/\/hoycordobaweb.com\/index.php\/wp-json\/wp\/v2\/categories?post=78285"},{"taxonomy":"post_tag","embeddable":true,"href":"http:\/\/hoycordobaweb.com\/index.php\/wp-json\/wp\/v2\/tags?post=78285"}],"curies":[{"name":"wp","href":"https:\/\/api.w.org\/{rel}","templated":true}]}}