{"id":78273,"date":"2024-05-30T01:00:00","date_gmt":"2024-05-30T01:00:00","guid":{"rendered":"https:\/\/ahora.com.ar\/show\/famosa-actriz-cayo-un-quinto-piso-esta-muy-grave-n5373373"},"modified":"2024-05-30T01:00:00","modified_gmt":"2024-05-30T01:00:00","slug":"famosa-actriz-cayo-de-un-quinto-piso-esta-muy-grave","status":"publish","type":"post","link":"http:\/\/hoycordobaweb.com\/index.php\/2024\/05\/30\/famosa-actriz-cayo-de-un-quinto-piso-esta-muy-grave\/","title":{"rendered":"Famosa actriz cay\u00f3 de un quinto piso: est\u00e1 muy grave"},"content":{"rendered":"<div><img src=\"http:\/\/hoycordobaweb.com\/wp-content\/uploads\/2024\/05\/famosa-actriz-cayo-de-un-quinto-piso-esta-muy-grave.jpg\" class=\"ff-og-image-inserted\"><\/div>\n<div id>\n<div class=\"article-body__info-wrapper\"><span class=\"article-body__date\"> <time datetime=\"2024-05-30T01:00:00.000Z\">29 de mayo de 2024 &#8211; 22:00<\/time><\/span> <\/div>\n<p>El mundo de <strong>Hollywood<\/strong> se encuentra consternado por lo ocurrido con <strong><a href=\"https:\/\/ahora.com.ar\/actriz-a25249\" target=\"_blank\" rel=\"follow noopener noreferrer\">la actriz Mamie Laverock quien cay\u00f3 de un quinto piso<\/a> de un hospital de Canad\u00e1 <\/strong>donde se encontraba internada hace tres semanas. La joven de 19 a\u00f1os se encontraba en el balc\u00f3n del propio centro m\u00e9dico cuando ocurri\u00f3 el hecho, el cual es investigado por la polic\u00eda. <strong>Su estado es cr\u00edtico.<\/strong><\/p>\n<\/p><\/div>\n<div id>\n<h2>Qu\u00e9 le pas\u00f3 a la actriz Mamie Laverock<\/h2>\n<p>\u00abNos entristece profundamente informar que el 26 de mayo, Mamie, que se encontraba en cuidados intensivos desde hac\u00eda dos semanas, <strong>fue trasladada fuera de una unidad segura del hospital<\/strong> y llevada a una habitaci\u00f3n con balc\u00f3n desde donde cay\u00f3\u00bb, se\u00f1alaron los padres de la actriz, consigna la informaci\u00f3n de <em>El Mundo.<\/em><\/p>\n<\/p><\/div>\n<div id>\n<p> \u00abMamie se someti\u00f3 a m\u00faltiples cirug\u00edas extensas y actualmente se encuentra con soporte vital. Estamos todos devastados, en shock, en este momento intensamente dif\u00edcil\u201d, agregaron sobre el estado de la protagonista del film <em>Una serie de eventos desafortunados.<\/em><\/p>\n<p>Sus padres lanzaron la colecta en la cuenta de <em>crowdfunding <\/em>donde solicitan ayuda econ\u00f3mica para para su hija.\u00bbEstamos tratando de ir todos los d\u00edas para apoyarla. Cualquier aportaci\u00f3n nos ayudar\u00eda a estar a su lado. Algo que podr\u00eda durar m\u00e1s de un mes\u00bb, se\u00f1alan en el portal.<\/p>\n<\/div>\n","protected":false},"excerpt":{"rendered":"<p>29 de mayo de 2024 &#8211; 22:00 El mundo de Hollywood se encuentra consternado por lo ocurrido con la actriz Mamie Laverock quien cay\u00f3 de un quinto piso de un hospital de Canad\u00e1 donde se encontraba internada hace tres semanas. La joven de 19 a\u00f1os se encontraba en el balc\u00f3n del propio centro m\u00e9dico cuando [&hellip;]<\/p>\n","protected":false},"author":1,"featured_media":78274,"comment_status":"closed","ping_status":"closed","sticky":false,"template":"","format":"standard","meta":[],"categories":[10,23],"tags":[],"_links":{"self":[{"href":"http:\/\/hoycordobaweb.com\/index.php\/wp-json\/wp\/v2\/posts\/78273"}],"collection":[{"href":"http:\/\/hoycordobaweb.com\/index.php\/wp-json\/wp\/v2\/posts"}],"about":[{"href":"http:\/\/hoycordobaweb.com\/index.php\/wp-json\/wp\/v2\/types\/post"}],"author":[{"embeddable":true,"href":"http:\/\/hoycordobaweb.com\/index.php\/wp-json\/wp\/v2\/users\/1"}],"replies":[{"embeddable":true,"href":"http:\/\/hoycordobaweb.com\/index.php\/wp-json\/wp\/v2\/comments?post=78273"}],"version-history":[{"count":0,"href":"http:\/\/hoycordobaweb.com\/index.php\/wp-json\/wp\/v2\/posts\/78273\/revisions"}],"wp:featuredmedia":[{"embeddable":true,"href":"http:\/\/hoycordobaweb.com\/index.php\/wp-json\/wp\/v2\/media\/78274"}],"wp:attachment":[{"href":"http:\/\/hoycordobaweb.com\/index.php\/wp-json\/wp\/v2\/media?parent=78273"}],"wp:term":[{"taxonomy":"category","embeddable":true,"href":"http:\/\/hoycordobaweb.com\/index.php\/wp-json\/wp\/v2\/categories?post=78273"},{"taxonomy":"post_tag","embeddable":true,"href":"http:\/\/hoycordobaweb.com\/index.php\/wp-json\/wp\/v2\/tags?post=78273"}],"curies":[{"name":"wp","href":"https:\/\/api.w.org\/{rel}","templated":true}]}}