{"id":78255,"date":"2024-05-29T23:41:54","date_gmt":"2024-05-29T23:41:54","guid":{"rendered":"https:\/\/www.ole.com.ar\/talleres\/talleres_0_Cpq0yzN43Z.html"},"modified":"2024-05-29T23:41:54","modified_gmt":"2024-05-29T23:41:54","slug":"talleres-se-mide-ante-san-pablo-para-terminar-lider","status":"publish","type":"post","link":"http:\/\/hoycordobaweb.com\/index.php\/2024\/05\/29\/talleres-se-mide-ante-san-pablo-para-terminar-lider\/","title":{"rendered":"Talleres se mide ante San Pablo para terminar l\u00edder"},"content":{"rendered":"<p><img src=\"http:\/\/hoycordobaweb.com\/wp-content\/uploads\/2024\/05\/talleres-se-mide-ante-san-pablo-para-terminar-lider.jpg\"><\/p>\n<div><img src=\"http:\/\/hoycordobaweb.com\/wp-content\/uploads\/2024\/05\/talleres-se-mide-ante-san-pablo-para-terminar-lider.jpg\" class=\"ff-og-image-inserted\"><\/div>\n<div readability=\"36\">\n<p>Talleres sigue firme en todos los frentes y visita a San Pablo, en el cierre del Grupo B de la Copa Libertadores. El \u00e1rbitro ser\u00e1 el colombiano Jhon Ospina, se jugar\u00e1 en el Morumb\u00ed y el duelo ser\u00e1 televisado por Fox Sports.<\/p>\n<\/div>\n<div readability=\"38\">\n<p>A la T le alcanzar\u00e1 con sumar un punto, pero sabe tambi\u00e9n que de conseguir una victoria, tiene posibilidades concretas de ser el mejor primero de toda la Copa. Del otro lado llega el equipo dirigido por Luis Zubeld\u00eda, quien transita un buen momento. Los argentinos Alan Franco y Jonathan Calleri ser\u00e1n titulares.<\/p>\n<\/div>\n","protected":false},"excerpt":{"rendered":"<p>Talleres sigue firme en todos los frentes y visita a San Pablo, en el cierre del Grupo B de la Copa Libertadores. El \u00e1rbitro ser\u00e1 el colombiano Jhon Ospina, se jugar\u00e1 en el Morumb\u00ed y el duelo ser\u00e1 televisado por Fox Sports. A la T le alcanzar\u00e1 con sumar un punto, pero sabe tambi\u00e9n que [&hellip;]<\/p>\n","protected":false},"author":1,"featured_media":78256,"comment_status":"open","ping_status":"closed","sticky":false,"template":"","format":"standard","meta":[],"categories":[16],"tags":[],"_links":{"self":[{"href":"http:\/\/hoycordobaweb.com\/index.php\/wp-json\/wp\/v2\/posts\/78255"}],"collection":[{"href":"http:\/\/hoycordobaweb.com\/index.php\/wp-json\/wp\/v2\/posts"}],"about":[{"href":"http:\/\/hoycordobaweb.com\/index.php\/wp-json\/wp\/v2\/types\/post"}],"author":[{"embeddable":true,"href":"http:\/\/hoycordobaweb.com\/index.php\/wp-json\/wp\/v2\/users\/1"}],"replies":[{"embeddable":true,"href":"http:\/\/hoycordobaweb.com\/index.php\/wp-json\/wp\/v2\/comments?post=78255"}],"version-history":[{"count":0,"href":"http:\/\/hoycordobaweb.com\/index.php\/wp-json\/wp\/v2\/posts\/78255\/revisions"}],"wp:featuredmedia":[{"embeddable":true,"href":"http:\/\/hoycordobaweb.com\/index.php\/wp-json\/wp\/v2\/media\/78256"}],"wp:attachment":[{"href":"http:\/\/hoycordobaweb.com\/index.php\/wp-json\/wp\/v2\/media?parent=78255"}],"wp:term":[{"taxonomy":"category","embeddable":true,"href":"http:\/\/hoycordobaweb.com\/index.php\/wp-json\/wp\/v2\/categories?post=78255"},{"taxonomy":"post_tag","embeddable":true,"href":"http:\/\/hoycordobaweb.com\/index.php\/wp-json\/wp\/v2\/tags?post=78255"}],"curies":[{"name":"wp","href":"https:\/\/api.w.org\/{rel}","templated":true}]}}