{"id":78202,"date":"2024-05-28T23:37:07","date_gmt":"2024-05-28T23:37:07","guid":{"rendered":"https:\/\/www.ole.com.ar\/basquet\/argentina-sub18-americup_0_fVW0qt3Vy0.html"},"modified":"2024-05-28T23:37:07","modified_gmt":"2024-05-28T23:37:07","slug":"argentina-u18-ultima-fase-de-la-preparacion-para-la-americup","status":"publish","type":"post","link":"http:\/\/hoycordobaweb.com\/index.php\/2024\/05\/28\/argentina-u18-ultima-fase-de-la-preparacion-para-la-americup\/","title":{"rendered":"Argentina U18: \u00faltima fase de la preparaci\u00f3n para la Americup"},"content":{"rendered":"<p><img src=\"http:\/\/hoycordobaweb.com\/wp-content\/uploads\/2024\/05\/argentina-u18-ultima-fase-de-la-preparacion-para-la-americup.jpg\"><\/p>\n<p><time class=\"createDate\" datetime=\"2024-05-28T20:37:07-03:00\">28\/05\/2024 20:37hs.<\/time><\/p>\n<div id=\"storyBody\">\n<div class=\"custom-text \" readability=\"36\">\n<p><strong>La selecci\u00f3n argentina U18 se prepara para ser anfitriona de la Americup.<\/strong> A falta de 6 d\u00edas para el comienzo del certamen, el plantel compuesto por 13 jugadores est\u00e1 intensificando los trabajos en la recta final de la preparaci\u00f3n y tiene por delante dos amistosos antes del debut en el estadio de Obras Sanitarias.<\/p>\n<\/div>\n<div class=\"custom-text \" readability=\"35\">\n<p>La gran cita del certamen que otorgar\u00e1 cuatro plazas para la Copa del Mundo U19 del a\u00f1o pr\u00f3ximo,<strong> se desarrollar\u00e1 del 3 al 9 de junio. <\/strong>Todos los partidos se podr\u00e1n ver en vivo y de forma exclusiva<strong> a trav\u00e9s de Basquet Pass.<\/strong><\/p>\n<\/div>\n<div class=\"custom-text \" readability=\"38\">\n<p>Antes del comienzo de la AmeriCup el equipo disputar\u00e1 dos amistosos,<strong> el pr\u00f3ximo mi\u00e9rcoles a las 17hs contra el equipo de Liga de Desarrollo de Obras Sanitarias y el viernes en el mismo horario, en el CeNARD, contra el elenco de Liga de Desarrollo de Boca Juniors;<\/strong> ambos partidos ser\u00e1n a puertas cerradas.<\/p>\n<\/div>\n<div class=\"sc-e7b891c4-0 jPbnQF\"><img alt=\"Selecci\u00f3n Sub 18 de B\u00e1squet (CABB).\" src=\"http:\/\/hoycordobaweb.com\/wp-content\/uploads\/2024\/05\/argentina-u18-ultima-fase-de-la-preparacion-para-la-americup-2.jpg\" width=\"720\" height=\"100\" decoding=\"async\" data-nimg=\"future\" loading=\"lazy\"><span class=\"epigraphe\">Selecci\u00f3n Sub 18 de B\u00e1squet (CABB).<\/span><\/div>\n<div class=\"custom-text \" readability=\"36\">\n<p><strong>Argentina integrar\u00e1 el Grupo B junto a Estados Unidos, Belice y Brasil<\/strong>. Luego de una fase de grupos de tres partidos, todos los equipos clasificar\u00e1n a los cuartos de final donde comenzar\u00e1 la fase de eliminaci\u00f3n y se definir\u00e1 el boleto al Mundial U19.<\/p>\n<\/div>\n<p><h2><strong>PRESELECCI\u00d3N ARGENTINA U18 MASCULINA &#8211; AmeriCup de Buenos Aires <\/strong><\/h2>\n<\/p>\n<div class=\"custom-text \">\n<ul>\n<li>Patricio Cogliati | 2006 | Quimsa <\/li>\n<li>Albano Costa | 2006 | 9 de Julio de Bah\u00eda Blanca <\/li>\n<li>Jorge D\u00edaz Gim\u00e9nez | 2006 | <\/li>\n<li>Benjam\u00edn Matienzo Alonso Easterling | 2006 | Peninsula Cathilic High School (EEUU)<\/li>\n<li> Bruno Far\u00edas | 2006 | Derthona Basketball (ITA)<\/li>\n<li> Tom\u00e1s Fern\u00e1ndez Lang | 2006 | Derthona Basketball (ITA)<\/li>\n<li> Joaqu\u00edn Folmer Gassmann | 2006 | San Mart\u00edn de Corrientes <\/li>\n<li>Tyler Kropp | 2007 | All Ohio REd EYBL (EEUU) <\/li>\n<li>Felipe Minzer | 2007 | Casademont Zaragoza (ESP)<\/li>\n<li> Nichol\u00e1s Petri | 2006 | Obras Sanitarias <\/li>\n<li>Mat\u00edas Pikaluk | 2006 | Quimsa<\/li>\n<li> Iv\u00e1n Prato | 2007 | Pallacanestro Varese (ITA) <\/li>\n<li>Thiago Sucatzky | 2006 | Divine Savior Academy (EEUU)<\/li>\n<li> Entrenador Principal: Mauro Polla<\/li>\n<\/ul>\n<\/div>\n<div class=\"sc-e7b891c4-0 jPbnQF\"><img alt=\"Selecci\u00f3n Sub 18 de B\u00e1squet (CABB).\" src=\"http:\/\/hoycordobaweb.com\/wp-content\/uploads\/2024\/05\/argentina-u18-ultima-fase-de-la-preparacion-para-la-americup-3.jpg\" width=\"720\" height=\"100\" decoding=\"async\" data-nimg=\"future\" loading=\"lazy\"><span class=\"epigraphe\">Selecci\u00f3n Sub 18 de B\u00e1squet (CABB).<\/span><\/div>\n<p><h2><strong>FIXTURE <\/strong><\/h2>\n<\/p>\n<div class=\"custom-text \" readability=\"32\">\n<p>Lunes 03\/06 &#8211; 20.10hs &#8211; Argentina vs Estados Unidos<\/p>\n<\/div>\n<div class=\"custom-text \" readability=\"32\">\n<p>Martes 04\/06 &#8211; 20.10hs &#8211; Brasil vs Argentina<\/p>\n<\/div>\n<div class=\"custom-text \" readability=\"32\">\n<p>Mi\u00e9rcoles 05\/06 &#8211; 20.10hs &#8211; Argentina vs Belice <\/p>\n<\/div>\n<div class=\"custom-text \" readability=\"32\">\n<p>ENTRADAS: TuEntrada.com TRANSMISI\u00d3N: Basquet Pass<\/p>\n<\/div>\n<div class=\"sc-a7166897-0 exHLBh\" readability=\"6\">\n<section readability=\"2\"><picture><img alt=\"Eric Flor: &quot;Defendimos muy bien y la clave fue poner a Obras en menos de 70 puntos&quot;\" src=\"http:\/\/hoycordobaweb.com\/wp-content\/uploads\/2024\/05\/argentina-u18-ultima-fase-de-la-preparacion-para-la-americup-4.jpg\" width=\"290\" height=\"290\" decoding=\"async\" data-nimg=\"future\" loading=\"lazy\"><\/picture>\n<p><span>Mir\u00e1 tambi\u00e9n<\/span><\/p>\n<hr>\n<h3>Eric Flor: \u00abDefendimos muy bien y la clave fue poner a Obras en menos de 70 puntos\u00bb<\/h3>\n<\/p>\n<\/section>\n<\/div>\n<div class=\"sc-a7166897-0 exHLBh\" readability=\"6\">\n<section readability=\"2\"><picture><img alt=\"Alerta Atenas: derrota con Suardi y peligra su vuelta a la Liga Nacional\" src=\"http:\/\/hoycordobaweb.com\/wp-content\/uploads\/2024\/05\/argentina-u18-ultima-fase-de-la-preparacion-para-la-americup-5.jpg\" width=\"290\" height=\"290\" decoding=\"async\" data-nimg=\"future\" loading=\"lazy\"><\/picture>\n<p><span>Mir\u00e1 tambi\u00e9n<\/span><\/p>\n<hr>\n<h3>Alerta Atenas: derrota con Suardi y peligra su vuelta a la Liga Nacional<\/h3>\n<\/p>\n<\/section>\n<\/div>\n<div class=\"sc-a7166897-0 exHLBh\" readability=\"6\">\n<section readability=\"2\"><picture><img alt=\"\u00bfArgentino o Comunicaciones? Arranca la serie por el descenso de la Liga Nacional\" src=\"http:\/\/hoycordobaweb.com\/wp-content\/uploads\/2024\/05\/argentina-u18-ultima-fase-de-la-preparacion-para-la-americup-6.jpg\" width=\"290\" height=\"290\" decoding=\"async\" data-nimg=\"future\" loading=\"lazy\"><\/picture>\n<p><span>Mir\u00e1 tambi\u00e9n<\/span><\/p>\n<hr>\n<h3>\u00bfArgentino o Comunicaciones? Arranca la serie por el descenso de la Liga Nacional<\/h3>\n<\/p>\n<\/section>\n<\/div>\n<\/div>\n","protected":false},"excerpt":{"rendered":"<p>28\/05\/2024 20:37hs. La selecci\u00f3n argentina U18 se prepara para ser anfitriona de la Americup. A falta de 6 d\u00edas para el comienzo del certamen, el plantel compuesto por 13 jugadores est\u00e1 intensificando los trabajos en la recta final de la preparaci\u00f3n y tiene por delante dos amistosos antes del debut en el estadio de Obras [&hellip;]<\/p>\n","protected":false},"author":1,"featured_media":78203,"comment_status":"open","ping_status":"closed","sticky":false,"template":"","format":"standard","meta":[],"categories":[16],"tags":[],"_links":{"self":[{"href":"http:\/\/hoycordobaweb.com\/index.php\/wp-json\/wp\/v2\/posts\/78202"}],"collection":[{"href":"http:\/\/hoycordobaweb.com\/index.php\/wp-json\/wp\/v2\/posts"}],"about":[{"href":"http:\/\/hoycordobaweb.com\/index.php\/wp-json\/wp\/v2\/types\/post"}],"author":[{"embeddable":true,"href":"http:\/\/hoycordobaweb.com\/index.php\/wp-json\/wp\/v2\/users\/1"}],"replies":[{"embeddable":true,"href":"http:\/\/hoycordobaweb.com\/index.php\/wp-json\/wp\/v2\/comments?post=78202"}],"version-history":[{"count":0,"href":"http:\/\/hoycordobaweb.com\/index.php\/wp-json\/wp\/v2\/posts\/78202\/revisions"}],"wp:featuredmedia":[{"embeddable":true,"href":"http:\/\/hoycordobaweb.com\/index.php\/wp-json\/wp\/v2\/media\/78203"}],"wp:attachment":[{"href":"http:\/\/hoycordobaweb.com\/index.php\/wp-json\/wp\/v2\/media?parent=78202"}],"wp:term":[{"taxonomy":"category","embeddable":true,"href":"http:\/\/hoycordobaweb.com\/index.php\/wp-json\/wp\/v2\/categories?post=78202"},{"taxonomy":"post_tag","embeddable":true,"href":"http:\/\/hoycordobaweb.com\/index.php\/wp-json\/wp\/v2\/tags?post=78202"}],"curies":[{"name":"wp","href":"https:\/\/api.w.org\/{rel}","templated":true}]}}