{"id":78200,"date":"2024-05-28T23:39:44","date_gmt":"2024-05-28T23:39:44","guid":{"rendered":"https:\/\/www.ole.com.ar\/seleccion\/seleccion-sub-23-amistosos-paraguay-fecha-fifa-juegos-olimpicos-jugadores-europa_0_XCBOjUKrN8.html"},"modified":"2024-05-28T23:39:44","modified_gmt":"2024-05-28T23:39:44","slug":"los-cuatro-jugadores-del-futbol-europeo-que-integraran-la-lista-de-la-sub-23-de-mascherano","status":"publish","type":"post","link":"http:\/\/hoycordobaweb.com\/index.php\/2024\/05\/28\/los-cuatro-jugadores-del-futbol-europeo-que-integraran-la-lista-de-la-sub-23-de-mascherano\/","title":{"rendered":"Los cuatro jugadores del f\u00fatbol europeo que integrar\u00e1n la lista de la Sub 23 de Mascherano"},"content":{"rendered":"<p><img src=\"http:\/\/hoycordobaweb.com\/wp-content\/uploads\/2024\/05\/los-cuatro-jugadores-del-futbol-europeo-que-integraran-la-lista-de-la-sub-23-de-mascherano.jpg\"><\/p>\n<p><time class=\"createDate\" datetime=\"2024-05-28T20:39:44-03:00\">28\/05\/2024 20:39hs.<\/time><\/p>\n<div id=\"storyBody\">\n<div class=\"custom-text \" readability=\"30.917647058824\">\n<p>Mientras la<strong><a href=\"https:\/\/www.ole.com.ar\/tema\/seleccion-argentina.html\" title=\"Selecci\u00f3n Argentina\" alt=\"Selecci\u00f3n Argentina\" class=\"slug\"> Selecci\u00f3n Argentina<\/a><\/strong> se prepara para <strong>defender el t\u00edtulo logrado en el Maracan\u00e1 en 2021 en una nueva edici\u00f3n de la Copa Am\u00e9rica <\/strong>que se jugar\u00e1 en Estados Unidos, la<strong><a href=\"https:\/\/www.ole.com.ar\/tema\/seleccion-argentina-sub-23.html\" title=\"Selecci\u00f3n Argentina Sub 23\" alt=\"Selecci\u00f3n Argentina Sub 23\" class=\"slug\"> Sub 23<\/a><\/strong> tiene en mente los <strong><a href=\"https:\/\/www.ole.com.ar\/tema\/juegos-olimpicos-2024.html\" title=\"Juegos Ol\u00edmpicos 2024\" alt=\"Juegos Ol\u00edmpicos 2024\" class=\"slug\">Juegos Ol\u00edmpicos<\/a><\/strong> y hay <strong>varios nombres importantes que se desempe\u00f1an en Europa que formar\u00e1n parte de la lista para los amistosos ante Paraguay<\/strong> que el equipo de <strong><a href=\"https:\/\/www.ole.com.ar\/tema\/javier-mascherano.html\" title=\"Javier Mascherano\" alt=\"Javier Mascherano\" class=\"slug\">Javier Mascherano<\/a><\/strong> jugar\u00e1 durante la <strong>Fecha FIFA de junio.<\/strong><\/p>\n<\/div>\n<div class=\"custom-text \" readability=\"31.418124006359\">\n<p>Mirando m\u00e1s a futuro, ya <strong><a href=\"https:\/\/www.ole.com.ar\/seleccion\/sub23mayoresjuegosolimpicos_0_b5dsDg7BNx.html\" title=\"es un hecho que habr\u00e1 al menos dos campeones del mundo en Qatar que dir\u00e1n presente en Par\u00eds 2024\" alt=\"es un hecho que habr\u00e1 al menos dos campeones del mundo en Qatar que dir\u00e1n presente en Par\u00eds 2024\">es un hecho que habr\u00e1 al menos dos campeones del mundo en Qatar que dir\u00e1n presente en Par\u00eds 2024<\/a><\/strong>: tanto <strong><a href=\"https:\/\/www.ole.com.ar\/tema\/julian-alvarez.html\" title=\"Juli\u00e1n Alvarez\" alt=\"Juli\u00e1n Alvarez\" class=\"slug\">Juli\u00e1n \u00c1lvarez<\/a><\/strong> como <strong><a href=\"https:\/\/www.ole.com.ar\/tema\/nicolas-otamendi.html\" title=\"Nicol\u00e1s Otamendi\" alt=\"Nicol\u00e1s Otamendi\" class=\"slug\">Nicol\u00e1s Otamendi <\/a><\/strong>ya <strong>tienen el visto bueno de sus clubes<\/strong> para, post Copa Am\u00e9rica, sumarse como <strong>dos de los tres mayores autorizados en la lista juvenil<\/strong> que se presentar\u00e1 en los Juegos. El <strong>tercer futbolista +23 habilitado ser\u00eda el Dibu Mart\u00ednez<\/strong>, pero todav\u00eda <strong>se aguarda el acuerdo total con su club, Aston Villa<\/strong> de la Premier League. Adem\u00e1s, <strong><a href=\"https:\/\/www.ole.com.ar\/tema\/enzo-fernandez.html\" target=\"_blank\" title=\"Enzo Fern\u00e1ndez\" alt=\"Enzo Fern\u00e1ndez\" class=\"slug\" rel=\"noopener noreferrer\">Enzo Fern\u00e1ndez<\/a><\/strong> (que no ocupa cupo de mayor) ya <strong>dej\u00f3 en claro que quiere estar y espera el OK del Chelsea para poder ser parte.<\/strong><\/p>\n<\/div>\n<div class=\"custom-text \" readability=\"39\">\n<p>De todos modos, antes de llegar al 26 de julio en el que arranquen los Juegos Ol\u00edmpicos, en <strong>esta Fecha FIFA de junio<\/strong> en la que la Mayor disputar\u00e1 amistosos en Estados Unidos (ante Ecuador y Guatemala) como previa de la Copa Am\u00e9rica, <strong>la Sub 23 tendr\u00e1 sus \u00faltimos minutos de ensayos antes de viajar a Francia<\/strong> cuando dispute dos encuentros ante Paraguay, con quien se enfrent\u00f3 la final del Preol\u00edmpico.<\/p>\n<\/div>\n<div class=\"custom-text \" readability=\"34.629310344828\">\n<p><strong>Los convocados se conocer\u00e1n oficialmente en los pr\u00f3ximos d\u00edas<\/strong>, pero se sabe que<strong> la base saldr\u00e1 de aquel grupo que consigui\u00f3 los pasajes a Par\u00eds en Venezuela<\/strong>. Sin embargo,<strong> las sorpresas ser\u00e1n algunos nombres importantes que se desempe\u00f1an en Europa<\/strong> y que pintan para reforzar el equipo de cara a la competencia internacional\u2026 \u00bfDe qui\u00e9nes se trata? <strong><a href=\"https:\/\/www.ole.com.ar\/tema\/matias-soule.html\" title=\"Mat\u00edas Soule\" alt=\"Mat\u00edas Soule\" class=\"slug\">Mat\u00edas Soule<\/a><\/strong> (Frosinone), <strong><a href=\"https:\/\/www.ole.com.ar\/tema\/lucas-beltran.html\" title=\"Lucas Beltr\u00e1n\" alt=\"Lucas Beltr\u00e1n\" class=\"slug\">Lucas Beltr\u00e1n<\/a><\/strong> (Fiorentina), <strong><a href=\"https:\/\/www.ole.com.ar\/tema\/alan-varela.html\" title=\"Alan Varela\" alt=\"Alan Varela\" class=\"slug\">Alan Varela<\/a><\/strong> (Porto) y <strong><a href=\"https:\/\/www.ole.com.ar\/tema\/santiago-hezze.html\" title=\"Santiago Hezze\" alt=\"Santiago Hezze\" class=\"slug\">Santiago Hezze<\/a><\/strong> (Olympiacos).<\/p>\n<\/div>\n<div class=\"custom-text \" readability=\"37.369774919614\">\n<p>Claro, estos <strong>no son los \u00fanicos apellidos importantes<\/strong>. L\u00f3gicamente, como ocurri\u00f3 en el Preol\u00edmpico, <strong><a href=\"https:\/\/www.ole.com.ar\/tema\/thiago-almada.html\" title=\"Thiago Almada\" alt=\"Thiago Almada\" class=\"slug\">Thiago Almada<\/a><\/strong> (otro que levant\u00f3 la Copa en el \u00faltimo Mundial) <strong>seguir\u00e1 siendo parte del equipo<\/strong> y seguramente habr\u00e1 <strong>figuras del f\u00fatbol argentino<\/strong> como el <strong>Diablito Echeverri o Equi Fern\u00e1ndez,<\/strong> entre otros\u2026<\/p>\n<\/div>\n<div class=\"sc-a7166897-0 exHLBh\" readability=\"6\">\n<section readability=\"2\"><picture><img alt=\"Thibaut Courtois: la figura que se une a la lista de ausencias de la Eurocopa\" src=\"http:\/\/hoycordobaweb.com\/wp-content\/uploads\/2024\/05\/los-cuatro-jugadores-del-futbol-europeo-que-integraran-la-lista-de-la-sub-23-de-mascherano-2.jpg\" width=\"290\" height=\"290\" decoding=\"async\" data-nimg=\"future\" loading=\"lazy\"><\/picture>\n<p><span>Mir\u00e1 tambi\u00e9n<\/span><\/p>\n<hr>\n<h3>Thibaut Courtois: la figura que se une a la lista de ausencias de la Eurocopa<\/h3>\n<\/p>\n<\/section>\n<\/div>\n<div class=\"sc-a7166897-0 exHLBh\" readability=\"6\">\n<section readability=\"2\"><picture><img alt=\"Paredes fue a Boca: charla con Rom\u00e1n y abrazo a Cavani\" src=\"http:\/\/hoycordobaweb.com\/wp-content\/uploads\/2024\/05\/los-cuatro-jugadores-del-futbol-europeo-que-integraran-la-lista-de-la-sub-23-de-mascherano-3.jpg\" width=\"290\" height=\"290\" decoding=\"async\" data-nimg=\"future\" loading=\"lazy\"><\/picture>\n<p><span>Mir\u00e1 tambi\u00e9n<\/span><\/p>\n<hr>\n<h3>Paredes fue a Boca: charla con Rom\u00e1n y abrazo a Cavani<\/h3>\n<\/p>\n<\/section>\n<\/div>\n<div class=\"sc-a7166897-0 exHLBh\" readability=\"6\">\n<section readability=\"2\"><picture><img alt=\"Scaloni y Aimar dieron c\u00e1tedra en una universidad\" src=\"http:\/\/hoycordobaweb.com\/wp-content\/uploads\/2024\/05\/los-cuatro-jugadores-del-futbol-europeo-que-integraran-la-lista-de-la-sub-23-de-mascherano-4.jpg\" width=\"290\" height=\"290\" decoding=\"async\" data-nimg=\"future\" loading=\"lazy\"><\/picture>\n<p><span>Mir\u00e1 tambi\u00e9n<\/span><\/p>\n<hr>\n<h3>Scaloni y Aimar dieron c\u00e1tedra en una universidad<\/h3>\n<\/p>\n<\/section>\n<\/div>\n<div class=\"sc-a7166897-0 exHLBh\" readability=\"6.5\">\n<section readability=\"3\"><picture><img alt=\"Los campeones del mundo que est\u00e1n cerca de ir con la Selecci\u00f3n a los Juegos Ol\u00edmpicos\" src=\"http:\/\/hoycordobaweb.com\/wp-content\/uploads\/2024\/05\/los-cuatro-jugadores-del-futbol-europeo-que-integraran-la-lista-de-la-sub-23-de-mascherano-5.jpg\" width=\"290\" height=\"290\" decoding=\"async\" data-nimg=\"future\" loading=\"lazy\"><\/picture>\n<p><span>Mir\u00e1 tambi\u00e9n<\/span><\/p>\n<hr>\n<h3>Los campeones del mundo que est\u00e1n cerca de ir con la Selecci\u00f3n a los Juegos Ol\u00edmpicos<\/h3>\n<\/p>\n<\/section>\n<\/div>\n<\/div>\n","protected":false},"excerpt":{"rendered":"<p>28\/05\/2024 20:39hs. Mientras la Selecci\u00f3n Argentina se prepara para defender el t\u00edtulo logrado en el Maracan\u00e1 en 2021 en una nueva edici\u00f3n de la Copa Am\u00e9rica que se jugar\u00e1 en Estados Unidos, la Sub 23 tiene en mente los Juegos Ol\u00edmpicos y hay varios nombres importantes que se desempe\u00f1an en Europa que formar\u00e1n parte de [&hellip;]<\/p>\n","protected":false},"author":1,"featured_media":78201,"comment_status":"open","ping_status":"closed","sticky":false,"template":"","format":"standard","meta":[],"categories":[16],"tags":[],"_links":{"self":[{"href":"http:\/\/hoycordobaweb.com\/index.php\/wp-json\/wp\/v2\/posts\/78200"}],"collection":[{"href":"http:\/\/hoycordobaweb.com\/index.php\/wp-json\/wp\/v2\/posts"}],"about":[{"href":"http:\/\/hoycordobaweb.com\/index.php\/wp-json\/wp\/v2\/types\/post"}],"author":[{"embeddable":true,"href":"http:\/\/hoycordobaweb.com\/index.php\/wp-json\/wp\/v2\/users\/1"}],"replies":[{"embeddable":true,"href":"http:\/\/hoycordobaweb.com\/index.php\/wp-json\/wp\/v2\/comments?post=78200"}],"version-history":[{"count":0,"href":"http:\/\/hoycordobaweb.com\/index.php\/wp-json\/wp\/v2\/posts\/78200\/revisions"}],"wp:featuredmedia":[{"embeddable":true,"href":"http:\/\/hoycordobaweb.com\/index.php\/wp-json\/wp\/v2\/media\/78201"}],"wp:attachment":[{"href":"http:\/\/hoycordobaweb.com\/index.php\/wp-json\/wp\/v2\/media?parent=78200"}],"wp:term":[{"taxonomy":"category","embeddable":true,"href":"http:\/\/hoycordobaweb.com\/index.php\/wp-json\/wp\/v2\/categories?post=78200"},{"taxonomy":"post_tag","embeddable":true,"href":"http:\/\/hoycordobaweb.com\/index.php\/wp-json\/wp\/v2\/tags?post=78200"}],"curies":[{"name":"wp","href":"https:\/\/api.w.org\/{rel}","templated":true}]}}