{"id":78159,"date":"2024-05-28T00:00:00","date_gmt":"2024-05-28T00:00:00","guid":{"rendered":"http:\/\/hoycordobaweb.com\/index.php\/2024\/05\/28\/la-justicia-cito-a-belliboni-y-otros-dirigentes-investigados-por-el-manejo-de-los-fondos-del-potenciar-trabajo\/"},"modified":"2024-05-28T00:00:00","modified_gmt":"2024-05-28T00:00:00","slug":"la-justicia-cito-a-belliboni-y-otros-dirigentes-investigados-por-el-manejo-de-los-fondos-del-potenciar-trabajo","status":"publish","type":"post","link":"http:\/\/hoycordobaweb.com\/index.php\/2024\/05\/28\/la-justicia-cito-a-belliboni-y-otros-dirigentes-investigados-por-el-manejo-de-los-fondos-del-potenciar-trabajo\/","title":{"rendered":"La Justicia cit\u00f3 a Belliboni y otros dirigentes investigados por el manejo de los fondos del Potenciar Trabajo"},"content":{"rendered":"<div class=\"media_block\"><\/div>\n<p><strong><a target=\"_blank\" href=\"https:\/\/www.perfil.com\/noticias\/politica\/belliboni-fue-citado-a-indagatoria-por-presunta-administracion-fraudulenta-en-el-polo-obrero.phtml?login=google\" rel=\"noopener noreferrer\">Eduardo Belliboni<\/a>,<\/strong> l\u00edder del Polo Obrero, se mostr\u00f3&nbsp;dispuesto a declarar sobre la causa que investiga supuestas irregularidades en la administraci\u00f3n de fondos del programa <strong>Potenciar Trabajo<\/strong>&nbsp;y que involucra a otros dirigentes sociales. Convocado por el juez <strong>Sebasti\u00e1n Casanello<\/strong>, Belliboni afirm\u00f3 que no tiene \u00abnada que ocultar\u00bb y que adem\u00e1s planea presentar denuncias ante la Justicia, destacando el revuelo por los&nbsp;cinco millones de kilos de alimentos que el gobierno nacional no reparti\u00f3 a los comedores y merenderos populares.<\/p>\n<p><strong>\u00abNo somos ningunos delincuentes<\/strong>.<strong> No tenemos secretos\u00bb,<\/strong>&nbsp;se defendi\u00f3 Belliboni ante el titular del Juzgado Nacional en lo Criminal y Correccional Federal N\u00b0 7 de la Ciudad de Buenos Aires.&nbsp;Seg\u00fan la hip\u00f3tesis del juez, los dirigentes del Polo Obrero habr\u00edan utilizado facturas ap\u00f3crifas para \u00abdisfrazar\u00bb la utilizaci\u00f3n de esos fondos,&nbsp;alegando que \u00ablo p\u00fablico se confundi\u00f3 con lo privado al financiar actividad partidaria\u00bb.<\/p>\n<p>Pero la del manejo del programa Potenciar Trabajo no fue la \u00fanica causa que el&nbsp;juez Casanello encar\u00f3 este lunes, en referencia a la asistencia social. Sino que, por otro lado, orden\u00f3&nbsp;al Ministerio de Capital Humano que presente un inventario detallado del stock actual de las 5 mil toneladas de alimentos que retuvo frente a la demanda de los comedores populares.<\/p>\n<div class=\"subscription\" readability=\"6.683257918552\">\n<p>\nEsto no les gusta a los autoritarios\n<\/p>\n<div class=\"subscription__container\" readability=\"6.1467391304348\">\n<div class=\"subscription__text-wrapper\" readability=\"31.20652173913\">\n<p>\nEl ejercicio del periodismo profesional y cr\u00edtico es un pilar fundamental de la democracia. Por eso molesta a quienes creen ser los due\u00f1os de la verdad.\n<\/p>\n<\/p><\/div>\n<\/div><\/div>\n<p class=\"destacadoNota\"><a target=\"_blank\" href=\"https:\/\/www.perfil.com\/noticias\/politica\/eduardo-belliboni-cruzo-a-sandra-pettovello-por-las-denuncias-de-comedores-fantasmas-o-miente-o-es-ignorante.phtml\" rel=\"noopener noreferrer\">Eduardo Belliboni cruz\u00f3 a Sandra Pettovello por las denuncias de comedores fantasmas: \u00abO miente o es ignorante\u00bb<\/a><\/p>\n<h2><strong>Qu\u00e9 dijo Eduardo&nbsp; Belliboni<\/strong><\/h2>\n<p>\u00abNo solo vamos a declarar lo que quiere (el juez, Sebasti\u00e1n) Casanello, y en todo caso el fiscal, sino que iremos tambi\u00e9n a denunciar, porque la Justicia no nos convoca por otro lado, por esos cinco millones de kilos de comida que la ministra (de Capital Humano) <a target=\"_blank\" href=\"https:\/\/www.perfil.com\/noticias\/politica\/grabois-cruzo-a-pettovello-por-una-fotos-que-publico-su-ministerio-increible-la-hambreadora.phtml\" rel=\"noopener noreferrer\"><strong>Sandra Pettovello<\/strong><\/a> no distribuy\u00f3 y que afecta a la gente\u00bb, se\u00f1al\u00f3 el l\u00edder social.<\/p>\n<p>Si bien se mostr\u00f3 colaborativo, por otro lado el dirigente piquetero&nbsp;consider\u00f3 que esta citaci\u00f3n a declaraci\u00f3n indagatoria forma parte de una estrategia para distraer a la opini\u00f3n p\u00fablica de la problem\u00e1tica econ\u00f3mica y social del pa\u00eds, en medio de la ca\u00edda del empleo y del poder adquisitivo, as\u00ed&nbsp;como&nbsp;el creciente descontento popular registrado en distintos puntos del pa\u00eds.<\/p>\n<div>\n<figure class=\"image\"><img alt=\" El Polo Obrero volvi\u00f3 a marcha y convirti\u00f3 en un caos el tr\u00e1nsito en el centro porte\u00f1o 20220616\" src=\"http:\/\/hoycordobaweb.com\/wp-content\/uploads\/2024\/05\/la-justicia-cito-a-belliboni-y-otros-dirigentes-investigados-por-el-manejo-de-los-fondos-del-potenciar-trabajo-1.jpg\" loading=\"lazy\"><figcaption>Belliboni, dirigente del Polo Obrero, denunci\u00f3 que las acusaciones judiciales se armaron para \u00abdesviar la atenci\u00f3n\u00bb<\/figcaption><\/figure>\n<\/p><\/div>\n<p>En esa l\u00ednea, acus\u00f3 al gobierno nacional de querer \u00abdesviar la atenci\u00f3n\u00bb a partir de las denuncias contra dirigentes sociales y el manejo de la asistencia alimentaria, un tema sensible a nivel social.&nbsp;&nbsp;\u00abForma parte de una campa\u00f1a para hacer humo en un lado cuando la econom\u00eda se est\u00e1 derrumbando, cuando hay miles de puestos de trabajo que se pierden cotidianamente, cuando hay un rebeli\u00f3n popular en Misiones\u00bb, dijo Belliboni.<\/p>\n<p>Por su parte, el ministro de Econom\u00eda,<strong> Luis Caputo<\/strong>, no se salv\u00f3 de las cr\u00edticas de Belliboni, quien destac\u00f3&nbsp;una reducci\u00f3n dr\u00e1stica en los ingresos de los programas sociales debido a la inflaci\u00f3n, que en el \u00faltimo mes sum\u00f3 otro 8% seg\u00fan el INDEC.&nbsp;\u00abLa inflaci\u00f3n hizo de los ingresos la nada misma\u00bb, recrimin\u00f3 Belliboni en declaraciones radiales.<\/p>\n<p class=\"destacadoNota\"><a target=\"_blank\" href=\"https:\/\/www.perfil.com\/noticias\/politica\/adorni-sobre-la-entrega-de-alimentos-muchos-intermediarios-estan-dolidos-porque-se-les-termino-el-usufructo-personal.phtml\" rel=\"noopener noreferrer\">Adorni sobre la entrega de alimentos: \u00abMuchos intermediarios est\u00e1n dolidos porque se les termin\u00f3 el usufructo personal\u00bb<\/a><\/p>\n<h2><strong>La causa contra el Polo Obrero<\/strong><\/h2>\n<p>La sospecha de Casanello gira en torno al presunto uso de <strong>facturaci\u00f3n falsa y gastos no justificados<\/strong>&nbsp;por parte del Polo Obrero para <strong>ocultar el destino real de los fondos <\/strong>recibidos del estado nacional.&nbsp; La investigaci\u00f3n judicial iniciada analiza pruebas sobre el presunto<strong>&nbsp;desv\u00edo de fondos&nbsp;<\/strong>que el Polo Obrero habr\u00eda recibido como unidad de gesti\u00f3n del Potenciar Trabajo.<\/p>\n<p>Por este motivo, el dirigente social deber\u00e1 presentarse a declarar el pr\u00f3ximo&nbsp;<strong>25 de junio<\/strong>&nbsp;a las 9 como uno de los 23 citados a indagatoria junto a otros dirigentes de la misma organizaciones y otras personas asociadas bajo la Cooperativa Agust\u00edn Tosco y la Asociaci\u00f3n Civil Caminos de Tiza, estos \u00faltimos dos sospechados de&nbsp;<strong>extorsi\u00f3n y amenazas<\/strong>.<\/p>\n<p>Seg\u00fan Belliboni,&nbsp;estas acusaciones buscan \u00abestigmatizar a los movimientos sociales\u00bb, aunque admiti\u00f3 que no puede garantizar la conducta de todos los miembros de su organizaci\u00f3n.&nbsp;&nbsp;\u00abAunque s\u00ed (pondr\u00eda las manos en el fuego) por la gente que trabaja en los comedores porque son personas que se sacrifican todos los d\u00edas\u00bb, agreg\u00f3.<\/p>\n<p class=\"destacadoNota\"><a target=\"_blank\" href=\"https:\/\/www.perfil.com\/noticias\/politica\/grabois-cruzo-a-pettovello-por-una-fotos-que-publico-su-ministerio-increible-la-hambreadora.phtml\" rel=\"noopener noreferrer\">Grabois cruz\u00f3 a Pettovello por unas fotos que public\u00f3 su ministerio: \u00abIncre\u00edble la hambreadora\u00bb<\/a><\/p>\n<p>En relaci\u00f3n con los controles sobre la asistencia de beneficiarios a las actividades obligatorias de los planes sociales, Belliboni explic\u00f3 que esto se deb\u00eda a disposiciones del Ministerio de Desarrollo Social anterior, aunque afirm\u00f3 estar en contra de esa pr\u00e1ctica. Mientras que, respecto a los chats que mencionaban un \u00abcastigo\u00bb para quienes no asistieran a protestas sociales, Belliboni afirm\u00f3 que esas conversaciones son las \u00fanicas que la Justicia encontr\u00f3 y no representan la totalidad de las comunicaciones.<\/p>\n<h2><strong>La Justicia exigi\u00f3 al Gobierno la entrega de alimentos<\/strong><\/h2>\n<p>El Gobierno admiti\u00f3 recientemente que cerca de<strong> 5 mil toneladas de alimentos <\/strong>adquiridos durante la gesti\u00f3n anterior est\u00e1n retenidos en dep\u00f3sitos del Ministerio de Capital Humano, sin ser distribuidos a comedores, lo que llev\u00f3 al l\u00edder del MTE, Juan Grabois, a presentar una denuncia que est\u00e1 siendo investigada por la Justicia.<\/p>\n<p>Casanello, por su parte, adem\u00e1s de citar a indagatoria a Belliboni le exigi\u00f3 al gobierno nacional que informe sobre c\u00f3mo distribuir\u00e1 los alimentos que retuvo a&nbsp;los comedores y merenderos populares a pesar de las denuncias de estos centros de asistencia respecto a la falta de insumos.&nbsp;<\/p>\n<p>En tanto, inst\u00f3 a la cartera de Pettovello a que elabore un plan de distribuci\u00f3n considerando el tipo, cantidad, fecha de vencimiento y grupo de destinatarios, con la previsi\u00f3n de su ejecuci\u00f3n de manera inmediata. Este plan debe ser presentado con precisi\u00f3n en un plazo de 72 horas ante el juzgado.<\/p>\n<div class=\"article__tags\">\n<p>En esta Nota<\/p>\n<\/p><\/div>\n","protected":false},"excerpt":{"rendered":"<p>Eduardo Belliboni, l\u00edder del Polo Obrero, se mostr\u00f3&nbsp;dispuesto a declarar sobre la causa que investiga supuestas irregularidades en la administraci\u00f3n de fondos del programa Potenciar Trabajo&nbsp;y que involucra a otros dirigentes sociales. Convocado por el juez Sebasti\u00e1n Casanello, Belliboni afirm\u00f3 que no tiene \u00abnada que ocultar\u00bb y que adem\u00e1s planea presentar denuncias ante la Justicia, [&hellip;]<\/p>\n","protected":false},"author":1,"featured_media":78160,"comment_status":"closed","ping_status":"closed","sticky":false,"template":"","format":"standard","meta":[],"categories":[19],"tags":[218,219,220,181],"_links":{"self":[{"href":"http:\/\/hoycordobaweb.com\/index.php\/wp-json\/wp\/v2\/posts\/78159"}],"collection":[{"href":"http:\/\/hoycordobaweb.com\/index.php\/wp-json\/wp\/v2\/posts"}],"about":[{"href":"http:\/\/hoycordobaweb.com\/index.php\/wp-json\/wp\/v2\/types\/post"}],"author":[{"embeddable":true,"href":"http:\/\/hoycordobaweb.com\/index.php\/wp-json\/wp\/v2\/users\/1"}],"replies":[{"embeddable":true,"href":"http:\/\/hoycordobaweb.com\/index.php\/wp-json\/wp\/v2\/comments?post=78159"}],"version-history":[{"count":0,"href":"http:\/\/hoycordobaweb.com\/index.php\/wp-json\/wp\/v2\/posts\/78159\/revisions"}],"wp:featuredmedia":[{"embeddable":true,"href":"http:\/\/hoycordobaweb.com\/index.php\/wp-json\/wp\/v2\/media\/78160"}],"wp:attachment":[{"href":"http:\/\/hoycordobaweb.com\/index.php\/wp-json\/wp\/v2\/media?parent=78159"}],"wp:term":[{"taxonomy":"category","embeddable":true,"href":"http:\/\/hoycordobaweb.com\/index.php\/wp-json\/wp\/v2\/categories?post=78159"},{"taxonomy":"post_tag","embeddable":true,"href":"http:\/\/hoycordobaweb.com\/index.php\/wp-json\/wp\/v2\/tags?post=78159"}],"curies":[{"name":"wp","href":"https:\/\/api.w.org\/{rel}","templated":true}]}}