{"id":78116,"date":"2024-05-27T16:01:35","date_gmt":"2024-05-27T16:01:35","guid":{"rendered":"https:\/\/www.mujerhoy.com\/moda\/no-te-pierdas\/victoria-federica-look-boda-primo-amalio-marichalar-lujo-20240527142325-nt.html"},"modified":"2024-05-27T16:01:35","modified_gmt":"2024-05-27T16:01:35","slug":"el-look-de-victoria-federica-en-la-boda-de-su-primo-amalio-de-marichalar-sostenible-de-la-marca-de-su-prima-y-con-bolso-de-lujo","status":"publish","type":"post","link":"http:\/\/hoycordobaweb.com\/index.php\/2024\/05\/27\/el-look-de-victoria-federica-en-la-boda-de-su-primo-amalio-de-marichalar-sostenible-de-la-marca-de-su-prima-y-con-bolso-de-lujo\/","title":{"rendered":"El look de Victoria Federica en la boda de su primo Amalio de Marichalar: sostenible, de la marca de su prima y con bolso de lujo"},"content":{"rendered":"<p><!-- AUTHOR --> <\/p>\n<div class=\"voc-author-timesocial \"> <!-- AUTHOR --> <\/p>\n<div class=\"voc-author-timesocial__signature\"> <!-- IMAGE AUTHOR --> <picture class=\"voc-image-signature\"> <img class=\"voc-image-signature__img\" src=\"http:\/\/hoycordobaweb.com\/wp-content\/uploads\/2024\/05\/el-look-de-victoria-federica-en-la-boda-de-su-primo-amalio-de-marichalar-sostenible-de-la-marca-de-su-prima-y-con-bolso-de-lujo.png\" alt=\"Lidia A. Costa\"> <\/picture> <!-- INFO AUTHOR --> <\/div><\/div>\n<p> <!-- COMPONENTS --> <\/p>\n<p class=\"voc-paragraph\">La temporada de bodas ha comenzado fuerte para <strong>Victoria Federica<\/strong>. Si hace apenas dos semanas acudi\u00f3 al <a data-voc-vtm-id=\"in-text-traffic\" href=\"https:\/\/www.mujerhoy.com\/celebrities\/boda-monica-coronel-palma-marichalar-prima-victoria-federica-look-novia-20240513114607-nt.html\">enlace de su querida prima M\u00f3nica Coronel de Palma de Marichalar<\/a>, este fin de semana se ha casado otro Amalio de Marichalar, otro de sus primos por parte de padre. <\/p>\n<p class=\"voc-paragraph\">La influencer y, seg\u00fan parece, pr\u00f3ximamente actriz, opt\u00f3 para este evento, y como no pod\u00eda ser de otro modo, <strong>por un look MOC<\/strong>, la firma de su prima M\u00f3nica Coronel de Palma, tambi\u00e9n presente en esta celebraci\u00f3n de la familia Marichalar.\n<\/p>\n<p class=\"voc-paragraph\">Amalio, el novio, es hijo de Amalio Joaqu\u00edn de Marichalar y Amalia de Corral, y se ha casado con Carlota Viguera Urbina en una bonita ceremonia en la que <strong>se ha visto muy feliz a Victoria Federica<\/strong>. Y es que la hija de la infanta Cristina mantiene una relaci\u00f3n muy estrecha con todos sus primos Marichalar. <\/p>\n<p><h3 class=\"voc-detail__title\"> El look de Victoria Federica en la boda de su primo: sostenible y \u00abfamiliar\u00bb<br \/>\n<\/h3>\n<\/p>\n<p class=\"voc-paragraph\">Victoria Federica es una joven muy familiar. Es obvio que tambi\u00e9n disfruta mucho saliendo con amigos como cualquier otra chica de su edad. Pero cada vez que la vemos en una celebraci\u00f3n familiar se muestra especialmente contenta. Y es lo que le ha ocurrido este pasado s\u00e1bado en la boda de su primo Amalio de Marichalar, hijo de su t\u00edo Amalio \u2013hermano mayor de su padre Jaime de Marichalar\u2013 y Amalia de Corral. El joven, de 28 a\u00f1os y <strong>el m\u00e1s discreto de todos los primos<\/strong> por parte paterna, se casaba este fin de semana con Carlota Viguera en una bonita ceremonia rodeados de amigos y familiares. Y donde no han faltado las primas Marichalar con Victoria Federica entre ellas. <\/p>\n<p class=\"voc-paragraph\">Y como no pod\u00eda ser de otro modo, Vic escogi\u00f3 para la ocasi\u00f3n un look de MOC, la firma de moda sostenible de su prima M\u00f3nica Coronel de Palma Marichalar, otra de las primas del novio y que se cas\u00f3 tambi\u00e9n hace un par de semanas. La sobrina del rey Felipe VI, que luce los dise\u00f1os de su prima \u2013adem\u00e1s de amiga\u2013 cada vez que puede, llev\u00f3 en la boda un bonito conjunto formado por <strong>vestido de bajo asim\u00e9trico y el poncho Flor<\/strong>, una original prenda realizada en seda y lana sostenible y te\u00f1ida con tintes naturales, que le daba un aire original y muy boho. <\/p>\n<div class=\"voc-detail__cmp\">\n<div class=\"voc-article-container\">\n<article class=\"voc-article voc-article--cmp-photo-text\" readability=\"26\">\n<div class=\"voc-img-container\" readability=\"7\"> <picture>\n<div class=\"voc-horizontal voc-img-icon-link\"> <img loading=\"lazy\" src=\"http:\/\/hoycordobaweb.com\/wp-content\/uploads\/2024\/05\/el-look-de-victoria-federica-en-la-boda-de-su-primo-amalio-de-marichalar-sostenible-de-la-marca-de-su-prima-y-con-bolso-de-lujo.webp\" alt=\"El look de Cecilia Coronel de Palma Marichalar. \" width=\"624\" height=\"624\"> <\/div>\n<\/picture>\n<p class=\"figure-caption \"> El look de Cecilia Coronel de Palma Marichalar. \/ <span class=\"voc-photo-author\"> INSTAGRAM <\/span> <\/p>\n<\/p><\/div>\n<\/article><\/div>\n<\/div>\n<p class=\"voc-paragraph\">Como accesorios a este <strong>look bohemio y muy diferente<\/strong> por sus estampados tie-dye y sus dise\u00f1os sencillos pero especiales, Victoria Federica opt\u00f3 por unas alpargatas y su amad\u00edsimo bolso Loewe, concretamente el modelo Puzzle mini y que ya llev\u00f3 tambi\u00e9n en la boda de su prima dise\u00f1adora hace apenas unas semanas. Adem\u00e1s, luc\u00eda una flor negra a modo de broche en el poncho y unos bonitos pendientes dorados tipo bot\u00f3n. El pelo, suelto y retirado de la cara y el make up muy natural. <\/p>\n<p><h3 class=\"voc-detail__title\"> Victoria Federica y Amalio, su primo m\u00e1s desconocido<br \/>\n<\/h3>\n<\/p>\n<p class=\"voc-paragraph\"><strong>Amalio de Marichalar Corral<\/strong> es hijo de Amalio de Marichalar, conde de Ripalda y hermano mayor del exmarido de la infanta Elena, y Amalia de Corral. Es uno de los primos m\u00e1s discretos y desconocidos de Victoria Federica, tiene 28 a\u00f1os y se dedica a la gesti\u00f3n de patrimonio en empresa Wealth Management atl Capital. La novia, <strong>Carlota Viguera Urbina<\/strong>, trabaja por su parte en la consultora es consultora en la empresa Ernst&amp;Young, donde empez\u00f3 a trabajar en 2018. Y ha hecho pr\u00e1cticas anteriormente en Cuatrecasas y Navantia entre otras importantes empresas y despachos de abogados. Estudi\u00f3 en el Instituto de estudios Burs\u00e1tiles un doble grado en derecho y finanzas, y ha sido siempre <strong>una alumna con excelentes notas<\/strong>. <\/p>\n<p class=\"voc-paragraph\">Victoria Federica est\u00e1 muy unida a su padre como ya se sabe. No solo les une su pasi\u00f3n por la moda y el lujo, un \u00e1mbito en el que se desenvuelven con total desparpajo. La joven royal tambi\u00e9n adora a la familia de su padre y a todos sus primos y primas. Hace unas semanas ya la vimos encantada en la boda de su prima <a data-voc-vtm-id=\"in-text-traffic\" href=\"https:\/\/www.mujerhoy.com\/celebrities\/realeza\/monica-coronel-palma-marichalar-prima-favorita-victoria-federica-moda-20240411063030-nt.html\">M\u00f3nica Coronel de Palma<\/a>, hija de Ana de Marichalar \u2013y sobrina por tanto dede Jaime de Marichalar\u2013, y de Luis Coronel de Palma Mart\u00ednez de Agull\u00f3. Fue otra celebraci\u00f3n muy discreta pero con un aire m\u00e1s boho y campestre. <\/p>\n<div class=\"voc-detail__cmp\">\n<div class=\"voc-article-container\">\n<article class=\"voc-article voc-article--cmp-photo-text\" readability=\"26\">\n<div class=\"voc-img-container\" readability=\"7\"> <picture>\n<div class=\"voc-horizontal voc-img-icon-link\"> <img loading=\"lazy\" src=\"http:\/\/hoycordobaweb.com\/wp-content\/uploads\/2024\/05\/el-look-de-victoria-federica-en-la-boda-de-su-primo-amalio-de-marichalar-sostenible-de-la-marca-de-su-prima-y-con-bolso-de-lujo-1.webp\" alt=\"Amalio de Marichalar y Carlota Viguera el d\u00eda de su boda. \" width=\"624\" height=\"624\"> <\/div>\n<\/picture>\n<p class=\"figure-caption \"> Amalio de Marichalar y Carlota Viguera el d\u00eda de su boda. \/ <span class=\"voc-photo-author\"> INSTAGRAM <\/span> <\/p>\n<\/p><\/div>\n<\/article><\/div>\n<\/div>\n<p class=\"voc-paragraph\">Ahora, la familia Marichalar ha vuelto a unirse para celebrar el enlace de Amalio y Carlota en otra cita que ha reunido a los numerosos primos de esta estirpe arist\u00f3crata que, a trav\u00e9s de <a data-voc-vtm-id=\"in-text-traffic\" href=\"https:\/\/www.mujerhoy.com\/temas\/personajes\/victoria-federica-de-marichalar-y-borbon.html\">Victoria Federica<\/a>, est\u00e1 tambi\u00e9n emparentada con la Familia Real. Una ocasi\u00f3n estupenda para volver a divertirse y emocionarse y en la que no se sabe si estuvo tambi\u00e9n el otro primo famoso, Froil\u00e1n. <\/p>\n<p class=\"voc-paragraph\">O si, por el contrario, ha tenido que quedarse en Abu Dabi, donde reside habitualmente al igual que su abuelo <a data-voc-vtm-id=\"in-text-traffic\" href=\"https:\/\/www.mujerhoy.com\/temas\/personajes\/don-juan-carlos-i-de-espana.html\">don Juan Carlos<\/a>. En cualquier caso, esta nueva boda en el Clan Marichalar ha sido una confirmaci\u00f3n de que la sobrina de<br \/>\n<a data-voc-vtm-id=\"in-text-traffic\" href=\"https:\/\/www.mujerhoy.com\/temas\/personajes\/rey-felipe-vi-de-espana.html\"> don Felipe<\/a> adora pasar tiempo con su familia. Ya sea la paterna o la materna, Victoria Federica siempre disfruta de estos encuentros. <\/p>\n<p> <!-- TOPICS --> <\/p>\n","protected":false},"excerpt":{"rendered":"<p>La temporada de bodas ha comenzado fuerte para Victoria Federica. Si hace apenas dos semanas acudi\u00f3 al enlace de su querida prima M\u00f3nica Coronel de Palma de Marichalar, este fin de semana se ha casado otro Amalio de Marichalar, otro de sus primos por parte de padre. La influencer y, seg\u00fan parece, pr\u00f3ximamente actriz, opt\u00f3 [&hellip;]<\/p>\n","protected":false},"author":1,"featured_media":78117,"comment_status":"closed","ping_status":"closed","sticky":false,"template":"","format":"standard","meta":[],"categories":[],"tags":[],"_links":{"self":[{"href":"http:\/\/hoycordobaweb.com\/index.php\/wp-json\/wp\/v2\/posts\/78116"}],"collection":[{"href":"http:\/\/hoycordobaweb.com\/index.php\/wp-json\/wp\/v2\/posts"}],"about":[{"href":"http:\/\/hoycordobaweb.com\/index.php\/wp-json\/wp\/v2\/types\/post"}],"author":[{"embeddable":true,"href":"http:\/\/hoycordobaweb.com\/index.php\/wp-json\/wp\/v2\/users\/1"}],"replies":[{"embeddable":true,"href":"http:\/\/hoycordobaweb.com\/index.php\/wp-json\/wp\/v2\/comments?post=78116"}],"version-history":[{"count":0,"href":"http:\/\/hoycordobaweb.com\/index.php\/wp-json\/wp\/v2\/posts\/78116\/revisions"}],"wp:featuredmedia":[{"embeddable":true,"href":"http:\/\/hoycordobaweb.com\/index.php\/wp-json\/wp\/v2\/media\/78117"}],"wp:attachment":[{"href":"http:\/\/hoycordobaweb.com\/index.php\/wp-json\/wp\/v2\/media?parent=78116"}],"wp:term":[{"taxonomy":"category","embeddable":true,"href":"http:\/\/hoycordobaweb.com\/index.php\/wp-json\/wp\/v2\/categories?post=78116"},{"taxonomy":"post_tag","embeddable":true,"href":"http:\/\/hoycordobaweb.com\/index.php\/wp-json\/wp\/v2\/tags?post=78116"}],"curies":[{"name":"wp","href":"https:\/\/api.w.org\/{rel}","templated":true}]}}